{"id":41925,"date":"2023-11-10T09:49:13","date_gmt":"2023-11-10T12:49:13","guid":{"rendered":"https:\/\/www.blogdomassinha.com.br\/v1\/?p=41925"},"modified":"2023-11-10T09:49:13","modified_gmt":"2023-11-10T12:49:13","slug":"waldenor-de-maos-dadas-com-jeronimo-lucia-sera-mesmo-vice","status":"publish","type":"post","link":"https:\/\/www.blogdomassinha.com.br\/v1\/2023\/11\/10\/waldenor-de-maos-dadas-com-jeronimo-lucia-sera-mesmo-vice\/","title":{"rendered":"Waldenor de m\u00e3os dadas com Jer\u00f4nimo! L\u00facia ser\u00e1 mesmo vice?"},"content":{"rendered":"<p class=\"p1\"><img loading=\"lazy\" class=\"alignright size-medium wp-image-41926\" src=\"https:\/\/www.blogdomassinha.com.br\/v1\/wp-content\/uploads\/2023\/11\/40aaefe4-32c1-498d-87cb-2c6b5f7c7ad1-300x243.jpeg\" alt=\"\" width=\"300\" height=\"243\" srcset=\"https:\/\/www.blogdomassinha.com.br\/v1\/wp-content\/uploads\/2023\/11\/40aaefe4-32c1-498d-87cb-2c6b5f7c7ad1-300x243.jpeg 300w, https:\/\/www.blogdomassinha.com.br\/v1\/wp-content\/uploads\/2023\/11\/40aaefe4-32c1-498d-87cb-2c6b5f7c7ad1.jpeg 600w\" sizes=\"(max-width: 300px) 100vw, 300px\" \/><\/p>\n<p class=\"p1\"><span class=\"s1\">O deputado Waldenor Pereira est\u00e1 mesmo determinado a ser candidato \u00e0 prefeito de Vit\u00f3ria da Conquista, e n\u00e3o \u00e9 simplesmente por sua vontade pr\u00f3pria, trata-se de uma determina\u00e7\u00e3o sua, claro, mas \u00e9 a disposi\u00e7\u00e3o do seu grupo pol\u00edtico, do seu n\u00facleo, daqueles que o seguem desde os tempos da UESB, colegas professores, ex-alunos e um time afinado consigo, militantes do PT de longas datas, sindicalistas, pessoas ligadas \u00e0 Igreja Cat\u00f3lica e, por incr\u00edvel que pare\u00e7a, o ilustre deputado conquistou o grupo liderado pelo ex-prefeito Guilherme Menezes. Muitos lhes eram hostis, hoje tudo mudou, creio at\u00e9 que em breves tempos o ex-prefeito de Conquista, filho de Igua\u00ed, se pronunciar\u00e1 favor\u00e1vel ao seu colega de partido disputar o cargo de prefeito de Vit\u00f3ria da Conquista.<\/span><\/p>\n<p class=\"p1\"><span class=\"s1\">xxxxxxxxxxxx<\/span><\/p>\n<p class=\"p1\"><span class=\"s1\">Ningu\u00e9m pode negar que a vinda do governador Jer\u00f4nimo Rodrigues \u00e0 nossa cidade, inclusive participando ativamente dos festejos de anivers\u00e1rio da nossa terra, tenha sido uma articula\u00e7\u00e3o do deputado. Algu\u00e9m poder\u00e1 at\u00e9 dizer: ele viria de qualquer jeito, afinal, Z\u00e9 Raimundo e Fabr\u00edcio Falc\u00e3o s\u00e3o parlamentares da base do governo, sendo que o primeiro \u00e9 do mesmo partido. S\u00f3 que o governador agendou tr\u00eas dias de perman\u00eancia em solo conquistense, anunciando ordens de servi\u00e7os e o que \u00e9 mais importante: entregando obras e mais: \u201ctenho algumas surpresas para anunciar, fiquem atentos\u201d, disse o governador.<\/span><\/p>\n<p class=\"p1\"><span class=\"s1\">xxxxxxxxxxxx<\/span><\/p>\n<p class=\"p1\"><span class=\"s1\">Na foto de capa os dois correligion\u00e1rios aparecem de m\u00e3os dadas, em sinal de muita intimidade e parceria, de compromisso, tipo: \u201destamos fechados, irm\u00e3o, voc\u00ea \u00e9 o candidato do nosso partido e da nossa base\u201d.<\/span><\/p>\n<p class=\"p1\"><span class=\"s1\">Isso \u00e9 o que j\u00e1 deve est\u00e1 passando pela cabe\u00e7a da vereadora L\u00facia, que v\u00ea, imagino eu, uma certa dificuldade em esperar que o seu nome venha a ser o escolhido para representar a base governista na disputa com a prefeita Sheila em outubro de 2024.<\/span><!--more--><\/p>\n<p class=\"p1\"><span class=\"s1\">Vale lembrar que existem outros nomes que buscam chegar a prefeitura de Conquista no pr\u00f3ximo ano, como o de Marcos Adriano (PDT), Abmael Brito (PSD), Washington Rodrigues (PL), Romilson Filho (PP), David Salom\u00e3o e Edilson Gusm\u00e3o.<\/span><\/p>\n<p class=\"p1\"><span class=\"s1\">xxxxxxxxxxxx<\/span><\/p>\n<p class=\"p1\"><span class=\"s1\">L\u00facia Rocha dentro desse contexto, como ela se comportar\u00e1? Vice ela n\u00e3o quer ser, de ningu\u00e9m, o seu principal padrinho, L\u00facio Vieira, n\u00e3o quer nem ouvir falar nessa possibilidade, e ele pergunta: \u201dvice como, se ela \u00e9 a primeira colocada em todas as pesquisas?\u201d. Para mim os dois disseram que n\u00e3o \u00e9 poss\u00edvel o PT n\u00e3o entender isso: \u201co MDB tem o nome mais forte do grupo, portanto, n\u00f3s vamos disputar a elei\u00e7\u00e3o com L\u00facia\u201c.<\/span><\/p>\n<p class=\"p1\"><span class=\"s1\">O governador Jer\u00f4nimo dever\u00e1 resolver isso facilmente, se j\u00e1 n\u00e3o resolveu.<\/span><\/p>\n","protected":false},"excerpt":{"rendered":"<p>O deputado Waldenor Pereira est\u00e1 mesmo determinado a ser candidato \u00e0 prefeito de Vit\u00f3ria da Conquista, e n\u00e3o \u00e9 simplesmente por sua vontade pr\u00f3pria, trata-se de uma determina\u00e7\u00e3o sua, claro, mas \u00e9 a disposi\u00e7\u00e3o do seu grupo pol\u00edtico, do seu n\u00facleo, daqueles que o seguem desde os tempos da UESB, colegas professores, ex-alunos e um [&hellip;]<\/p>\n","protected":false},"author":3,"featured_media":41926,"comment_status":"open","ping_status":"open","sticky":false,"template":"","format":"standard","meta":[],"categories":[7,2],"tags":[],"_links":{"self":[{"href":"https:\/\/www.blogdomassinha.com.br\/v1\/wp-json\/wp\/v2\/posts\/41925"}],"collection":[{"href":"https:\/\/www.blogdomassinha.com.br\/v1\/wp-json\/wp\/v2\/posts"}],"about":[{"href":"https:\/\/www.blogdomassinha.com.br\/v1\/wp-json\/wp\/v2\/types\/post"}],"author":[{"embeddable":true,"href":"https:\/\/www.blogdomassinha.com.br\/v1\/wp-json\/wp\/v2\/users\/3"}],"replies":[{"embeddable":true,"href":"https:\/\/www.blogdomassinha.com.br\/v1\/wp-json\/wp\/v2\/comments?post=41925"}],"version-history":[{"count":1,"href":"https:\/\/www.blogdomassinha.com.br\/v1\/wp-json\/wp\/v2\/posts\/41925\/revisions"}],"predecessor-version":[{"id":41927,"href":"https:\/\/www.blogdomassinha.com.br\/v1\/wp-json\/wp\/v2\/posts\/41925\/revisions\/41927"}],"wp:featuredmedia":[{"embeddable":true,"href":"https:\/\/www.blogdomassinha.com.br\/v1\/wp-json\/wp\/v2\/media\/41926"}],"wp:attachment":[{"href":"https:\/\/www.blogdomassinha.com.br\/v1\/wp-json\/wp\/v2\/media?parent=41925"}],"wp:term":[{"taxonomy":"category","embeddable":true,"href":"https:\/\/www.blogdomassinha.com.br\/v1\/wp-json\/wp\/v2\/categories?post=41925"},{"taxonomy":"post_tag","embeddable":true,"href":"https:\/\/www.blogdomassinha.com.br\/v1\/wp-json\/wp\/v2\/tags?post=41925"}],"curies":[{"name":"wp","href":"https:\/\/api.w.org\/{rel}","templated":true}]}}