{"id":41686,"date":"2023-11-01T16:13:25","date_gmt":"2023-11-01T19:13:25","guid":{"rendered":"https:\/\/www.blogdomassinha.com.br\/v1\/?p=41686"},"modified":"2023-11-01T16:13:25","modified_gmt":"2023-11-01T19:13:25","slug":"leo-prates-conquistense-deputado-federal-ex-secretario-de-saude-de-salvador-sera-nosso-entrevistado-hoje-no-agito-geral","status":"publish","type":"post","link":"https:\/\/www.blogdomassinha.com.br\/v1\/2023\/11\/01\/leo-prates-conquistense-deputado-federal-ex-secretario-de-saude-de-salvador-sera-nosso-entrevistado-hoje-no-agito-geral\/","title":{"rendered":"Leo Prates, conquistense, deputado federal, ex-secret\u00e1rio de Sa\u00fade de Salvador, ser\u00e1 nosso entrevistado hoje no Agito Geral!"},"content":{"rendered":"<p class=\"p1\"><img loading=\"lazy\" class=\"size-medium wp-image-35508 alignleft\" src=\"https:\/\/www.blogdomassinha.com.br\/v1\/wp-content\/uploads\/2022\/08\/Leo_Prates_foto__julianaandrade_1_2_3_4_5_6-300x200.jpg\" alt=\"\" width=\"300\" height=\"200\" srcset=\"https:\/\/www.blogdomassinha.com.br\/v1\/wp-content\/uploads\/2022\/08\/Leo_Prates_foto__julianaandrade_1_2_3_4_5_6-300x200.jpg 300w, https:\/\/www.blogdomassinha.com.br\/v1\/wp-content\/uploads\/2022\/08\/Leo_Prates_foto__julianaandrade_1_2_3_4_5_6-1024x683.jpg 1024w, https:\/\/www.blogdomassinha.com.br\/v1\/wp-content\/uploads\/2022\/08\/Leo_Prates_foto__julianaandrade_1_2_3_4_5_6.jpg 1140w\" sizes=\"(max-width: 300px) 100vw, 300px\" \/><\/p>\n<p class=\"p1\"><span class=\"s1\">Durante a pandemia Leo mostrou para todo o estado a sua compet\u00eancia como secret\u00e1rio de Sa\u00fade de Salvador, suas apari\u00e7\u00f5es nos canais de televis\u00e3o deram-lhe oportunidade de expor para todo o estado a sua habilidade de relacionar com o governo de Rui Costa, dialogando com o pr\u00f3prio governador e com o ent\u00e3o secret\u00e1rio de Sa\u00fade F\u00e1bio Vilas Boas.<\/span><\/p>\n<p class=\"p1\"><span class=\"s1\">Os soteropolitanos j\u00e1 reconheciam no nosso conterr\u00e2neo um grande profissional e um extraordin\u00e1rio ser humano, mas para os baianos o verem assim tamb\u00e9m foi preciso que a COVID abalasse o mundo e a Bahia.<\/span><\/p>\n<p class=\"p1\"><span class=\"s1\">Quando Leo Prates fora indicado para receber a Comenda 2 de Julho, a mais importante honraria da Assembleia Legislativa, os nobres deputados o indicaram por entenderem que o jovem pol\u00edtico, membro do PDT, teve uma atua\u00e7\u00e3o destacada como secret\u00e1rio de Sa\u00fade do munic\u00edpio de Salvador.<\/span><!--more--><\/p>\n<p class=\"p1\"><span class=\"s1\">\u00c9 bom ressaltar que o governo do estado e a prefeitura de Salvador deram um exemplo de civilidade durante a pandemia, trabalharam em harmonia, de forma integrada, superando qualquer dificuldade de ordem partid\u00e1ria\/ideol\u00f3gica, e a\u00ed est\u00e1 a resposta do universo pol\u00edtico, quando os colegas outorgam-lhe a Comenda 2 de Julho e o povo manifesta seu reconhecimento dando-lhe uma expressiva vota\u00e7\u00e3o de mais de 154 mil votos, lembrando que Leo foi o deputado mais votado na capital.<\/span><\/p>\n<p class=\"p1\"><span class=\"s1\">Hoje, \u00e0s sete da noite, na r\u00e1dio UP! 100.1, conversarei com Leo sobre diversos assuntos e voc\u00ea \u00e9 o nosso convidado especial para ouvir o Agito Geral.<\/span><\/p>\n","protected":false},"excerpt":{"rendered":"<p>Durante a pandemia Leo mostrou para todo o estado a sua compet\u00eancia como secret\u00e1rio de Sa\u00fade de Salvador, suas apari\u00e7\u00f5es nos canais de televis\u00e3o deram-lhe oportunidade de expor para todo o estado a sua habilidade de relacionar com o governo de Rui Costa, dialogando com o pr\u00f3prio governador e com o ent\u00e3o secret\u00e1rio de Sa\u00fade [&hellip;]<\/p>\n","protected":false},"author":3,"featured_media":35508,"comment_status":"open","ping_status":"open","sticky":false,"template":"","format":"standard","meta":[],"categories":[7,1],"tags":[],"_links":{"self":[{"href":"https:\/\/www.blogdomassinha.com.br\/v1\/wp-json\/wp\/v2\/posts\/41686"}],"collection":[{"href":"https:\/\/www.blogdomassinha.com.br\/v1\/wp-json\/wp\/v2\/posts"}],"about":[{"href":"https:\/\/www.blogdomassinha.com.br\/v1\/wp-json\/wp\/v2\/types\/post"}],"author":[{"embeddable":true,"href":"https:\/\/www.blogdomassinha.com.br\/v1\/wp-json\/wp\/v2\/users\/3"}],"replies":[{"embeddable":true,"href":"https:\/\/www.blogdomassinha.com.br\/v1\/wp-json\/wp\/v2\/comments?post=41686"}],"version-history":[{"count":1,"href":"https:\/\/www.blogdomassinha.com.br\/v1\/wp-json\/wp\/v2\/posts\/41686\/revisions"}],"predecessor-version":[{"id":41687,"href":"https:\/\/www.blogdomassinha.com.br\/v1\/wp-json\/wp\/v2\/posts\/41686\/revisions\/41687"}],"wp:featuredmedia":[{"embeddable":true,"href":"https:\/\/www.blogdomassinha.com.br\/v1\/wp-json\/wp\/v2\/media\/35508"}],"wp:attachment":[{"href":"https:\/\/www.blogdomassinha.com.br\/v1\/wp-json\/wp\/v2\/media?parent=41686"}],"wp:term":[{"taxonomy":"category","embeddable":true,"href":"https:\/\/www.blogdomassinha.com.br\/v1\/wp-json\/wp\/v2\/categories?post=41686"},{"taxonomy":"post_tag","embeddable":true,"href":"https:\/\/www.blogdomassinha.com.br\/v1\/wp-json\/wp\/v2\/tags?post=41686"}],"curies":[{"name":"wp","href":"https:\/\/api.w.org\/{rel}","templated":true}]}}