{"id":41085,"date":"2023-09-28T20:56:47","date_gmt":"2023-09-28T23:56:47","guid":{"rendered":"https:\/\/www.blogdomassinha.com.br\/v1\/?p=41085"},"modified":"2023-09-28T20:56:47","modified_gmt":"2023-09-28T23:56:47","slug":"direcao-nacional-pdt-aprova-indicativo-para-criacao-grupo-de-protecao-a-causa-animal-e-para-pessoas-com-deficiencia","status":"publish","type":"post","link":"https:\/\/www.blogdomassinha.com.br\/v1\/2023\/09\/28\/direcao-nacional-pdt-aprova-indicativo-para-criacao-grupo-de-protecao-a-causa-animal-e-para-pessoas-com-deficiencia\/","title":{"rendered":"Dire\u00e7\u00e3o nacional PDT aprova indicativo para cria\u00e7\u00e3o grupo de prote\u00e7\u00e3o \u00e0 causa animal e para pessoas com defici\u00eancia"},"content":{"rendered":"<p class=\"p1\"><img loading=\"lazy\" class=\"alignright size-medium wp-image-35508\" src=\"https:\/\/www.blogdomassinha.com.br\/v1\/wp-content\/uploads\/2022\/08\/Leo_Prates_foto__julianaandrade_1_2_3_4_5_6-300x200.jpg\" alt=\"\" width=\"300\" height=\"200\" srcset=\"https:\/\/www.blogdomassinha.com.br\/v1\/wp-content\/uploads\/2022\/08\/Leo_Prates_foto__julianaandrade_1_2_3_4_5_6-300x200.jpg 300w, https:\/\/www.blogdomassinha.com.br\/v1\/wp-content\/uploads\/2022\/08\/Leo_Prates_foto__julianaandrade_1_2_3_4_5_6-1024x683.jpg 1024w, https:\/\/www.blogdomassinha.com.br\/v1\/wp-content\/uploads\/2022\/08\/Leo_Prates_foto__julianaandrade_1_2_3_4_5_6.jpg 1140w\" sizes=\"(max-width: 300px) 100vw, 300px\" \/><\/p>\n<p class=\"p1\"><span class=\"s1\">A Executiva Nacional do PDT deliberou sobre alguns pontos estrat\u00e9gicos para a organiza\u00e7\u00e3o partid\u00e1ria e aprovou dois indicativos para a cria\u00e7\u00e3o de um grupo destinado \u00e0 causa animal e \u00e0s pessoas com defici\u00eancia.<\/span><\/p>\n<p class=\"p1\"><span class=\"s1\">O deputado federal Leo Prates participou da reuni\u00e3o e elogiou a iniciativa. \u201cDefendi junto \u00e0 dire\u00e7\u00e3o do partido a cria\u00e7\u00e3o destas \u00e1reas, pois o bem-estar da fauna animal contribui para o equil\u00edbrio social e evita uma s\u00e9rie de problemas de sa\u00fade p\u00fablica. E tamb\u00e9m levar dignidade \u00e0s pessoas com defici\u00eancia\u201d, defendeu Leo.<\/span><\/p>\n<p class=\"p1\"><span class=\"s1\">O encontro foi conduzido pelo presidente nacional do PDT em exerc\u00edcio, deputado federal Andr\u00e9 Figueiredo, e pelo presidente nacional da Funda\u00e7\u00e3o Leonel Brizola \u2013 Alberto Pasqualini (FLB-AP), Manoel Dias. O ministro da Previd\u00eancia Social, Carlos Lupi, esteve entre os convidados que participaram do encontro.<\/span><\/p>\n","protected":false},"excerpt":{"rendered":"<p>A Executiva Nacional do PDT deliberou sobre alguns pontos estrat\u00e9gicos para a organiza\u00e7\u00e3o partid\u00e1ria e aprovou dois indicativos para a cria\u00e7\u00e3o de um grupo destinado \u00e0 causa animal e \u00e0s pessoas com defici\u00eancia. O deputado federal Leo Prates participou da reuni\u00e3o e elogiou a iniciativa. \u201cDefendi junto \u00e0 dire\u00e7\u00e3o do partido a cria\u00e7\u00e3o destas \u00e1reas, [&hellip;]<\/p>\n","protected":false},"author":3,"featured_media":35508,"comment_status":"open","ping_status":"open","sticky":false,"template":"","format":"standard","meta":[],"categories":[7,2],"tags":[],"_links":{"self":[{"href":"https:\/\/www.blogdomassinha.com.br\/v1\/wp-json\/wp\/v2\/posts\/41085"}],"collection":[{"href":"https:\/\/www.blogdomassinha.com.br\/v1\/wp-json\/wp\/v2\/posts"}],"about":[{"href":"https:\/\/www.blogdomassinha.com.br\/v1\/wp-json\/wp\/v2\/types\/post"}],"author":[{"embeddable":true,"href":"https:\/\/www.blogdomassinha.com.br\/v1\/wp-json\/wp\/v2\/users\/3"}],"replies":[{"embeddable":true,"href":"https:\/\/www.blogdomassinha.com.br\/v1\/wp-json\/wp\/v2\/comments?post=41085"}],"version-history":[{"count":1,"href":"https:\/\/www.blogdomassinha.com.br\/v1\/wp-json\/wp\/v2\/posts\/41085\/revisions"}],"predecessor-version":[{"id":41086,"href":"https:\/\/www.blogdomassinha.com.br\/v1\/wp-json\/wp\/v2\/posts\/41085\/revisions\/41086"}],"wp:featuredmedia":[{"embeddable":true,"href":"https:\/\/www.blogdomassinha.com.br\/v1\/wp-json\/wp\/v2\/media\/35508"}],"wp:attachment":[{"href":"https:\/\/www.blogdomassinha.com.br\/v1\/wp-json\/wp\/v2\/media?parent=41085"}],"wp:term":[{"taxonomy":"category","embeddable":true,"href":"https:\/\/www.blogdomassinha.com.br\/v1\/wp-json\/wp\/v2\/categories?post=41085"},{"taxonomy":"post_tag","embeddable":true,"href":"https:\/\/www.blogdomassinha.com.br\/v1\/wp-json\/wp\/v2\/tags?post=41085"}],"curies":[{"name":"wp","href":"https:\/\/api.w.org\/{rel}","templated":true}]}}