{"id":41074,"date":"2023-09-27T20:46:24","date_gmt":"2023-09-27T23:46:24","guid":{"rendered":"https:\/\/www.blogdomassinha.com.br\/v1\/?p=41074"},"modified":"2023-09-27T20:46:24","modified_gmt":"2023-09-27T23:46:24","slug":"com-votos-contrarios-de-vereadores-da-base-governo-municipal-perde-projeto-que-pagaria-divida-a-empresa-do-grupo-bandeirantes-de-radio","status":"publish","type":"post","link":"https:\/\/www.blogdomassinha.com.br\/v1\/2023\/09\/27\/com-votos-contrarios-de-vereadores-da-base-governo-municipal-perde-projeto-que-pagaria-divida-a-empresa-do-grupo-bandeirantes-de-radio\/","title":{"rendered":"Com votos contr\u00e1rios de vereadores da base, governo municipal perde projeto que pagaria d\u00edvida a empresa do Grupo Bandeirantes de R\u00e1dio"},"content":{"rendered":"<p class=\"p1\"><img loading=\"lazy\" class=\"alignright size-medium wp-image-41075\" src=\"https:\/\/www.blogdomassinha.com.br\/v1\/wp-content\/uploads\/2023\/09\/IMG_3386-300x300.jpeg\" alt=\"\" width=\"300\" height=\"300\" srcset=\"https:\/\/www.blogdomassinha.com.br\/v1\/wp-content\/uploads\/2023\/09\/IMG_3386-300x300.jpeg 300w, https:\/\/www.blogdomassinha.com.br\/v1\/wp-content\/uploads\/2023\/09\/IMG_3386-150x150.jpeg 150w, https:\/\/www.blogdomassinha.com.br\/v1\/wp-content\/uploads\/2023\/09\/IMG_3386.jpeg 500w\" sizes=\"(max-width: 300px) 100vw, 300px\" \/><\/p>\n<p class=\"p1\"><span class=\"s1\">O exerc\u00edcio da democracia foi a t\u00f4nica da sess\u00e3o de hoje no legislativo conquistense. Ainda bem que ainda podemos vivenciar a liberdade de express\u00e3o, o direito de votar, favor\u00e1vel ou n\u00e3o, mesmo que n\u00e3o contrarie os altos escal\u00f5es dos governos, como foi o caso dos vereadores Edvaldo Ferreira J\u00fanior, Marcus Vin\u00edcius, Nildo Freitas, Tenente Muniz e Adenilson do Prado.<\/span><\/p>\n<p class=\"p1\"><span class=\"s1\">\u00c9 claro que todos ser\u00e3o avaliados pelos eleitores, principalmente por aqueles que n\u00e3o abrem m\u00e3o dos princ\u00edpios de lealdade partid\u00e1ria e, \u00e0s vezes, at\u00e9 ideol\u00f3gica.<\/span><\/p>\n<p class=\"p1\"><span class=\"s1\">\u00c9 bom lembrar que existe o voto de consci\u00eancia, o que pode ter sido o que aconteceu, por exemplo, com o vereador Nildo Freitas: \u201ceu continuo com a prefeita Sheila, continuo na sua base, s\u00f3 se ela n\u00e3o me quiser. Esse projeto careceu de maiores explica\u00e7\u00f5es, viemos pra c\u00e1 de forma desorganizada\u201d, disse o vereador evang\u00e9lico, e que tamb\u00e9m foi l\u00edder da bancada.<\/span><\/p>\n<p class=\"p1\"><span class=\"s1\">xxxxxxxxxxxx<\/span><\/p>\n<p class=\"p1\"><span class=\"s1\">\u201cAqui come\u00e7a a sucess\u00e3o municipal, o que o PT quer \u00e9 prejudicar a prefeita Sheila, eles n\u00e3o est\u00e3o preocupados com a cidade, s\u00f3 que n\u00e3o ficar\u00e3o falando sozinhos\u201d, disse o vereador Chico Estrella, dedo em riste, em desafio aos colegas da oposi\u00e7\u00e3o Jacar\u00e9, Xand\u00f3, Viviane, Waldemir, Andresson, Luciano, Bab\u00e3o e L\u00facia.<\/span><\/p>\n<p class=\"p1\"><span class=\"s1\">xxxxxxxxxxxx<\/span><\/p>\n<p class=\"p1\"><span class=\"s1\">A prefeita Sheila Lemos se manteve afastada do processo, pelo menos ela n\u00e3o dera uma entrevista sobre o assunto, nem \u00e0s r\u00e1dios, tv e blogs, deixou a \u201c\u00e1gua correr solta\u201d, talvez n\u00e3o imaginasse que alguns correligion\u00e1rios votassem contra o projeto. Quando o presidente Herm\u00ednio Oliveira pediu aos vereadores contr\u00e1rios ao projeto para que se levantassem, confesso que tomei um susto ao ver tanta gente da situa\u00e7\u00e3o ficar de p\u00e9.<\/span><!--more--><\/p>\n<p class=\"p1\"><span class=\"s1\">xxxxxxxxxxxx<\/span><\/p>\n<p class=\"p1\"><span class=\"s1\">Plen\u00e1rio cheio, p\u00fablico participativo, afinal, o que consta no corpo desse Projeto de Lei que o executivo enviou para o legislativo apreciar? Ora, a permuta de v\u00e1rios terrenos que a prefeitura propunha saudar uma d\u00edvida antiga que o munic\u00edpio tem com uma empresa local despertou o interesse da popula\u00e7\u00e3o. \u201cN\u00e3o podemos permitir que isso aconte\u00e7a, ser\u00e1 um preju\u00edzo imenso para o povo de Conquista\u201d, vociferou um dos presentes no plen\u00e1rio.<\/span><\/p>\n<p class=\"p1\"><span class=\"s1\">\u201cN\u00e3o tenho medo de nenhum de voc\u00eas, e muito menos da imprensa que ficou durante a semana amea\u00e7ando os vereadores, discursou o edil Ivan Cordeiro.<\/span><\/p>\n<p class=\"p1\"><span class=\"s1\">xxxxxxxxxxxx<\/span><\/p>\n<p class=\"p1\"><span class=\"s1\">Quem surpreendeu o p\u00fablico presente em ter votado favor\u00e1vel a aprova\u00e7\u00e3o do projeto foi o m\u00e9dico Augusto C\u00e2ndido, irm\u00e3o do ex-secret\u00e1rio de Educa\u00e7\u00e3o, Esmeraldino Correia, e que vem mantendo uma rela\u00e7\u00e3o estremecida com a administra\u00e7\u00e3o.<\/span><\/p>\n<p class=\"p1\"><span class=\"s1\">\u201cEu n\u00e3o era vereador e se fosse votaria contra, porque considero errado aquela permuta\u201d, disse o vereador Alexandre Xand\u00f3, quando Chico Estrella disse que \u201c\u00e9 muita demagogia do PT, eles votaram favor\u00e1vel a permuta do Clube Social com o terreno do Vila Am\u00e9rica, aquilo \u00e9 que foi uma imoralidade\u201d, disse Chico.<\/span><\/p>\n<p class=\"p1\"><span class=\"s1\">xxxxxxxxxxxx<\/span><\/p>\n<p class=\"p1\"><span class=\"s1\">E assim aconteceu a sess\u00e3o de hoje na C\u00e2mara de Vereadores de nossa cidade, um embate \u00e9pico, sinalizando como ser\u00e1 daqui pra frente at\u00e9 chegar outubro de 2024, quando ocorrer\u00e1 a disputa pela prefeitura de Vit\u00f3ria da Conquista.<\/span><\/p>\n<p class=\"p1\"><span class=\"s1\">Uma coisa \u00e9 certa: Dud\u00e9 e Bibia v\u00e3o buscar juntar os cacos, os dois dever\u00e3o reunir com a prefeita para entender o que aconteceu.<\/span><\/p>\n","protected":false},"excerpt":{"rendered":"<p>O exerc\u00edcio da democracia foi a t\u00f4nica da sess\u00e3o de hoje no legislativo conquistense. Ainda bem que ainda podemos vivenciar a liberdade de express\u00e3o, o direito de votar, favor\u00e1vel ou n\u00e3o, mesmo que n\u00e3o contrarie os altos escal\u00f5es dos governos, como foi o caso dos vereadores Edvaldo Ferreira J\u00fanior, Marcus Vin\u00edcius, Nildo Freitas, Tenente Muniz [&hellip;]<\/p>\n","protected":false},"author":3,"featured_media":41075,"comment_status":"open","ping_status":"open","sticky":false,"template":"","format":"standard","meta":[],"categories":[7,2],"tags":[],"_links":{"self":[{"href":"https:\/\/www.blogdomassinha.com.br\/v1\/wp-json\/wp\/v2\/posts\/41074"}],"collection":[{"href":"https:\/\/www.blogdomassinha.com.br\/v1\/wp-json\/wp\/v2\/posts"}],"about":[{"href":"https:\/\/www.blogdomassinha.com.br\/v1\/wp-json\/wp\/v2\/types\/post"}],"author":[{"embeddable":true,"href":"https:\/\/www.blogdomassinha.com.br\/v1\/wp-json\/wp\/v2\/users\/3"}],"replies":[{"embeddable":true,"href":"https:\/\/www.blogdomassinha.com.br\/v1\/wp-json\/wp\/v2\/comments?post=41074"}],"version-history":[{"count":1,"href":"https:\/\/www.blogdomassinha.com.br\/v1\/wp-json\/wp\/v2\/posts\/41074\/revisions"}],"predecessor-version":[{"id":41076,"href":"https:\/\/www.blogdomassinha.com.br\/v1\/wp-json\/wp\/v2\/posts\/41074\/revisions\/41076"}],"wp:featuredmedia":[{"embeddable":true,"href":"https:\/\/www.blogdomassinha.com.br\/v1\/wp-json\/wp\/v2\/media\/41075"}],"wp:attachment":[{"href":"https:\/\/www.blogdomassinha.com.br\/v1\/wp-json\/wp\/v2\/media?parent=41074"}],"wp:term":[{"taxonomy":"category","embeddable":true,"href":"https:\/\/www.blogdomassinha.com.br\/v1\/wp-json\/wp\/v2\/categories?post=41074"},{"taxonomy":"post_tag","embeddable":true,"href":"https:\/\/www.blogdomassinha.com.br\/v1\/wp-json\/wp\/v2\/tags?post=41074"}],"curies":[{"name":"wp","href":"https:\/\/api.w.org\/{rel}","templated":true}]}}