{"id":41015,"date":"2023-09-22T20:52:24","date_gmt":"2023-09-22T23:52:24","guid":{"rendered":"https:\/\/www.blogdomassinha.com.br\/v1\/?p=41015"},"modified":"2023-09-23T09:51:13","modified_gmt":"2023-09-23T12:51:13","slug":"ivete-lanca-o-projeto-3-0-reivete-se-o-evento-aconteceu-no-final-da-tarde-de-ontem-em-sao-paulo","status":"publish","type":"post","link":"https:\/\/www.blogdomassinha.com.br\/v1\/2023\/09\/22\/ivete-lanca-o-projeto-3-0-reivete-se-o-evento-aconteceu-no-final-da-tarde-de-ontem-em-sao-paulo\/","title":{"rendered":"Ivete lan\u00e7a o projeto 3.0 REIVETE-SE. O evento aconteceu no final da tarde de ontem em S\u00e3o Paulo"},"content":{"rendered":"<p class=\"p1\"><img loading=\"lazy\" class=\"alignright size-medium wp-image-41016\" src=\"https:\/\/www.blogdomassinha.com.br\/v1\/wp-content\/uploads\/2023\/09\/IMG_3273-239x300.jpeg\" alt=\"\" width=\"239\" height=\"300\" srcset=\"https:\/\/www.blogdomassinha.com.br\/v1\/wp-content\/uploads\/2023\/09\/IMG_3273-239x300.jpeg 239w, https:\/\/www.blogdomassinha.com.br\/v1\/wp-content\/uploads\/2023\/09\/IMG_3273.jpeg 399w\" sizes=\"(max-width: 239px) 100vw, 239px\" \/><\/p>\n<p class=\"p1\"><span class=\"s1\">A filha ilustre de Juazeiro, a baiana Ivete Sangalo, parece que est\u00e1 come\u00e7ando a sua carreira que, por incr\u00edvel que pare\u00e7a, em 2024 completa tr\u00eas d\u00e9cadas, portanto, 30 anos, e que ela pr\u00f3pria deu o sugestivo nome REIVETE-SE, e\/ou 3.0, que foi apresentada ontem em S\u00e3o Paulo na Varanda Estaiada para a imprensa, parceiros, influencers e f\u00e3s. <\/span><\/p>\n<p class=\"p1\"><span class=\"s1\">Ivete segue uma carreira vitoriosa desde os tempos da Banda Eva, com sua voz marcante, afinada, bonita, simp\u00e1tica e dona de um carisma impressionante, come\u00e7ou a descobrir os palcos do Brasil, concomitante subia nos trios el\u00e9tricos e atr\u00e1s de si comandava foli\u00f5es enlouquecidos com as m\u00fasicas cantadas por aquela bela morena.<\/span><\/p>\n<p><img loading=\"lazy\" class=\"size-medium wp-image-41017 alignleft\" src=\"https:\/\/www.blogdomassinha.com.br\/v1\/wp-content\/uploads\/2023\/09\/IMG_3275-244x300.jpeg\" alt=\"\" width=\"244\" height=\"300\" srcset=\"https:\/\/www.blogdomassinha.com.br\/v1\/wp-content\/uploads\/2023\/09\/IMG_3275-244x300.jpeg 244w, https:\/\/www.blogdomassinha.com.br\/v1\/wp-content\/uploads\/2023\/09\/IMG_3275.jpeg 406w\" sizes=\"(max-width: 244px) 100vw, 244px\" \/><\/p>\n<p class=\"p1\"><span class=\"s1\">O talento de Ivete sempre foi o seu principal ingrediente para convencer o mercado musical, o show business, de que valia (vale) a pena investir em seu nome, o retorno sempre seria e ser\u00e1 certo. <\/span><\/p>\n<p class=\"p1\"><span class=\"s1\">O projeto que Ivete apresentou para os convidados \u00e9 algo que combina muito bem com uma mulher decidida, com uma empres\u00e1ria vision\u00e1ria, \u00e9 resultado de quem venceu obst\u00e1culos, desafios, que busca sempre dar um passo \u00e0 frente, que quer sempre vencer, sem pisar nos iguais, sem ser predat\u00f3ria, \u00e9 coisa de mulher guerreira, espartana.<\/span><!--more--><\/p>\n<p><img loading=\"lazy\" class=\"alignright size-medium wp-image-41019\" src=\"https:\/\/www.blogdomassinha.com.br\/v1\/wp-content\/uploads\/2023\/09\/IMG_3276-241x300.jpeg\" alt=\"\" width=\"241\" height=\"300\" srcset=\"https:\/\/www.blogdomassinha.com.br\/v1\/wp-content\/uploads\/2023\/09\/IMG_3276-241x300.jpeg 241w, https:\/\/www.blogdomassinha.com.br\/v1\/wp-content\/uploads\/2023\/09\/IMG_3276.jpeg 402w\" sizes=\"(max-width: 241px) 100vw, 241px\" \/><\/p>\n<p class=\"p1\"><span class=\"s1\">xxxxxxxxxxxx<\/span><\/p>\n<p class=\"p1\"><span class=\"s1\">Ser\u00e3o 30 shows na turn\u00ea que Ivete apresentar\u00e1 pelo Brasil em 2024, e tudo vem sendo preparado com muito carinho atrav\u00e9s da IESSI, tendo \u00e0 frente a artista e sua insepar\u00e1vel irm\u00e3 Cynthia Sangalo, que quando crian\u00e7a arrajanva confus\u00f5es na escola e pedia Ivete pra resolver: \u201ctudo isso que voc\u00eas assistem aqui \u00e9 fruto de muito trabalho. Acompanho tudo, participo, mas \u00e9 um trabalho coletivo, \u00e9 a turma da IESSI. Agrade\u00e7o todos voc\u00eas, meus f\u00e3s, meus m\u00fasicos, Dito que cuida de mim, deve estar no camarim, e ela, minha irm\u00e3, minha companheira de sempre, presente em tudo em minha vida. Venha c\u00e1, Cynthia, palmas para Cynthia Sangalo. E ela me dizia: Ivetinha, tem um menino na escola que quer me bater, e eu ia l\u00e1 e resolvia as paradas pra ela\u201d, falou a artista para o p\u00fablico que reagiu com belas risadas.<\/span><\/p>\n<p class=\"p1\"><span class=\"s1\">xxxxxxxxxxxx<\/span><\/p>\n<p class=\"p1\"><span class=\"s1\">Trinta est\u00e1dios do pa\u00eds foram mapeados, foram escolhidos para receber os trinta shows da turn\u00ea comemorativos das tr\u00eas d\u00e9cadas da carreira da maior artista do Brasil, cujo lan\u00e7amento oficial ser\u00e1 no dia 20 de dezembro de 2023, no Maracan\u00e3, com transmiss\u00e3o da Rede Globo. Ali\u00e1s, esteve presente ao evento o diretor da emissora de maior audi\u00eancia do pa\u00eds, o Boninho, que quase conta todos os segredos que Ivete j\u00e1 tem programados com a Globo daqui pra frente.<\/span><\/p>\n<p><img loading=\"lazy\" class=\"size-medium wp-image-41018 alignleft\" src=\"https:\/\/www.blogdomassinha.com.br\/v1\/wp-content\/uploads\/2023\/09\/IMG_3274-241x300.jpeg\" alt=\"\" width=\"241\" height=\"300\" srcset=\"https:\/\/www.blogdomassinha.com.br\/v1\/wp-content\/uploads\/2023\/09\/IMG_3274-241x300.jpeg 241w, https:\/\/www.blogdomassinha.com.br\/v1\/wp-content\/uploads\/2023\/09\/IMG_3274.jpeg 402w\" sizes=\"(max-width: 241px) 100vw, 241px\" \/><\/p>\n<p class=\"p1\"><span class=\"s1\">xxxxxxxxxxxx<\/span><\/p>\n<p class=\"p1\"><span class=\"s1\">Ivete j\u00e1 alcan\u00e7ou o sucesso que todos os artistas gostariam de conseguir, j\u00e1 \u00e9 consagrada, poderia, se quisesse, parar de cantar (e os f\u00e3s deixariam?). O certo \u00e9 que ela tem f\u00f4lego e vontade para mais trinta anos, ent\u00e3o vamos todos trocar as pilhas, porque Ivete vem a\u00ed com energia renovada, cheia de g\u00e1s, ent\u00e3o quem gosta de folia pode preparar que vem muita coisa boa por a\u00ed!<\/span><\/p>\n","protected":false},"excerpt":{"rendered":"<p>A filha ilustre de Juazeiro, a baiana Ivete Sangalo, parece que est\u00e1 come\u00e7ando a sua carreira que, por incr\u00edvel que pare\u00e7a, em 2024 completa tr\u00eas d\u00e9cadas, portanto, 30 anos, e que ela pr\u00f3pria deu o sugestivo nome REIVETE-SE, e\/ou 3.0, que foi apresentada ontem em S\u00e3o Paulo na Varanda Estaiada para a imprensa, parceiros, influencers [&hellip;]<\/p>\n","protected":false},"author":3,"featured_media":41016,"comment_status":"open","ping_status":"open","sticky":false,"template":"","format":"standard","meta":[],"categories":[7,1],"tags":[],"_links":{"self":[{"href":"https:\/\/www.blogdomassinha.com.br\/v1\/wp-json\/wp\/v2\/posts\/41015"}],"collection":[{"href":"https:\/\/www.blogdomassinha.com.br\/v1\/wp-json\/wp\/v2\/posts"}],"about":[{"href":"https:\/\/www.blogdomassinha.com.br\/v1\/wp-json\/wp\/v2\/types\/post"}],"author":[{"embeddable":true,"href":"https:\/\/www.blogdomassinha.com.br\/v1\/wp-json\/wp\/v2\/users\/3"}],"replies":[{"embeddable":true,"href":"https:\/\/www.blogdomassinha.com.br\/v1\/wp-json\/wp\/v2\/comments?post=41015"}],"version-history":[{"count":2,"href":"https:\/\/www.blogdomassinha.com.br\/v1\/wp-json\/wp\/v2\/posts\/41015\/revisions"}],"predecessor-version":[{"id":41024,"href":"https:\/\/www.blogdomassinha.com.br\/v1\/wp-json\/wp\/v2\/posts\/41015\/revisions\/41024"}],"wp:featuredmedia":[{"embeddable":true,"href":"https:\/\/www.blogdomassinha.com.br\/v1\/wp-json\/wp\/v2\/media\/41016"}],"wp:attachment":[{"href":"https:\/\/www.blogdomassinha.com.br\/v1\/wp-json\/wp\/v2\/media?parent=41015"}],"wp:term":[{"taxonomy":"category","embeddable":true,"href":"https:\/\/www.blogdomassinha.com.br\/v1\/wp-json\/wp\/v2\/categories?post=41015"},{"taxonomy":"post_tag","embeddable":true,"href":"https:\/\/www.blogdomassinha.com.br\/v1\/wp-json\/wp\/v2\/tags?post=41015"}],"curies":[{"name":"wp","href":"https:\/\/api.w.org\/{rel}","templated":true}]}}