{"id":41011,"date":"2023-09-22T11:29:51","date_gmt":"2023-09-22T14:29:51","guid":{"rendered":"https:\/\/www.blogdomassinha.com.br\/v1\/?p=41011"},"modified":"2023-09-22T11:42:18","modified_gmt":"2023-09-22T14:42:18","slug":"adauto-quadros-partiu","status":"publish","type":"post","link":"https:\/\/www.blogdomassinha.com.br\/v1\/2023\/09\/22\/adauto-quadros-partiu\/","title":{"rendered":"Adauto Quadros partiu"},"content":{"rendered":"<p class=\"p1\"><span class=\"s1\"><img loading=\"lazy\" class=\"size-medium wp-image-41012 alignleft\" src=\"https:\/\/www.blogdomassinha.com.br\/v1\/wp-content\/uploads\/2023\/09\/184d9c46-522d-4636-a047-0b36f610bad4-300x228.jpeg\" alt=\"\" width=\"300\" height=\"228\" srcset=\"https:\/\/www.blogdomassinha.com.br\/v1\/wp-content\/uploads\/2023\/09\/184d9c46-522d-4636-a047-0b36f610bad4-300x228.jpeg 300w, https:\/\/www.blogdomassinha.com.br\/v1\/wp-content\/uploads\/2023\/09\/184d9c46-522d-4636-a047-0b36f610bad4.jpeg 600w\" sizes=\"(max-width: 300px) 100vw, 300px\" \/><\/span><\/p>\n<p class=\"p1\"><span class=\"s1\">Foi com tristeza que recebemos ontem a not\u00edcia do falecimento de um querido amigo, figura sempre comunicativa, inteligente. Ele vinha enfrentando problemas de sa\u00fade e estava internado no Hospital Unimed Unidade Andro, onde veio a falecer.<\/span><\/p>\n<p class=\"p1\"><span class=\"s1\">Gilvan Quadros, irm\u00e3o, me deu a not\u00edcia, em seguida, Gilbertinho Quadros, irm\u00e3o, tamb\u00e9m o fez.<\/span><!--more--><\/p>\n<p class=\"p1\"><span class=\"s1\">Adauto era filho do saudoso Gilberto Quadros, um dos mais not\u00e1veis homens p\u00fablicos de Vit\u00f3ria da Conquista.<\/span><\/p>\n<p class=\"p1\"><span class=\"s1\">O sepultamento de Adauto foi na manh\u00e3 de hoje no cemit\u00e9rio Parque da Cidade.<\/span><\/p>\n","protected":false},"excerpt":{"rendered":"<p>Foi com tristeza que recebemos ontem a not\u00edcia do falecimento de um querido amigo, figura sempre comunicativa, inteligente. Ele vinha enfrentando problemas de sa\u00fade e estava internado no Hospital Unimed Unidade Andro, onde veio a falecer. Gilvan Quadros, irm\u00e3o, me deu a not\u00edcia, em seguida, Gilbertinho Quadros, irm\u00e3o, tamb\u00e9m o fez.<\/p>\n","protected":false},"author":3,"featured_media":41012,"comment_status":"open","ping_status":"open","sticky":false,"template":"","format":"standard","meta":[],"categories":[7,1],"tags":[],"_links":{"self":[{"href":"https:\/\/www.blogdomassinha.com.br\/v1\/wp-json\/wp\/v2\/posts\/41011"}],"collection":[{"href":"https:\/\/www.blogdomassinha.com.br\/v1\/wp-json\/wp\/v2\/posts"}],"about":[{"href":"https:\/\/www.blogdomassinha.com.br\/v1\/wp-json\/wp\/v2\/types\/post"}],"author":[{"embeddable":true,"href":"https:\/\/www.blogdomassinha.com.br\/v1\/wp-json\/wp\/v2\/users\/3"}],"replies":[{"embeddable":true,"href":"https:\/\/www.blogdomassinha.com.br\/v1\/wp-json\/wp\/v2\/comments?post=41011"}],"version-history":[{"count":2,"href":"https:\/\/www.blogdomassinha.com.br\/v1\/wp-json\/wp\/v2\/posts\/41011\/revisions"}],"predecessor-version":[{"id":41014,"href":"https:\/\/www.blogdomassinha.com.br\/v1\/wp-json\/wp\/v2\/posts\/41011\/revisions\/41014"}],"wp:featuredmedia":[{"embeddable":true,"href":"https:\/\/www.blogdomassinha.com.br\/v1\/wp-json\/wp\/v2\/media\/41012"}],"wp:attachment":[{"href":"https:\/\/www.blogdomassinha.com.br\/v1\/wp-json\/wp\/v2\/media?parent=41011"}],"wp:term":[{"taxonomy":"category","embeddable":true,"href":"https:\/\/www.blogdomassinha.com.br\/v1\/wp-json\/wp\/v2\/categories?post=41011"},{"taxonomy":"post_tag","embeddable":true,"href":"https:\/\/www.blogdomassinha.com.br\/v1\/wp-json\/wp\/v2\/tags?post=41011"}],"curies":[{"name":"wp","href":"https:\/\/api.w.org\/{rel}","templated":true}]}}