{"id":41005,"date":"2023-09-21T18:34:41","date_gmt":"2023-09-21T21:34:41","guid":{"rendered":"https:\/\/www.blogdomassinha.com.br\/v1\/?p=41005"},"modified":"2023-09-21T18:34:41","modified_gmt":"2023-09-21T21:34:41","slug":"curtinhas-do-massa-dia-21-09-2023","status":"publish","type":"post","link":"https:\/\/www.blogdomassinha.com.br\/v1\/2023\/09\/21\/curtinhas-do-massa-dia-21-09-2023\/","title":{"rendered":"Curtinhas do Massa &#8211; Dia 21\/09\/2023"},"content":{"rendered":"<p class=\"p1\"><img loading=\"lazy\" class=\"size-medium wp-image-6679 alignleft\" src=\"https:\/\/www.blogdomassinha.com.br\/v1\/wp-content\/uploads\/2017\/01\/curtinhas2-300x113.jpg\" alt=\"\" width=\"300\" height=\"113\" srcset=\"https:\/\/www.blogdomassinha.com.br\/v1\/wp-content\/uploads\/2017\/01\/curtinhas2-300x113.jpg 300w, https:\/\/www.blogdomassinha.com.br\/v1\/wp-content\/uploads\/2017\/01\/curtinhas2.jpg 640w\" sizes=\"(max-width: 300px) 100vw, 300px\" \/><\/p>\n<p class=\"p1\"><span class=\"s1\">Bell Marques \u00e9 a primeira atra\u00e7\u00e3o confirmada e anunciada para a Miconquista 2024, com data j\u00e1 agenda para os dias 19 e 20 de abril. O local \u00e9 o mesmo desse ano, nas pistas e estacionamento do Boulevard Shopping.<\/span><\/p>\n<p class=\"p1\"><span class=\"s1\">xxxxxxxxxxxx<\/span><\/p>\n<p class=\"p1\"><span class=\"s1\">Bell externou toda a sua alegria em voltar a subir no trio el\u00e9trico em Vit\u00f3ria da Conquista, cidade que ele tem um carinho todos especial, onde durante longos anos cantou para os foli\u00f5es do Bloco Massicas.<\/span><\/p>\n<p><img loading=\"lazy\" class=\"alignright size-medium wp-image-41006\" src=\"https:\/\/www.blogdomassinha.com.br\/v1\/wp-content\/uploads\/2023\/09\/IMG_3240-300x233.jpeg\" alt=\"\" width=\"300\" height=\"233\" srcset=\"https:\/\/www.blogdomassinha.com.br\/v1\/wp-content\/uploads\/2023\/09\/IMG_3240-300x233.jpeg 300w, https:\/\/www.blogdomassinha.com.br\/v1\/wp-content\/uploads\/2023\/09\/IMG_3240.jpeg 600w\" sizes=\"(max-width: 300px) 100vw, 300px\" \/><\/p>\n<p class=\"p1\"><span class=\"s1\">xxxxxxxxxxxx<\/span><\/p>\n<p class=\"p1\"><span class=\"s1\">\u201cAl\u00f4, Vit\u00f3ria da Conquista, al\u00f4 galera do Massicas, estou de volta para subir no trio el\u00e9trico e dar o primeiro acorde. Olhe a minha cara de felicidade!!! Dia 20 de abril \u00e9 um s\u00e1bado, estou chegando e vamos fazer hist\u00f3ria juntos. Vai ser muito bacana esse retorno meu para a Miconquista. Estou chegando e com vontade de chegar. Beijos e vejo voc\u00ea no Massicas, hein!\u201d. Com essas palavras cheias de energia e carinho foi lan\u00e7ado um v\u00eddeo na noite de ontem no qual Bell aparece extremamente feliz, mandando esse recado para o Massicas e para Conquista.<\/span><\/p>\n<p class=\"p1\"><span class=\"s1\">xxxxxxxxxxxx<\/span><\/p>\n<p class=\"p1\"><span class=\"s1\">A Miconquista retornou nesse ano de 2023 depois de in\u00fameras tentativas, reuni\u00f5es, convites para blocos, conversas e mais conversas com prefeitos, buscas para o formato e local ideais, sempre com dificuldades pela frente.<\/span><\/p>\n<p><img loading=\"lazy\" class=\"size-medium wp-image-41007 alignleft\" src=\"https:\/\/www.blogdomassinha.com.br\/v1\/wp-content\/uploads\/2023\/09\/IMG_3242-300x251.jpeg\" alt=\"\" width=\"300\" height=\"251\" srcset=\"https:\/\/www.blogdomassinha.com.br\/v1\/wp-content\/uploads\/2023\/09\/IMG_3242-300x251.jpeg 300w, https:\/\/www.blogdomassinha.com.br\/v1\/wp-content\/uploads\/2023\/09\/IMG_3242.jpeg 598w\" sizes=\"(max-width: 300px) 100vw, 300px\" \/><\/p>\n<p class=\"p1\"><span class=\"s1\">xxxxxxxxxxxx<\/span><\/p>\n<p class=\"p1\"><span class=\"s1\">Uma coisa era certa: o foli\u00e3o pedia a volta da melhor micareta do interior do nordeste e uma das melhores do Brasil. E continu\u00e1vamos acreditando no retorno da festa e vimos que esse dia chegaria quando realizamos o Massicas Na Rua, em 2012, v\u00e9spera de anivers\u00e1rio da cidade, 8 de novembro.<\/span><\/p>\n<p class=\"p1\"><span class=\"s1\">xxxxxxxxxxxx<\/span><\/p>\n<p class=\"p1\"><span class=\"s1\">Foi uma explos\u00e3o de alegria, sucesso de p\u00fablico dentro do bloco e da pipoca, todos os abad\u00e1s vendidos e mais de 50 mil pessoas do lado de fora da corda, uma multid\u00e3o na avenida Ol\u00edvia Flores, vibrando ao som do Chiclete.<\/span><!--more--><\/p>\n<p class=\"p1\"><span class=\"s1\">xxxxxxxxxxxx<\/span><\/p>\n<p class=\"p1\"><span class=\"s1\"><img loading=\"lazy\" class=\"alignright size-medium wp-image-41008\" src=\"https:\/\/www.blogdomassinha.com.br\/v1\/wp-content\/uploads\/2023\/09\/IMG_3255-300x245.jpeg\" alt=\"\" width=\"300\" height=\"245\" srcset=\"https:\/\/www.blogdomassinha.com.br\/v1\/wp-content\/uploads\/2023\/09\/IMG_3255-300x245.jpeg 300w, https:\/\/www.blogdomassinha.com.br\/v1\/wp-content\/uploads\/2023\/09\/IMG_3255.jpeg 600w\" sizes=\"(max-width: 300px) 100vw, 300px\" \/><br \/>\nEssa foi a senha para a volta da Miconquista, o desejo incontido dos foli\u00f5es do Massicas e da cidade, todos com saudade de brincar atr\u00e1s do trio el\u00e9trico. Foi realizado e agora?<\/span><\/p>\n<p class=\"p1\"><span class=\"s1\">xxxxxxxxxxxx<\/span><\/p>\n<p class=\"p1\"><span class=\"s1\">O evento tamb\u00e9m foi a senha para enterrar de vez com o sonho de trazer de volta a micareta. Por que?<\/span><\/p>\n<p class=\"p1\"><span class=\"s1\">Ora, porque deu muita gente e isso traria uma preocupa\u00e7\u00e3o para a prefeitura que n\u00e3o queria a festa de volta sob a sua responsabilidade.<\/span><\/p>\n<p><img loading=\"lazy\" class=\"size-medium wp-image-41009 alignleft\" src=\"https:\/\/www.blogdomassinha.com.br\/v1\/wp-content\/uploads\/2023\/09\/IMG_3252-300x244.jpeg\" alt=\"\" width=\"300\" height=\"244\" srcset=\"https:\/\/www.blogdomassinha.com.br\/v1\/wp-content\/uploads\/2023\/09\/IMG_3252-300x244.jpeg 300w, https:\/\/www.blogdomassinha.com.br\/v1\/wp-content\/uploads\/2023\/09\/IMG_3252.jpeg 600w\" sizes=\"(max-width: 300px) 100vw, 300px\" \/><\/p>\n<p class=\"p1\"><span class=\"s1\">xxxxxxxxxxxx<\/span><\/p>\n<p class=\"p1\"><span class=\"s1\">Vida que segue, a via Crucis continuaria ainda por muito tempo, visitas quase que di\u00e1rias aos gabinetes, conversas com poss\u00edveis patrocinadores e mais, muito mais reuni\u00f5es com diretores de blocos tentando convenc\u00ea-los de que daria certo o nosso projeto.<\/span><\/p>\n<p class=\"p1\"><span class=\"s1\">xxxxxxxxxxxx<\/span><\/p>\n<p class=\"p1\"><span class=\"s1\">Um belo dia o meu querido amigo Carlos Alberto Oliveira, o Tatau, um dos irm\u00e3os Oliveira Neto, idealizadores do Boulevard Shopping, me convidou para conhecer aquele suntuoso equipamento, naquele momento com o \u00fanico prop\u00f3sito: realizar ali a Miconquista.<\/span><\/p>\n<p><img loading=\"lazy\" class=\"alignright size-medium wp-image-40578\" src=\"https:\/\/www.blogdomassinha.com.br\/v1\/wp-content\/uploads\/2023\/08\/IMG_2515-300x214.jpeg\" alt=\"\" width=\"300\" height=\"214\" srcset=\"https:\/\/www.blogdomassinha.com.br\/v1\/wp-content\/uploads\/2023\/08\/IMG_2515-300x214.jpeg 300w, https:\/\/www.blogdomassinha.com.br\/v1\/wp-content\/uploads\/2023\/08\/IMG_2515.jpeg 600w\" sizes=\"(max-width: 300px) 100vw, 300px\" \/><\/p>\n<p class=\"p1\"><span class=\"s1\">xxxxxxxxxxxx<\/span><\/p>\n<p class=\"p1\"><span class=\"s1\">\u201cVamos l\u00e1 que eu quero lhe mostrar onde voc\u00ea poder\u00e1 fazer muitas festas\u201d, e foi assim que nasceu a ideia de fazer a Miconquista no Boulevard. \u201cMassa, olhe o tamanho desse estacionamento\u201d, apontou Tatau para aquela imensid\u00e3o de espa\u00e7o. <\/span><\/p>\n<p class=\"p1\"><span class=\"s1\">xxxxxxxxxxxx<\/span><\/p>\n<p class=\"p1\"><span class=\"s1\">Olhei pra frente e disse: \u201cmeu amigo, vamos dar uma olhada naquela pista, para mim o melhor local \u00e9 ali, porque o trio parado n\u00e3o \u00e9 legal, tem que rodar\u201d. E assim come\u00e7ou a sair do sonho para a realidade o retorno da Miconquista.<\/span><\/p>\n<p><img loading=\"lazy\" class=\"size-medium wp-image-40504 alignleft\" src=\"https:\/\/www.blogdomassinha.com.br\/v1\/wp-content\/uploads\/2023\/08\/IMG_2411-300x170.jpeg\" alt=\"\" width=\"300\" height=\"170\" srcset=\"https:\/\/www.blogdomassinha.com.br\/v1\/wp-content\/uploads\/2023\/08\/IMG_2411-300x170.jpeg 300w, https:\/\/www.blogdomassinha.com.br\/v1\/wp-content\/uploads\/2023\/08\/IMG_2411.jpeg 600w\" sizes=\"(max-width: 300px) 100vw, 300px\" \/><\/p>\n<p class=\"p1\"><span class=\"s1\">xxxxxxxxxxxx<\/span><\/p>\n<p class=\"p1\"><span class=\"s1\">Pr\u00f3ximo passo, sentar com Eber Paim, superintendente do Shopping, e lan\u00e7ar o evento. Foi tudo muito r\u00e1pido, o Eber s\u00f3 fez incentivar: \u201cpor mim o espa\u00e7o \u00e9 seu, mete bronca, j\u00e1 foi\u201d. <\/span><\/p>\n<p class=\"p1\"><span class=\"s1\">A diretoria do bloco aprovou o circuito, n\u00e3o houve resist\u00eancias, ao contr\u00e1rio, as ideias iam surgindo e tudo indicava que era um caminho sem volta. Lagoa das Bateias, avenida Integra\u00e7\u00e3o, esses dois endere\u00e7os fizeram parte dos nossos planos. Sem d\u00favidas, nada se comparava ao Boulevard, o local \u00e9 perfeito<\/span><\/p>\n<p><img loading=\"lazy\" class=\"alignright size-medium wp-image-40577\" src=\"https:\/\/www.blogdomassinha.com.br\/v1\/wp-content\/uploads\/2023\/08\/IMG_2519-300x191.jpeg\" alt=\"\" width=\"300\" height=\"191\" srcset=\"https:\/\/www.blogdomassinha.com.br\/v1\/wp-content\/uploads\/2023\/08\/IMG_2519-300x191.jpeg 300w, https:\/\/www.blogdomassinha.com.br\/v1\/wp-content\/uploads\/2023\/08\/IMG_2519.jpeg 600w\" sizes=\"(max-width: 300px) 100vw, 300px\" \/><\/p>\n<p class=\"p1\"><span class=\"s1\">xxxxxxxxxxxx<\/span><\/p>\n<p class=\"p1\"><span class=\"s1\">Onildo Oliveira, meu amigo\/irm\u00e3o, me jogou ainda mais pra cima e me disse: \u201cveja as bandas e vamos fazer\u201d. Viajei para Salvador, uma semana antes do carnaval, voltei com a grade pronta. Quando \u00edamos anunciar a festa, o que tem\u00edamos aconteceu: a COVID 19 interveio e determinou: \u201cPare tudo\u201d!<\/span><\/p>\n<p class=\"p1\"><span class=\"s1\">xxxxxxxxxxxx<\/span><\/p>\n<p class=\"p1\"><span class=\"s1\">E assim, mais um empecilho surgiu pra gente colocar o trio na avenida, e a situa\u00e7\u00e3o ensejou um coment\u00e1rio de Onildo: \u201c\u00e9, velho Massa, parece que tem gente demais contra a volta da micareta\u201d.<\/span><\/p>\n<p><img loading=\"lazy\" class=\"size-medium wp-image-40586 alignleft\" src=\"https:\/\/www.blogdomassinha.com.br\/v1\/wp-content\/uploads\/2023\/08\/IMG_2521-245x300.jpeg\" alt=\"\" width=\"245\" height=\"300\" srcset=\"https:\/\/www.blogdomassinha.com.br\/v1\/wp-content\/uploads\/2023\/08\/IMG_2521-245x300.jpeg 245w, https:\/\/www.blogdomassinha.com.br\/v1\/wp-content\/uploads\/2023\/08\/IMG_2521.jpeg 409w\" sizes=\"(max-width: 245px) 100vw, 245px\" \/><\/p>\n<p class=\"p1\"><span class=\"s1\">Foi uma pena o meu amigo ter partido de forma t\u00e3o abrupta, uma perda irrepar\u00e1vel para todos n\u00f3s, pra fam\u00edlia, para os amigos e para a cidade. <\/span><\/p>\n<p class=\"p1\"><span class=\"s1\">Confesso que perdi o entusiasmo, ficou um vazio imenso ao meu redor. O ch\u00e3o ruiu aos nossos p\u00e9s. <\/span><\/p>\n<p class=\"p1\"><span class=\"s1\">Hoje, com o an\u00fancio de Bell, Onildinho estaria sorrindo, como sempre fez durante toda sua vida.<\/span><\/p>\n<p class=\"p1\"><span class=\"s1\">xxxxxxxxxxxx<\/span><\/p>\n<p class=\"p1\"><span class=\"s1\">Ali\u00e1s, ao longo da vida vamos perdendo amigos queridos, s\u00e3o tantos que perdemos a conta, mas n\u00e3o esquecemos de nenhum deles, s\u00f3 que na hist\u00f3ria recente do Massicas, a partir do advento da Miconquista, partiram diretores que foram a pr\u00f3pria alma do bloco:<\/span><\/p>\n<p><img loading=\"lazy\" class=\"alignright size-medium wp-image-40585\" src=\"https:\/\/www.blogdomassinha.com.br\/v1\/wp-content\/uploads\/2023\/08\/IMG_2518-218x300.jpeg\" alt=\"\" width=\"218\" height=\"300\" srcset=\"https:\/\/www.blogdomassinha.com.br\/v1\/wp-content\/uploads\/2023\/08\/IMG_2518-218x300.jpeg 218w, https:\/\/www.blogdomassinha.com.br\/v1\/wp-content\/uploads\/2023\/08\/IMG_2518.jpeg 363w\" sizes=\"(max-width: 218px) 100vw, 218px\" \/><\/p>\n<p class=\"p1\"><span class=\"s1\">xxxxxxxxxxxx<\/span><\/p>\n<p class=\"p1\"><span class=\"s1\">Fred, Mois\u00e9s e Iuri, nessa ordem. Eles deixaram uma marca de amor, dedica\u00e7\u00e3o e carinho pelo nosso bloco. Tudo o que um ser humano pudesse fazer por uma causa, eles fizeram, e nesse instante me silencio para agradecer a esse quarteto que faz falta.<\/span><\/p>\n<p class=\"p1\"><span class=\"s1\">xxxxxxxxxxxx<\/span><\/p>\n<p class=\"p1\"><span class=\"s1\">Ontem quando as redes sociais do Massicas anunciaram Bell Marques como primeira atra\u00e7\u00e3o confirmada para a Miconquista 2024 foi o maior alvoro\u00e7o, tudo isso fruto de uma cumplicidade que existe entre o artista e os foli\u00f5es do bloco.<\/span><\/p>\n<p class=\"p1\"><span class=\"s1\">Para que cheg\u00e1ssemos a esse momento tivemos que ter paci\u00eancia e valeu a pena, ouvir de Bell \u201colhe minha cara de felicidade, vamos fazer hist\u00f3ria juntos, te vejo no Massicas\u201d, n\u00e3o tem pre\u00e7o!<\/span><\/p>\n<p>&nbsp;<\/p>\n","protected":false},"excerpt":{"rendered":"<p>Bell Marques \u00e9 a primeira atra\u00e7\u00e3o confirmada e anunciada para a Miconquista 2024, com data j\u00e1 agenda para os dias 19 e 20 de abril. O local \u00e9 o mesmo desse ano, nas pistas e estacionamento do Boulevard Shopping. xxxxxxxxxxxx Bell externou toda a sua alegria em voltar a subir no trio el\u00e9trico em Vit\u00f3ria [&hellip;]<\/p>\n","protected":false},"author":3,"featured_media":6679,"comment_status":"open","ping_status":"open","sticky":false,"template":"","format":"standard","meta":[],"categories":[1271,7],"tags":[],"_links":{"self":[{"href":"https:\/\/www.blogdomassinha.com.br\/v1\/wp-json\/wp\/v2\/posts\/41005"}],"collection":[{"href":"https:\/\/www.blogdomassinha.com.br\/v1\/wp-json\/wp\/v2\/posts"}],"about":[{"href":"https:\/\/www.blogdomassinha.com.br\/v1\/wp-json\/wp\/v2\/types\/post"}],"author":[{"embeddable":true,"href":"https:\/\/www.blogdomassinha.com.br\/v1\/wp-json\/wp\/v2\/users\/3"}],"replies":[{"embeddable":true,"href":"https:\/\/www.blogdomassinha.com.br\/v1\/wp-json\/wp\/v2\/comments?post=41005"}],"version-history":[{"count":1,"href":"https:\/\/www.blogdomassinha.com.br\/v1\/wp-json\/wp\/v2\/posts\/41005\/revisions"}],"predecessor-version":[{"id":41010,"href":"https:\/\/www.blogdomassinha.com.br\/v1\/wp-json\/wp\/v2\/posts\/41005\/revisions\/41010"}],"wp:featuredmedia":[{"embeddable":true,"href":"https:\/\/www.blogdomassinha.com.br\/v1\/wp-json\/wp\/v2\/media\/6679"}],"wp:attachment":[{"href":"https:\/\/www.blogdomassinha.com.br\/v1\/wp-json\/wp\/v2\/media?parent=41005"}],"wp:term":[{"taxonomy":"category","embeddable":true,"href":"https:\/\/www.blogdomassinha.com.br\/v1\/wp-json\/wp\/v2\/categories?post=41005"},{"taxonomy":"post_tag","embeddable":true,"href":"https:\/\/www.blogdomassinha.com.br\/v1\/wp-json\/wp\/v2\/tags?post=41005"}],"curies":[{"name":"wp","href":"https:\/\/api.w.org\/{rel}","templated":true}]}}