{"id":40998,"date":"2023-09-21T15:58:08","date_gmt":"2023-09-21T18:58:08","guid":{"rendered":"https:\/\/www.blogdomassinha.com.br\/v1\/?p=40998"},"modified":"2023-09-21T18:29:12","modified_gmt":"2023-09-21T21:29:12","slug":"1a-fliconquista-acontece-entre-os-dias-15-e-19-de-novembro-tematizando-literatura-e-liberdade","status":"publish","type":"post","link":"https:\/\/www.blogdomassinha.com.br\/v1\/2023\/09\/21\/1a-fliconquista-acontece-entre-os-dias-15-e-19-de-novembro-tematizando-literatura-e-liberdade\/","title":{"rendered":"1\u00aa Fliconquista acontece entre os dias 15 e 19 de novembro tematizando Literatura e Liberdade"},"content":{"rendered":"<p><img loading=\"lazy\" class=\"size-medium wp-image-40999 alignright\" src=\"https:\/\/www.blogdomassinha.com.br\/v1\/wp-content\/uploads\/2023\/09\/e336566b-61e2-4d03-a74a-423e6dbbb1fe-300x300.jpeg\" alt=\"\" width=\"300\" height=\"300\" srcset=\"https:\/\/www.blogdomassinha.com.br\/v1\/wp-content\/uploads\/2023\/09\/e336566b-61e2-4d03-a74a-423e6dbbb1fe-300x300.jpeg 300w, https:\/\/www.blogdomassinha.com.br\/v1\/wp-content\/uploads\/2023\/09\/e336566b-61e2-4d03-a74a-423e6dbbb1fe-150x150.jpeg 150w, https:\/\/www.blogdomassinha.com.br\/v1\/wp-content\/uploads\/2023\/09\/e336566b-61e2-4d03-a74a-423e6dbbb1fe.jpeg 500w\" sizes=\"(max-width: 300px) 100vw, 300px\" \/><\/p>\n<p>A primeira edi\u00e7\u00e3o da FliConquista (Feira Liter\u00e1ria de Vit\u00f3ria da Conquista) j\u00e1 tem data marcada para acontecer. Ser\u00e1 entre os dias 15 e 19 de novembro, no Centro de Cultura Camillo de Jesus Lima, abordando o tema Literatura e Liberdade e com programa\u00e7\u00e3o completamente gratuita.<br \/>\nPropondo uma interse\u00e7\u00e3o entre as palavras e os movimentos emancipat\u00f3rios, o fio condutor do evento ser\u00e1 o Bicenten\u00e1rio da Independ\u00eancia do Brasil na Bahia, um marco hist\u00f3rico e de luta que moldou o curso da nossa na\u00e7\u00e3o.<br \/>\nA programa\u00e7\u00e3o ser\u00e1 composta por mesas liter\u00e1rias, apresenta\u00e7\u00f5es musicais e lan\u00e7amentos, em uma converg\u00eancia multidisciplinar que contar\u00e1 com a participa\u00e7\u00e3o de escritores, editoras, artistas de diversas linguagens, professores, alunos, acad\u00eamicos e leitores.<br \/>\nO prop\u00f3sito da Fliconquista \u00e9 estabelecer uma conex\u00e3o duradoura entre diferentes gera\u00e7\u00f5es e<br \/>\na literatura, abrindo portas para diversas manifesta\u00e7\u00f5es art\u00edsticas em celebra\u00e7\u00e3o ao livro e \u00e0 palavra.<!--more--><br \/>\nA Fliconquista comp\u00f5e a rede de feiras liter\u00e1rias da Bahia e fomenta o encontro do p\u00fablico com o livro, a literatura em suas m\u00faltiplas formas, promovendo a forma\u00e7\u00e3o de p\u00fablico leitor, inspirando debates que agreguem repert\u00f3rio humanista e, tamb\u00e9m, demarca um renovado eixo liter\u00e1rio para al\u00e9m da capital baiana, viabilizando a express\u00e3o de nossas identidades.<br \/>\nA Feira \u00e9 organizada pelo Coletivo Barravento, composto por professores, produtores<br \/>\nculturais, intelectuais e entusiastas da literatura, em parceria com o Studio Palma e apoio da<br \/>\nFunda\u00e7\u00e3o Pedro Calm\u00f3n, Governo do Estado da Bahia e Governo Federal do Brasil.<br \/>\nPara acompanhar todas as informa\u00e7\u00f5es, siga a FliConquista no Instagram:<br \/>\nhttps:\/\/www.instagram.com\/fliconquista\/<\/p>\n<p>SERVI\u00c7O<br \/>\nFeira Liter\u00e1ria de Vit\u00f3ria da Conquista<br \/>\nQuando: 15 a 19 de novembro<br \/>\nOnde: Centro de Cultura Camillo de Jesus Lima<br \/>\nContato: fliconquista@gmail.com<br \/>\nApoio: Funda\u00e7\u00e3o Pedro Calm\u00f3n, Governo do Estado da Bahia e Governo Federal do Brasil.<\/p>\n","protected":false},"excerpt":{"rendered":"<p>A primeira edi\u00e7\u00e3o da FliConquista (Feira Liter\u00e1ria de Vit\u00f3ria da Conquista) j\u00e1 tem data marcada para acontecer. Ser\u00e1 entre os dias 15 e 19 de novembro, no Centro de Cultura Camillo de Jesus Lima, abordando o tema Literatura e Liberdade e com programa\u00e7\u00e3o completamente gratuita. Propondo uma interse\u00e7\u00e3o entre as palavras e os movimentos emancipat\u00f3rios, [&hellip;]<\/p>\n","protected":false},"author":3,"featured_media":40999,"comment_status":"open","ping_status":"open","sticky":false,"template":"","format":"standard","meta":[],"categories":[7,3],"tags":[],"_links":{"self":[{"href":"https:\/\/www.blogdomassinha.com.br\/v1\/wp-json\/wp\/v2\/posts\/40998"}],"collection":[{"href":"https:\/\/www.blogdomassinha.com.br\/v1\/wp-json\/wp\/v2\/posts"}],"about":[{"href":"https:\/\/www.blogdomassinha.com.br\/v1\/wp-json\/wp\/v2\/types\/post"}],"author":[{"embeddable":true,"href":"https:\/\/www.blogdomassinha.com.br\/v1\/wp-json\/wp\/v2\/users\/3"}],"replies":[{"embeddable":true,"href":"https:\/\/www.blogdomassinha.com.br\/v1\/wp-json\/wp\/v2\/comments?post=40998"}],"version-history":[{"count":4,"href":"https:\/\/www.blogdomassinha.com.br\/v1\/wp-json\/wp\/v2\/posts\/40998\/revisions"}],"predecessor-version":[{"id":41004,"href":"https:\/\/www.blogdomassinha.com.br\/v1\/wp-json\/wp\/v2\/posts\/40998\/revisions\/41004"}],"wp:featuredmedia":[{"embeddable":true,"href":"https:\/\/www.blogdomassinha.com.br\/v1\/wp-json\/wp\/v2\/media\/40999"}],"wp:attachment":[{"href":"https:\/\/www.blogdomassinha.com.br\/v1\/wp-json\/wp\/v2\/media?parent=40998"}],"wp:term":[{"taxonomy":"category","embeddable":true,"href":"https:\/\/www.blogdomassinha.com.br\/v1\/wp-json\/wp\/v2\/categories?post=40998"},{"taxonomy":"post_tag","embeddable":true,"href":"https:\/\/www.blogdomassinha.com.br\/v1\/wp-json\/wp\/v2\/tags?post=40998"}],"curies":[{"name":"wp","href":"https:\/\/api.w.org\/{rel}","templated":true}]}}