{"id":40981,"date":"2023-09-18T12:45:40","date_gmt":"2023-09-18T15:45:40","guid":{"rendered":"https:\/\/www.blogdomassinha.com.br\/v1\/?p=40981"},"modified":"2023-09-18T12:45:40","modified_gmt":"2023-09-18T15:45:40","slug":"fazenda-vidigal-realiza-14o-encontro-nacional-do-cafe-comecou-ontem-17-e-se-prolongara-ate-amanha-19","status":"publish","type":"post","link":"https:\/\/www.blogdomassinha.com.br\/v1\/2023\/09\/18\/fazenda-vidigal-realiza-14o-encontro-nacional-do-cafe-comecou-ontem-17-e-se-prolongara-ate-amanha-19\/","title":{"rendered":"Fazenda Vidigal realiza 14\u00ba Encontro Nacional do Caf\u00e9. Come\u00e7ou ontem, 17, e se prolongar\u00e1 at\u00e9 amanh\u00e3, 19"},"content":{"rendered":"<p class=\"p1\"><img loading=\"lazy\" class=\"size-medium wp-image-40982 alignleft\" src=\"https:\/\/www.blogdomassinha.com.br\/v1\/wp-content\/uploads\/2023\/09\/IMG_3186-300x300.jpeg\" alt=\"\" width=\"300\" height=\"300\" srcset=\"https:\/\/www.blogdomassinha.com.br\/v1\/wp-content\/uploads\/2023\/09\/IMG_3186-300x300.jpeg 300w, https:\/\/www.blogdomassinha.com.br\/v1\/wp-content\/uploads\/2023\/09\/IMG_3186-150x150.jpeg 150w, https:\/\/www.blogdomassinha.com.br\/v1\/wp-content\/uploads\/2023\/09\/IMG_3186.jpeg 502w\" sizes=\"(max-width: 300px) 100vw, 300px\" \/><\/p>\n<p class=\"p1\"><span class=\"s1\">A artista pl\u00e1stica Val\u00e9ria Vidigal \u00e9 nascida no estado de Minas, na cidade de Vi\u00e7osa, vem de uma fam\u00edlia que sempre manteve uma rela\u00e7\u00e3o estreita com a cultura do caf\u00e9, o pai, inclusive, professor universit\u00e1rio e conhecedor profundo dessa bebida que s\u00f3 perde para a \u00e1gua em todo o mundo como consumo humano.<\/span><\/p>\n<p class=\"p1\"><span class=\"s1\">Val\u00e9ria e o seu esposo Giano Brito, conquistense, administram a fazenda de ambos, a Vidigal, que fica no munic\u00edpio de Barra do Cho\u00e7a, mas por fazer parte da regi\u00e3o que contempla o Planalto da Conquista, um dos maiores produtores de caf\u00e9 do pa\u00eds, recebe o apoio da prefeita Sheila Lemos, atrav\u00e9s da Secretaria de Agricultura, cujo titular da pasta \u00e9 o jovem engenheiro agr\u00f4nomo Breno Sufi, que esteve na abertura do evento representando e falando em nome da gestora conquistense.<\/span><\/p>\n<p class=\"p1\"><span class=\"s1\">A realiza\u00e7\u00e3o do Encontro Nacional do Caf\u00e9 reflete a for\u00e7a, o dinamismo do povo de Conquista que em apenas tr\u00eas meses realiza tr\u00eas grandes eventos, que foram o FIB, o Conquista Moto Rock, que encerrou ontem, 17, e agora parte para o terceiro, que, assim como os dois primeiros ser\u00e1 coberto de \u00eaxito.<\/span><!--more--><\/p>\n<p class=\"p1\"><span class=\"s1\">xxxxxxxxxxxx<\/span><\/p>\n<p class=\"p1\"><span class=\"s1\">A programa\u00e7\u00e3o do Encontro Nacional do Caf\u00e9 consta de palestras, neg\u00f3cios e tamb\u00e9m de a\u00e7\u00f5es que provocam a curiosidade das crian\u00e7as, portanto, um evento que a fam\u00edlia poder\u00e1 aproveitar de forma coletiva.<\/span><\/p>\n<p class=\"p1\"><span class=\"s1\">O caf\u00e9, na d\u00e9cada de 70, deu um impulso na economia da cidade, o ent\u00e3o gerente do Banco do Brasil, Sr. Lima, e o din\u00e2mico empres\u00e1rio Ubirajara Fernandes, foram os precursores do incentivo do plantio da lavoura cafeeira na regi\u00e3o, o que nos tirou da depend\u00eancia da pecu\u00e1ria, que era naquele instante a principal fonte econ\u00f4mica da cidade.<\/span><\/p>\n<p class=\"p1\"><span class=\"s1\">Eventos como o Encontro Nacional do Caf\u00e9 mant\u00e9m viva a import\u00e2ncia da cultura do caf\u00e9 em toda a regi\u00e3o, e assim os empreendedores locais n\u00e3o perderam de vista todo o destaque que Vit\u00f3ria da Conquista tivera atrav\u00e9s da cafeicultura.<\/span><\/p>\n","protected":false},"excerpt":{"rendered":"<p>A artista pl\u00e1stica Val\u00e9ria Vidigal \u00e9 nascida no estado de Minas, na cidade de Vi\u00e7osa, vem de uma fam\u00edlia que sempre manteve uma rela\u00e7\u00e3o estreita com a cultura do caf\u00e9, o pai, inclusive, professor universit\u00e1rio e conhecedor profundo dessa bebida que s\u00f3 perde para a \u00e1gua em todo o mundo como consumo humano. Val\u00e9ria e [&hellip;]<\/p>\n","protected":false},"author":3,"featured_media":40982,"comment_status":"open","ping_status":"open","sticky":false,"template":"","format":"standard","meta":[],"categories":[7,3],"tags":[],"_links":{"self":[{"href":"https:\/\/www.blogdomassinha.com.br\/v1\/wp-json\/wp\/v2\/posts\/40981"}],"collection":[{"href":"https:\/\/www.blogdomassinha.com.br\/v1\/wp-json\/wp\/v2\/posts"}],"about":[{"href":"https:\/\/www.blogdomassinha.com.br\/v1\/wp-json\/wp\/v2\/types\/post"}],"author":[{"embeddable":true,"href":"https:\/\/www.blogdomassinha.com.br\/v1\/wp-json\/wp\/v2\/users\/3"}],"replies":[{"embeddable":true,"href":"https:\/\/www.blogdomassinha.com.br\/v1\/wp-json\/wp\/v2\/comments?post=40981"}],"version-history":[{"count":1,"href":"https:\/\/www.blogdomassinha.com.br\/v1\/wp-json\/wp\/v2\/posts\/40981\/revisions"}],"predecessor-version":[{"id":40983,"href":"https:\/\/www.blogdomassinha.com.br\/v1\/wp-json\/wp\/v2\/posts\/40981\/revisions\/40983"}],"wp:featuredmedia":[{"embeddable":true,"href":"https:\/\/www.blogdomassinha.com.br\/v1\/wp-json\/wp\/v2\/media\/40982"}],"wp:attachment":[{"href":"https:\/\/www.blogdomassinha.com.br\/v1\/wp-json\/wp\/v2\/media?parent=40981"}],"wp:term":[{"taxonomy":"category","embeddable":true,"href":"https:\/\/www.blogdomassinha.com.br\/v1\/wp-json\/wp\/v2\/categories?post=40981"},{"taxonomy":"post_tag","embeddable":true,"href":"https:\/\/www.blogdomassinha.com.br\/v1\/wp-json\/wp\/v2\/tags?post=40981"}],"curies":[{"name":"wp","href":"https:\/\/api.w.org\/{rel}","templated":true}]}}