{"id":40947,"date":"2023-09-16T12:22:17","date_gmt":"2023-09-16T15:22:17","guid":{"rendered":"https:\/\/www.blogdomassinha.com.br\/v1\/?p=40947"},"modified":"2023-09-16T12:22:17","modified_gmt":"2023-09-16T15:22:17","slug":"camara-homenageia-o-medico-da-selecao-aloisio-alan","status":"publish","type":"post","link":"https:\/\/www.blogdomassinha.com.br\/v1\/2023\/09\/16\/camara-homenageia-o-medico-da-selecao-aloisio-alan\/","title":{"rendered":"C\u00e2mara homenageia o m\u00e9dico da sele\u00e7\u00e3o Alo\u00edsio Alan"},"content":{"rendered":"<p class=\"p1\"><img loading=\"lazy\" class=\"size-medium wp-image-40949 alignleft\" src=\"https:\/\/www.blogdomassinha.com.br\/v1\/wp-content\/uploads\/2023\/09\/6a553430-41b1-4002-b4f6-0ed166104f86-225x300.jpeg\" alt=\"\" width=\"225\" height=\"300\" srcset=\"https:\/\/www.blogdomassinha.com.br\/v1\/wp-content\/uploads\/2023\/09\/6a553430-41b1-4002-b4f6-0ed166104f86-225x300.jpeg 225w, https:\/\/www.blogdomassinha.com.br\/v1\/wp-content\/uploads\/2023\/09\/6a553430-41b1-4002-b4f6-0ed166104f86.jpeg 375w\" sizes=\"(max-width: 225px) 100vw, 225px\" \/><\/p>\n<p class=\"p1\"><span class=\"s1\">Por iniciativa do vereador Edjaime Rodrigues, o Bibia, a C\u00e2mara de Vereadores prestou homenagem na sess\u00e3o de ontem, sexta-feira, 15, ao m\u00e9dico da Sele\u00e7\u00e3o Brasileira de Futebol Sub-15, ele que comp\u00f5e um quadro de cinco profissionais da medicina dentro da CBF.<\/span><\/p>\n<p class=\"p1\"><span class=\"s1\">Acompanhado da esposa Lara, tamb\u00e9m m\u00e9dica, ele aproveitou o ensejo para agradecer a companheira pela dedica\u00e7\u00e3o como m\u00e3e, assumindo o papel de pai, suprindo a sua falta quando viaja para cumprir agenda junto ao escrete brasileiro.<\/span><!--more--><\/p>\n<p class=\"p1\"><span class=\"s1\">O legislativo conquistense foi oportuno ao registrar t\u00e3o significativa homenagem ao desportista Dr. Alan, que dedica parte do seu tempo ao futebol, n\u00e3o por sacrif\u00edcio, mas por prazer ao esporte, como diz \u201cpara mim \u00e9 uma alegria estar no meio do esporte, frequento todos campos, vou ao Lomant\u00e3o, ao Edvaldo Flores, ao Muril\u00e3o e aos 7 Campos, onde tem um baba estou presente, vou porque gosto\u201d, afirma o m\u00e9dico ortopedista.<\/span><\/p>\n\n\t\t<style type=\"text\/css\">\n\t\t\t#gallery-1 {\n\t\t\t\tmargin: auto;\n\t\t\t}\n\t\t\t#gallery-1 .gallery-item {\n\t\t\t\tfloat: left;\n\t\t\t\tmargin-top: 10px;\n\t\t\t\ttext-align: center;\n\t\t\t\twidth: 33%;\n\t\t\t}\n\t\t\t#gallery-1 img {\n\t\t\t\tborder: 2px solid #cfcfcf;\n\t\t\t}\n\t\t\t#gallery-1 .gallery-caption {\n\t\t\t\tmargin-left: 0;\n\t\t\t}\n\t\t\t\/* see gallery_shortcode() in wp-includes\/media.php *\/\n\t\t<\/style>\n\t\t<div id='gallery-1' class='gallery galleryid-40947 gallery-columns-3 gallery-size-thumbnail'><dl class='gallery-item'>\n\t\t\t<dt class='gallery-icon portrait'>\n\t\t\t\t<a href=\"https:\/\/www.blogdomassinha.com.br\/v1\/wp-content\/uploads\/2023\/09\/86dc96c4-98ce-450f-a419-7856b2d0d887.jpeg\" class=\"gallery_colorbox\"><img width=\"150\" height=\"150\" src=\"https:\/\/www.blogdomassinha.com.br\/v1\/wp-content\/uploads\/2023\/09\/86dc96c4-98ce-450f-a419-7856b2d0d887-150x150.jpeg\"  class=\"attachment-thumbnail size-thumbnail\" alt=\"\" loading=\"lazy\" \/><\/a>\n\t\t\t<\/dt><\/dl><dl class='gallery-item'>\n\t\t\t<dt class='gallery-icon portrait'>\n\t\t\t\t<a href=\"https:\/\/www.blogdomassinha.com.br\/v1\/wp-content\/uploads\/2023\/09\/6a553430-41b1-4002-b4f6-0ed166104f86.jpeg\" class=\"gallery_colorbox\"><img width=\"150\" height=\"150\" src=\"https:\/\/www.blogdomassinha.com.br\/v1\/wp-content\/uploads\/2023\/09\/6a553430-41b1-4002-b4f6-0ed166104f86-150x150.jpeg\"  class=\"attachment-thumbnail size-thumbnail\" alt=\"\" loading=\"lazy\" \/><\/a>\n\t\t\t<\/dt><\/dl><dl class='gallery-item'>\n\t\t\t<dt class='gallery-icon portrait'>\n\t\t\t\t<a href=\"https:\/\/www.blogdomassinha.com.br\/v1\/wp-content\/uploads\/2023\/09\/61cac652-d334-4af1-880c-aee1c6b04b89.jpeg\" class=\"gallery_colorbox\"><img width=\"150\" height=\"150\" src=\"https:\/\/www.blogdomassinha.com.br\/v1\/wp-content\/uploads\/2023\/09\/61cac652-d334-4af1-880c-aee1c6b04b89-150x150.jpeg\"  class=\"attachment-thumbnail size-thumbnail\" alt=\"\" loading=\"lazy\" \/><\/a>\n\t\t\t<\/dt><\/dl><br style=\"clear: both\" \/><dl class='gallery-item'>\n\t\t\t<dt class='gallery-icon portrait'>\n\t\t\t\t<a href=\"https:\/\/www.blogdomassinha.com.br\/v1\/wp-content\/uploads\/2023\/09\/688523ab-93d8-4c53-9c93-c942d732c5d6.jpeg\" class=\"gallery_colorbox\"><img width=\"150\" height=\"150\" src=\"https:\/\/www.blogdomassinha.com.br\/v1\/wp-content\/uploads\/2023\/09\/688523ab-93d8-4c53-9c93-c942d732c5d6-150x150.jpeg\"  class=\"attachment-thumbnail size-thumbnail\" alt=\"\" loading=\"lazy\" \/><\/a>\n\t\t\t<\/dt><\/dl><dl class='gallery-item'>\n\t\t\t<dt class='gallery-icon portrait'>\n\t\t\t\t<a href=\"https:\/\/www.blogdomassinha.com.br\/v1\/wp-content\/uploads\/2023\/09\/7a7f561a-3400-4807-93dc-6f482f5cf717.jpeg\" class=\"gallery_colorbox\"><img width=\"150\" height=\"150\" src=\"https:\/\/www.blogdomassinha.com.br\/v1\/wp-content\/uploads\/2023\/09\/7a7f561a-3400-4807-93dc-6f482f5cf717-150x150.jpeg\"  class=\"attachment-thumbnail size-thumbnail\" alt=\"\" loading=\"lazy\" \/><\/a>\n\t\t\t<\/dt><\/dl><dl class='gallery-item'>\n\t\t\t<dt class='gallery-icon portrait'>\n\t\t\t\t<a href=\"https:\/\/www.blogdomassinha.com.br\/v1\/wp-content\/uploads\/2023\/09\/65de2ad7-b702-447e-a397-b12d6e3c5e28.jpeg\" class=\"gallery_colorbox\"><img width=\"150\" height=\"150\" src=\"https:\/\/www.blogdomassinha.com.br\/v1\/wp-content\/uploads\/2023\/09\/65de2ad7-b702-447e-a397-b12d6e3c5e28-150x150.jpeg\"  class=\"attachment-thumbnail size-thumbnail\" alt=\"\" loading=\"lazy\" \/><\/a>\n\t\t\t<\/dt><\/dl><br style=\"clear: both\" \/>\n\t\t<\/div>\n\n","protected":false},"excerpt":{"rendered":"<p>Por iniciativa do vereador Edjaime Rodrigues, o Bibia, a C\u00e2mara de Vereadores prestou homenagem na sess\u00e3o de ontem, sexta-feira, 15, ao m\u00e9dico da Sele\u00e7\u00e3o Brasileira de Futebol Sub-15, ele que comp\u00f5e um quadro de cinco profissionais da medicina dentro da CBF. Acompanhado da esposa Lara, tamb\u00e9m m\u00e9dica, ele aproveitou o ensejo para agradecer a companheira [&hellip;]<\/p>\n","protected":false},"author":3,"featured_media":40949,"comment_status":"open","ping_status":"open","sticky":false,"template":"","format":"standard","meta":[],"categories":[7,1],"tags":[],"_links":{"self":[{"href":"https:\/\/www.blogdomassinha.com.br\/v1\/wp-json\/wp\/v2\/posts\/40947"}],"collection":[{"href":"https:\/\/www.blogdomassinha.com.br\/v1\/wp-json\/wp\/v2\/posts"}],"about":[{"href":"https:\/\/www.blogdomassinha.com.br\/v1\/wp-json\/wp\/v2\/types\/post"}],"author":[{"embeddable":true,"href":"https:\/\/www.blogdomassinha.com.br\/v1\/wp-json\/wp\/v2\/users\/3"}],"replies":[{"embeddable":true,"href":"https:\/\/www.blogdomassinha.com.br\/v1\/wp-json\/wp\/v2\/comments?post=40947"}],"version-history":[{"count":1,"href":"https:\/\/www.blogdomassinha.com.br\/v1\/wp-json\/wp\/v2\/posts\/40947\/revisions"}],"predecessor-version":[{"id":40954,"href":"https:\/\/www.blogdomassinha.com.br\/v1\/wp-json\/wp\/v2\/posts\/40947\/revisions\/40954"}],"wp:featuredmedia":[{"embeddable":true,"href":"https:\/\/www.blogdomassinha.com.br\/v1\/wp-json\/wp\/v2\/media\/40949"}],"wp:attachment":[{"href":"https:\/\/www.blogdomassinha.com.br\/v1\/wp-json\/wp\/v2\/media?parent=40947"}],"wp:term":[{"taxonomy":"category","embeddable":true,"href":"https:\/\/www.blogdomassinha.com.br\/v1\/wp-json\/wp\/v2\/categories?post=40947"},{"taxonomy":"post_tag","embeddable":true,"href":"https:\/\/www.blogdomassinha.com.br\/v1\/wp-json\/wp\/v2\/tags?post=40947"}],"curies":[{"name":"wp","href":"https:\/\/api.w.org\/{rel}","templated":true}]}}