{"id":40922,"date":"2023-09-15T09:03:02","date_gmt":"2023-09-15T12:03:02","guid":{"rendered":"https:\/\/www.blogdomassinha.com.br\/v1\/?p=40922"},"modified":"2023-09-15T09:03:02","modified_gmt":"2023-09-15T12:03:02","slug":"camara-municipal-de-anage-inaugura-sede-propria-nesta-sexta-15","status":"publish","type":"post","link":"https:\/\/www.blogdomassinha.com.br\/v1\/2023\/09\/15\/camara-municipal-de-anage-inaugura-sede-propria-nesta-sexta-15\/","title":{"rendered":"C\u00e2mara municipal de Anag\u00e9 inaugura sede pr\u00f3pria nesta sexta (15)"},"content":{"rendered":"<p class=\"p1\"><img loading=\"lazy\" class=\"size-medium wp-image-40923 alignleft\" src=\"https:\/\/www.blogdomassinha.com.br\/v1\/wp-content\/uploads\/2023\/09\/6dd5942f-fe31-4038-ab1e-bf665523cb75-300x225.jpeg\" alt=\"\" width=\"300\" height=\"225\" srcset=\"https:\/\/www.blogdomassinha.com.br\/v1\/wp-content\/uploads\/2023\/09\/6dd5942f-fe31-4038-ab1e-bf665523cb75-300x225.jpeg 300w, https:\/\/www.blogdomassinha.com.br\/v1\/wp-content\/uploads\/2023\/09\/6dd5942f-fe31-4038-ab1e-bf665523cb75.jpeg 600w\" sizes=\"(max-width: 300px) 100vw, 300px\" \/><\/p>\n<p class=\"p1\"><span class=\"s1\">A C\u00e2mara Municipal de Anag\u00e9 inaugura nesta sexta-feira (15), \u00e0s 17h, sede pr\u00f3pria constru\u00edda com recursos do legislativo, em cerim\u00f4nia que acontece na Rua Agnelo Cardoso, s\/n, bairro S\u00e3o Jo\u00e3o Batista (ao lado do F\u00f3rum Abmael Nogueira).<\/span><\/p>\n<p class=\"p1\"><span class=\"s1\">O novo equipamento teve investimento estimado em R$568,000,00, e conta com sal\u00e3o Nobre (denominado Jo\u00e3o Vieira Sobrinho) sala para protocolo, cantina, sala de espera, gabinete da presid\u00eancia, sala de reuni\u00f5es interna, sala de RH e sala de tesouraria.<\/span><!--more--><\/p>\n<p><img loading=\"lazy\" class=\"alignright size-medium wp-image-40924\" src=\"https:\/\/www.blogdomassinha.com.br\/v1\/wp-content\/uploads\/2023\/09\/aea2de42-a6b5-49ff-9e7b-a78a95d1b9ad-300x169.jpeg\" alt=\"\" width=\"300\" height=\"169\" srcset=\"https:\/\/www.blogdomassinha.com.br\/v1\/wp-content\/uploads\/2023\/09\/aea2de42-a6b5-49ff-9e7b-a78a95d1b9ad-300x169.jpeg 300w, https:\/\/www.blogdomassinha.com.br\/v1\/wp-content\/uploads\/2023\/09\/aea2de42-a6b5-49ff-9e7b-a78a95d1b9ad.jpeg 600w\" sizes=\"(max-width: 300px) 100vw, 300px\" \/><\/p>\n<p class=\"p1\"><span class=\"s1\">Segundo o presidente da Casa, Altemar Silveira Nogueira (Toinzinho Sim) trata-se de um marco para o munic\u00edpio, j\u00e1 que o pr\u00e9dio novo representa economia e garante um espa\u00e7o permanente ao legislativo, um patrim\u00f4nio p\u00fablico que deve ser preservado, que vai atender \u00e0s demandas da popula\u00e7\u00e3o anageense. &#8220;o sentimento \u00e9 de gratid\u00e3o a Deus e a todos aqueles que colaboraram para esta obra ser reazlizada e agora ser entregue \u00e0 comunidade, porque agora podemos afirmar que a Casa \u00e9 do povo de fato, porque \u00e9 resultado de um esfor\u00e7o coletivo, que vair servir a toda comunidade do munic\u00edpio&#8221;.<\/span><\/p>\n<p class=\"p1\"><span class=\"s1\">Na programa\u00e7\u00e3o da inaugura\u00e7\u00e3o haver\u00e1 apresenta\u00e7\u00f5es musicais de Lucas Nogueira, Rege de Anag\u00e9, Dalto Camargo, Ronilson dos Teclados, B\u00e1rbara Neres, Esttefany Teixeira e locu\u00e7\u00e3o de Abmailson Oliveira.<\/span><\/p>\n","protected":false},"excerpt":{"rendered":"<p>A C\u00e2mara Municipal de Anag\u00e9 inaugura nesta sexta-feira (15), \u00e0s 17h, sede pr\u00f3pria constru\u00edda com recursos do legislativo, em cerim\u00f4nia que acontece na Rua Agnelo Cardoso, s\/n, bairro S\u00e3o Jo\u00e3o Batista (ao lado do F\u00f3rum Abmael Nogueira). O novo equipamento teve investimento estimado em R$568,000,00, e conta com sal\u00e3o Nobre (denominado Jo\u00e3o Vieira Sobrinho) sala [&hellip;]<\/p>\n","protected":false},"author":3,"featured_media":40923,"comment_status":"open","ping_status":"open","sticky":false,"template":"","format":"standard","meta":[],"categories":[7,1],"tags":[],"_links":{"self":[{"href":"https:\/\/www.blogdomassinha.com.br\/v1\/wp-json\/wp\/v2\/posts\/40922"}],"collection":[{"href":"https:\/\/www.blogdomassinha.com.br\/v1\/wp-json\/wp\/v2\/posts"}],"about":[{"href":"https:\/\/www.blogdomassinha.com.br\/v1\/wp-json\/wp\/v2\/types\/post"}],"author":[{"embeddable":true,"href":"https:\/\/www.blogdomassinha.com.br\/v1\/wp-json\/wp\/v2\/users\/3"}],"replies":[{"embeddable":true,"href":"https:\/\/www.blogdomassinha.com.br\/v1\/wp-json\/wp\/v2\/comments?post=40922"}],"version-history":[{"count":1,"href":"https:\/\/www.blogdomassinha.com.br\/v1\/wp-json\/wp\/v2\/posts\/40922\/revisions"}],"predecessor-version":[{"id":40925,"href":"https:\/\/www.blogdomassinha.com.br\/v1\/wp-json\/wp\/v2\/posts\/40922\/revisions\/40925"}],"wp:featuredmedia":[{"embeddable":true,"href":"https:\/\/www.blogdomassinha.com.br\/v1\/wp-json\/wp\/v2\/media\/40923"}],"wp:attachment":[{"href":"https:\/\/www.blogdomassinha.com.br\/v1\/wp-json\/wp\/v2\/media?parent=40922"}],"wp:term":[{"taxonomy":"category","embeddable":true,"href":"https:\/\/www.blogdomassinha.com.br\/v1\/wp-json\/wp\/v2\/categories?post=40922"},{"taxonomy":"post_tag","embeddable":true,"href":"https:\/\/www.blogdomassinha.com.br\/v1\/wp-json\/wp\/v2\/tags?post=40922"}],"curies":[{"name":"wp","href":"https:\/\/api.w.org\/{rel}","templated":true}]}}