{"id":40901,"date":"2023-09-12T00:03:46","date_gmt":"2023-09-12T03:03:46","guid":{"rendered":"https:\/\/www.blogdomassinha.com.br\/v1\/?p=40901"},"modified":"2023-09-11T23:48:43","modified_gmt":"2023-09-12T02:48:43","slug":"famus-festival-de-arte-e-musica-unimed-sudoeste-abre-inscricoes-com-premios-de-mais-de-r50mil","status":"publish","type":"post","link":"https:\/\/www.blogdomassinha.com.br\/v1\/2023\/09\/12\/famus-festival-de-arte-e-musica-unimed-sudoeste-abre-inscricoes-com-premios-de-mais-de-r50mil\/","title":{"rendered":"FAMUS &#8211; Festival de Arte e M\u00fasica Unimed Sudoeste abre inscri\u00e7\u00f5es com pr\u00eamios de mais de R$50mil"},"content":{"rendered":"<p class=\"p1\"><img loading=\"lazy\" class=\"size-medium wp-image-40902 alignleft\" src=\"https:\/\/www.blogdomassinha.com.br\/v1\/wp-content\/uploads\/2023\/09\/f5d8e23f-1a95-4c01-858c-c86acfe63027-169x300.jpeg\" alt=\"\" width=\"169\" height=\"300\" srcset=\"https:\/\/www.blogdomassinha.com.br\/v1\/wp-content\/uploads\/2023\/09\/f5d8e23f-1a95-4c01-858c-c86acfe63027-169x300.jpeg 169w, https:\/\/www.blogdomassinha.com.br\/v1\/wp-content\/uploads\/2023\/09\/f5d8e23f-1a95-4c01-858c-c86acfe63027.jpeg 281w\" sizes=\"(max-width: 169px) 100vw, 169px\" \/><\/p>\n<p class=\"p1\"><span class=\"s1\">A Unimed Sudoeste anuncia com entusiasmo o retorno do Famus &#8211; Festival de Arte e M\u00fasica Unimed Sudoeste, que traz uma edi\u00e7\u00e3o repaginada e ainda mais emocionante para 2023. Com inscri\u00e7\u00f5es abertas de 10 a 20 de setembro, este evento promete agitar o cen\u00e1rio cultural e musical da regi\u00e3o sudoeste da Bahia, al\u00e9m de oferecer mais de 50 mil em pr\u00eamios incr\u00edveis para os participantes.<\/span><\/p>\n<p class=\"p1\"><strong><span class=\"s1\">O que \u00e9 o FAMUS?<\/span><\/strong><\/p>\n<p class=\"p1\"><span class=\"s1\">O Famus, Festival de Arte e M\u00fasica Unimed Sudoeste, \u00e9 uma iniciativa da Unimed do Sudoeste que visa incentivar e premiar os talentosos artistas da regi\u00e3o. <\/span><\/p>\n<p class=\"p1\"><span class=\"s1\">Compreendemos que a sa\u00fade \u00e9 um conceito abrangente, que engloba n\u00e3o apenas o bem-estar f\u00edsico, mas tamb\u00e9m o bem-estar emocional, social e cultural. Nesse sentido, a m\u00fasica e a cultura desempenham um papel fundamental, enriquecendo o nosso entendimento de sa\u00fade.<\/span><\/p>\n<p class=\"p1\"><span class=\"s1\">Este festival \u00e9 a oportunidade perfeita para os artistas locais brilharem e mostrarem o seu talento para toda a regi\u00e3o. Mais do que um concurso musical, o FAMUS \u00e9 um encontro de paix\u00f5es e talentos, onde a m\u00fasica e a arte se tornam protagonistas.<\/span><!--more--><\/p>\n<p><img loading=\"lazy\" class=\"alignright size-medium wp-image-40903\" src=\"https:\/\/www.blogdomassinha.com.br\/v1\/wp-content\/uploads\/2023\/09\/b5087430-768b-4aca-927f-de421c14ff4d-300x201.jpeg\" alt=\"\" width=\"300\" height=\"201\" srcset=\"https:\/\/www.blogdomassinha.com.br\/v1\/wp-content\/uploads\/2023\/09\/b5087430-768b-4aca-927f-de421c14ff4d-300x201.jpeg 300w, https:\/\/www.blogdomassinha.com.br\/v1\/wp-content\/uploads\/2023\/09\/b5087430-768b-4aca-927f-de421c14ff4d.jpeg 600w\" sizes=\"(max-width: 300px) 100vw, 300px\" \/><\/p>\n<p class=\"p1\"><strong><span class=\"s1\">Como vai funcionar?<\/span><\/strong><\/p>\n<p class=\"p1\"><span class=\"s1\">Em 2023, o Famus retorna em grande estilo, com um formato repaginado. O concurso ser\u00e1 dividido em cinco seletivas, realizadas nas cidades de Vit\u00f3ria da Conquista, Itapetinga, Brumado, Guanambi e Jequi\u00e9. Os participantes podem se inscrever na seletiva da cidade mais pr\u00f3xima de sua resid\u00eancia.<\/span><\/p>\n<p class=\"p1\"><span class=\"s1\">O Famus acontecer\u00e1 em quatro etapas emocionantes:<\/span><\/p>\n<p class=\"p1\"><span class=\"s1\">Inscri\u00e7\u00e3o: Os interessados devem realizar suas inscri\u00e7\u00f5es no site www.unimedsudoeste.com.br entre os dias 10 e 20 de setembro.<\/span><\/p>\n<p class=\"p1\"><span class=\"s1\">Avalia\u00e7\u00e3o: Os v\u00eddeos enviados pelos inscritos ser\u00e3o avaliados por jurados t\u00e9cnicos, que seguir\u00e3o o edital como crit\u00e9rio. Os melhores de cada microrregi\u00e3o avan\u00e7ar\u00e3o para as seletivas.<\/span><\/p>\n<p class=\"p1\"><span class=\"s1\">Seletivas: Os classificados da primeira fase ter\u00e3o a oportunidade de se apresentar ao vivo na cidade onde se inscreveram. Todos os finalistas ser\u00e3o premiados, mas o primeiro colocado, al\u00e9m de um pr\u00eamio maior, ter\u00e1 a chance de se apresentar na grande final do Famus.<\/span><\/p>\n<p class=\"p1\"><span class=\"s1\">Final: Os vencedores das seletivas far\u00e3o um emocionante Pocket Show em um grande evento marcado para o m\u00eas de Dezembro, encerrando com chave de ouro essa jornada musical.<\/span><\/p>\n<p class=\"p1\"><span class=\"s1\">Para mais detalhes sobre o regulamento e para realizar a sua inscri\u00e7\u00e3o, visite o site oficial do Famus: www.unimedsudoeste.com.br.<\/span><\/p>\n<p class=\"p1\"><span class=\"s1\">N\u00e3o perca esta chance de brilhar na cena musical da regi\u00e3o Sudoeste! O Famus est\u00e1 de volta e pronto para celebrar a cultura, a arte e a m\u00fasica com voc\u00ea!<\/span><\/p>\n","protected":false},"excerpt":{"rendered":"<p>A Unimed Sudoeste anuncia com entusiasmo o retorno do Famus &#8211; Festival de Arte e M\u00fasica Unimed Sudoeste, que traz uma edi\u00e7\u00e3o repaginada e ainda mais emocionante para 2023. Com inscri\u00e7\u00f5es abertas de 10 a 20 de setembro, este evento promete agitar o cen\u00e1rio cultural e musical da regi\u00e3o sudoeste da Bahia, al\u00e9m de oferecer [&hellip;]<\/p>\n","protected":false},"author":3,"featured_media":40902,"comment_status":"open","ping_status":"open","sticky":false,"template":"","format":"standard","meta":[],"categories":[7,3],"tags":[],"_links":{"self":[{"href":"https:\/\/www.blogdomassinha.com.br\/v1\/wp-json\/wp\/v2\/posts\/40901"}],"collection":[{"href":"https:\/\/www.blogdomassinha.com.br\/v1\/wp-json\/wp\/v2\/posts"}],"about":[{"href":"https:\/\/www.blogdomassinha.com.br\/v1\/wp-json\/wp\/v2\/types\/post"}],"author":[{"embeddable":true,"href":"https:\/\/www.blogdomassinha.com.br\/v1\/wp-json\/wp\/v2\/users\/3"}],"replies":[{"embeddable":true,"href":"https:\/\/www.blogdomassinha.com.br\/v1\/wp-json\/wp\/v2\/comments?post=40901"}],"version-history":[{"count":1,"href":"https:\/\/www.blogdomassinha.com.br\/v1\/wp-json\/wp\/v2\/posts\/40901\/revisions"}],"predecessor-version":[{"id":40904,"href":"https:\/\/www.blogdomassinha.com.br\/v1\/wp-json\/wp\/v2\/posts\/40901\/revisions\/40904"}],"wp:featuredmedia":[{"embeddable":true,"href":"https:\/\/www.blogdomassinha.com.br\/v1\/wp-json\/wp\/v2\/media\/40902"}],"wp:attachment":[{"href":"https:\/\/www.blogdomassinha.com.br\/v1\/wp-json\/wp\/v2\/media?parent=40901"}],"wp:term":[{"taxonomy":"category","embeddable":true,"href":"https:\/\/www.blogdomassinha.com.br\/v1\/wp-json\/wp\/v2\/categories?post=40901"},{"taxonomy":"post_tag","embeddable":true,"href":"https:\/\/www.blogdomassinha.com.br\/v1\/wp-json\/wp\/v2\/tags?post=40901"}],"curies":[{"name":"wp","href":"https:\/\/api.w.org\/{rel}","templated":true}]}}