{"id":40897,"date":"2023-09-11T14:54:59","date_gmt":"2023-09-11T17:54:59","guid":{"rendered":"https:\/\/www.blogdomassinha.com.br\/v1\/?p=40897"},"modified":"2023-09-11T14:54:59","modified_gmt":"2023-09-11T17:54:59","slug":"retorna-o-projeto-mais-abrangente-e-completo-do-pais-sobre-a-tematica-do-juri-nas-escolas-do-ensino-medio-o-tribunal-do-juri-vai-a-escola-e-sera-aplicado-em-15-escolas-da-rede-publica-em-vitoria-da","status":"publish","type":"post","link":"https:\/\/www.blogdomassinha.com.br\/v1\/2023\/09\/11\/retorna-o-projeto-mais-abrangente-e-completo-do-pais-sobre-a-tematica-do-juri-nas-escolas-do-ensino-medio-o-tribunal-do-juri-vai-a-escola-e-sera-aplicado-em-15-escolas-da-rede-publica-em-vitoria-da\/","title":{"rendered":"Retorna o projeto mais abrangente e completo do pa\u00eds sobre a tem\u00e1tica do J\u00fari nas escolas do Ensino M\u00e9dio, o Tribunal do J\u00fari vai \u00e0 Escola, e ser\u00e1 aplicado em 15 escolas da Rede P\u00fablica em Vit\u00f3ria da Conquista e diversos munic\u00edpios"},"content":{"rendered":"<p class=\"p2\"><img loading=\"lazy\" class=\"alignright size-medium wp-image-40898\" src=\"https:\/\/www.blogdomassinha.com.br\/v1\/wp-content\/uploads\/2023\/09\/b8a22862-9c71-413c-80ec-98556b611628-300x300.jpeg\" alt=\"\" width=\"300\" height=\"300\" srcset=\"https:\/\/www.blogdomassinha.com.br\/v1\/wp-content\/uploads\/2023\/09\/b8a22862-9c71-413c-80ec-98556b611628-300x300.jpeg 300w, https:\/\/www.blogdomassinha.com.br\/v1\/wp-content\/uploads\/2023\/09\/b8a22862-9c71-413c-80ec-98556b611628-150x150.jpeg 150w, https:\/\/www.blogdomassinha.com.br\/v1\/wp-content\/uploads\/2023\/09\/b8a22862-9c71-413c-80ec-98556b611628.jpeg 500w\" sizes=\"(max-width: 300px) 100vw, 300px\" \/><\/p>\n<p class=\"p2\"><span class=\"s1\">Come\u00e7a nesta segunda-feira (11.09 at\u00e9 15.09), a I fase do<span class=\"Apple-converted-space\">\u00a0 <\/span>Projeto OAB vai \u00e0 escola em sua II edi\u00e7\u00e3o, promovida pela Comiss\u00e3o de Sistema Penal e Seguran\u00e7a P\u00fablica com apoio do Projeto OAB vai \u00e0 Escola e Comiss\u00e3o de Integra\u00e7\u00e3o Regional. <\/span><\/p>\n<p class=\"p2\"><span class=\"s1\">O Projeto \u00e9 desenvolvido em III fases, sendo a I fase, um ciclo de palestras com Advocacia, Magistratura, Minist\u00e9rio P\u00fablico, Policiais Militares e Civis, Servidores da Justi\u00e7a e pessoas que prestaram servi\u00e7os como jurado.<\/span><\/p>\n<p class=\"p2\"><span class=\"s1\">Envolve equipe de dezenas de profissionais, sendo eles j\u00e1 confirmados: 20 Advogadas e Advogados, 11 Ju\u00edzes, 4 Promotores de Justi\u00e7a, 5 Delegados de Pol\u00edcia, 8 Policiais Militares, 6 Servidores da Justi\u00e7a, 6 Jurados, al\u00e9m de 30 profissionais da educa\u00e7\u00e3o como coordenadores pedag\u00f3gicos, diretores e diregentes do NTE-20 e 10 pessoas equipe de apoio (equipe de 100 pessoas) para atingir p\u00fablico de<span class=\"Apple-converted-space\">\u00a0 <\/span>7 mil alunos estimados da Rede P\u00fablica do Ensino M\u00e9dio. <\/span><!--more--><\/p>\n<p class=\"p2\"><span class=\"s1\">O J\u00fari Simulado \u00e9 pioneiro no Brasil, pois desenvolve tr\u00eas fases completas com abrang\u00eancia a milhares de alunos simultaneamente. Com destaque especial \u00e0s palestras de todos profissionais envolvidos no J\u00fari popular, al\u00e9m de mentoria e capacita\u00e7\u00e3o aos personagens que participar\u00e3o do J\u00fari simulado. <\/span><\/p>\n<p class=\"p2\"><span class=\"s1\">Com obedi\u00eancia a estrutura legal, o projeto acontece no mesmo local onde se realiza o J\u00fari real, sendo que o Magistrado togado preside o J\u00fari.<\/span><\/p>\n<p class=\"p2\"><span class=\"s1\">Contemplando, simultaneamente 15 escolas em Vit\u00f3ria da Conquista na Zona Urbana e Zona Rural, com um p\u00fablico estimado de mais de 7 mil alunos.<\/span><\/p>\n<p class=\"p2\"><span class=\"s1\">Al\u00e9m de escolas nas cidades de Anag\u00e9, Planalto, Po\u00e7\u00f5es, Belo Campo, Tremedal e Conde\u00faba.<\/span><\/p>\n","protected":false},"excerpt":{"rendered":"<p>Come\u00e7a nesta segunda-feira (11.09 at\u00e9 15.09), a I fase do\u00a0 Projeto OAB vai \u00e0 escola em sua II edi\u00e7\u00e3o, promovida pela Comiss\u00e3o de Sistema Penal e Seguran\u00e7a P\u00fablica com apoio do Projeto OAB vai \u00e0 Escola e Comiss\u00e3o de Integra\u00e7\u00e3o Regional. O Projeto \u00e9 desenvolvido em III fases, sendo a I fase, um ciclo de [&hellip;]<\/p>\n","protected":false},"author":3,"featured_media":40898,"comment_status":"open","ping_status":"open","sticky":false,"template":"","format":"standard","meta":[],"categories":[7,1],"tags":[],"_links":{"self":[{"href":"https:\/\/www.blogdomassinha.com.br\/v1\/wp-json\/wp\/v2\/posts\/40897"}],"collection":[{"href":"https:\/\/www.blogdomassinha.com.br\/v1\/wp-json\/wp\/v2\/posts"}],"about":[{"href":"https:\/\/www.blogdomassinha.com.br\/v1\/wp-json\/wp\/v2\/types\/post"}],"author":[{"embeddable":true,"href":"https:\/\/www.blogdomassinha.com.br\/v1\/wp-json\/wp\/v2\/users\/3"}],"replies":[{"embeddable":true,"href":"https:\/\/www.blogdomassinha.com.br\/v1\/wp-json\/wp\/v2\/comments?post=40897"}],"version-history":[{"count":1,"href":"https:\/\/www.blogdomassinha.com.br\/v1\/wp-json\/wp\/v2\/posts\/40897\/revisions"}],"predecessor-version":[{"id":40899,"href":"https:\/\/www.blogdomassinha.com.br\/v1\/wp-json\/wp\/v2\/posts\/40897\/revisions\/40899"}],"wp:featuredmedia":[{"embeddable":true,"href":"https:\/\/www.blogdomassinha.com.br\/v1\/wp-json\/wp\/v2\/media\/40898"}],"wp:attachment":[{"href":"https:\/\/www.blogdomassinha.com.br\/v1\/wp-json\/wp\/v2\/media?parent=40897"}],"wp:term":[{"taxonomy":"category","embeddable":true,"href":"https:\/\/www.blogdomassinha.com.br\/v1\/wp-json\/wp\/v2\/categories?post=40897"},{"taxonomy":"post_tag","embeddable":true,"href":"https:\/\/www.blogdomassinha.com.br\/v1\/wp-json\/wp\/v2\/tags?post=40897"}],"curies":[{"name":"wp","href":"https:\/\/api.w.org\/{rel}","templated":true}]}}