{"id":40829,"date":"2023-09-08T11:00:08","date_gmt":"2023-09-08T14:00:08","guid":{"rendered":"https:\/\/www.blogdomassinha.com.br\/v1\/?p=40829"},"modified":"2023-09-08T11:00:08","modified_gmt":"2023-09-08T14:00:08","slug":"presidente-da-camara-herminio-oliveira-desfila-no-07-de-setembro-compondo-o-pelotao-de-reservas-da-policia-militar","status":"publish","type":"post","link":"https:\/\/www.blogdomassinha.com.br\/v1\/2023\/09\/08\/presidente-da-camara-herminio-oliveira-desfila-no-07-de-setembro-compondo-o-pelotao-de-reservas-da-policia-militar\/","title":{"rendered":"Presidente da C\u00e2mara, Herm\u00ednio Oliveira, desfila no 07 de setembro compondo o Pelot\u00e3o de Reservas da Pol\u00edcia Militar"},"content":{"rendered":"<p class=\"p1\"><img loading=\"lazy\" class=\"size-medium wp-image-40830 alignleft\" src=\"https:\/\/www.blogdomassinha.com.br\/v1\/wp-content\/uploads\/2023\/09\/a982f0b4-d412-4a4a-8133-fda3c3898efd-135x300.jpeg\" alt=\"\" width=\"135\" height=\"300\" srcset=\"https:\/\/www.blogdomassinha.com.br\/v1\/wp-content\/uploads\/2023\/09\/a982f0b4-d412-4a4a-8133-fda3c3898efd-135x300.jpeg 135w, https:\/\/www.blogdomassinha.com.br\/v1\/wp-content\/uploads\/2023\/09\/a982f0b4-d412-4a4a-8133-fda3c3898efd.jpeg 225w\" sizes=\"(max-width: 135px) 100vw, 135px\" \/><\/p>\n<p class=\"p1\"><span class=\"s1\">A avenida Integra\u00e7\u00e3o recebeu um grande p\u00fablico para comemorar o 07 de setembro, data magna da nossa independ\u00eancia. \u201c\u00c9 um evento festivo, sempre foi um motivo de congra\u00e7amento, um encontro de lazer, sem esquecer que sempre foi a grande oportunidade dos brasileiros manifestarem o seu sentimento de patriotismo, de civismo, independente de qual governo esteja \u00e0 frente da na\u00e7\u00e3o\u201d.<\/span><\/p>\n<p class=\"p1\"><span class=\"s1\">As escolas da rede municipal, da sede e da zona rural, deram um show no desfile de ontem, com performance garbosa, os alunos prestaram merecidas homenagens a homens e mulheres que fizeram e fazem a hist\u00f3ria da nossa cidade.<\/span><!--more--><\/p>\n<p class=\"p1\"><span class=\"s1\">Um dos pontos altos do evento \u00e9 quando a Pol\u00edcia Militar desce a passarela do circuito de forma cadenciada, despertando, inclusive nas crian\u00e7as, brilho nos olhos. O vereador Herm\u00ednio Oliveira, presidente do legislativo conquistense, faz quest\u00e3o de desfilar todos os anos puxando a fila do pelot\u00e3o dos militares da reserva.<\/span><\/p>\n<p class=\"p1\"><span class=\"s1\">A anfitri\u00e3 do evento, a prefeita Sheila Lemos, chegou cedo ao palanque oficial e permaneceu at\u00e9 o final do desfile. Por outro lado, o deputado Waldenor Pereira, em clima de campanha, andou ao longo do percurso falando com a popula\u00e7\u00e3o. O mesmo aconteceu com a vereadora L\u00facia Rocha, ela n\u00e3o perdeu a oportunidade de fotografar ao lado de populares.<\/span><\/p>\n","protected":false},"excerpt":{"rendered":"<p>A avenida Integra\u00e7\u00e3o recebeu um grande p\u00fablico para comemorar o 07 de setembro, data magna da nossa independ\u00eancia. \u201c\u00c9 um evento festivo, sempre foi um motivo de congra\u00e7amento, um encontro de lazer, sem esquecer que sempre foi a grande oportunidade dos brasileiros manifestarem o seu sentimento de patriotismo, de civismo, independente de qual governo esteja [&hellip;]<\/p>\n","protected":false},"author":3,"featured_media":40830,"comment_status":"open","ping_status":"open","sticky":false,"template":"","format":"standard","meta":[],"categories":[7,1],"tags":[],"_links":{"self":[{"href":"https:\/\/www.blogdomassinha.com.br\/v1\/wp-json\/wp\/v2\/posts\/40829"}],"collection":[{"href":"https:\/\/www.blogdomassinha.com.br\/v1\/wp-json\/wp\/v2\/posts"}],"about":[{"href":"https:\/\/www.blogdomassinha.com.br\/v1\/wp-json\/wp\/v2\/types\/post"}],"author":[{"embeddable":true,"href":"https:\/\/www.blogdomassinha.com.br\/v1\/wp-json\/wp\/v2\/users\/3"}],"replies":[{"embeddable":true,"href":"https:\/\/www.blogdomassinha.com.br\/v1\/wp-json\/wp\/v2\/comments?post=40829"}],"version-history":[{"count":1,"href":"https:\/\/www.blogdomassinha.com.br\/v1\/wp-json\/wp\/v2\/posts\/40829\/revisions"}],"predecessor-version":[{"id":40831,"href":"https:\/\/www.blogdomassinha.com.br\/v1\/wp-json\/wp\/v2\/posts\/40829\/revisions\/40831"}],"wp:featuredmedia":[{"embeddable":true,"href":"https:\/\/www.blogdomassinha.com.br\/v1\/wp-json\/wp\/v2\/media\/40830"}],"wp:attachment":[{"href":"https:\/\/www.blogdomassinha.com.br\/v1\/wp-json\/wp\/v2\/media?parent=40829"}],"wp:term":[{"taxonomy":"category","embeddable":true,"href":"https:\/\/www.blogdomassinha.com.br\/v1\/wp-json\/wp\/v2\/categories?post=40829"},{"taxonomy":"post_tag","embeddable":true,"href":"https:\/\/www.blogdomassinha.com.br\/v1\/wp-json\/wp\/v2\/tags?post=40829"}],"curies":[{"name":"wp","href":"https:\/\/api.w.org\/{rel}","templated":true}]}}