{"id":40803,"date":"2023-09-06T17:41:24","date_gmt":"2023-09-06T20:41:24","guid":{"rendered":"https:\/\/www.blogdomassinha.com.br\/v1\/?p=40803"},"modified":"2023-09-06T17:41:24","modified_gmt":"2023-09-06T20:41:24","slug":"vamos-requalificar-a-av-brumado-ela-ficara-igual-a-olivia-flores-disse-a-prefeita-na-coletiva-de-hoje","status":"publish","type":"post","link":"https:\/\/www.blogdomassinha.com.br\/v1\/2023\/09\/06\/vamos-requalificar-a-av-brumado-ela-ficara-igual-a-olivia-flores-disse-a-prefeita-na-coletiva-de-hoje\/","title":{"rendered":"\u201cVamos requalificar a Av. Brumado. Ela ficar\u00e1 igual a Ol\u00edvia Flores\u201d, disse a prefeita na coletiva de hoje"},"content":{"rendered":"<p class=\"p1\"><img loading=\"lazy\" class=\"alignright size-medium wp-image-40804\" src=\"https:\/\/www.blogdomassinha.com.br\/v1\/wp-content\/uploads\/2023\/09\/56b02a17-4346-478b-904b-3700a2d3e599-300x225.jpeg\" alt=\"\" width=\"300\" height=\"225\" srcset=\"https:\/\/www.blogdomassinha.com.br\/v1\/wp-content\/uploads\/2023\/09\/56b02a17-4346-478b-904b-3700a2d3e599-300x225.jpeg 300w, https:\/\/www.blogdomassinha.com.br\/v1\/wp-content\/uploads\/2023\/09\/56b02a17-4346-478b-904b-3700a2d3e599.jpeg 600w\" sizes=\"(max-width: 300px) 100vw, 300px\" \/><\/p>\n<p class=\"p1\"><span class=\"s1\">Ladeada pelos secret\u00e1rios Jackson Yoshiura e Mateus Novais, da Seinfra e da Transpar\u00eancia, respectivamente, a prefeita Sheila Lemos adentrou a sala onde se encontrava a imprensa que fora convidada para participar da coletiva na qual a gestora relataria tudo sobre o empr\u00e9stimo de R$160 milh\u00f5es que contou com a aprova\u00e7\u00e3o da C\u00e2mara de Vereadores. O presidente Herm\u00ednio chegou em tempo, ali\u00e1s, ele ouviu a fala da prefeita desde o in\u00edcio.<\/span><\/p>\n<p class=\"p1\"><span class=\"s1\">Sheila, como de costume, estava sorridente, hoje um pouco mais, notava-se um semblante leve e dando a ideia de que venceu uma grande batalha, afinal, estamos pr\u00f3ximos a uma elei\u00e7\u00e3o municipal e parava no ar uma certa d\u00favida, uma inseguran\u00e7a, por parte de membros do governo de que o empr\u00e9stimo poderia sofrer algum entrave e toda a expectativa das obras anunciadas ficassem apenas no papel.<\/span><!--more--><\/p>\n<p class=\"p1\"><span class=\"s1\">xxxxxxxxxxxx<\/span><\/p>\n<p class=\"p1\"><span class=\"s1\">N\u00e3o, n\u00e3o, a not\u00edcia que veio da boca da pr\u00f3pria gestora \u00e9 que \u201cagora podemos comemorar, o empr\u00e9stimo junto \u00e0 Caixa foi definitivamente aprovado, agora s\u00f3 depende dos tr\u00e2mites internos dentro da Caixa, cremos que ser\u00e1 r\u00e1pido e cumpriremos a nossa meta junto a alguns bairros que tanto precisam de um bra\u00e7o da prefeitura. O dinheiro n\u00e3o sair\u00e1 todo de vez, de forma gradativa cair\u00e1 na conta, a gente vai executando as obras, presta conta e eles continuam liberando\u201d.<\/span><\/p>\n<p class=\"p1\"><span class=\"s1\">xxxxxxxxxxxx<\/span><\/p>\n<p class=\"p1\"><span class=\"s1\">Vimos uma imprensa interrogativa, mas tamb\u00e9m demonstrando alegria por entender que a libera\u00e7\u00e3o do empr\u00e9stimo pela institui\u00e7\u00e3o financeira. Fica claro que nesse caso espec\u00edfico n\u00e3o existe retalia\u00e7\u00e3o pol\u00edtica e que, ao contr\u00e1rio do que alguns dizem, \u201ca prefeitura tem capacidade de endividamento, sen\u00e3o a Caixa n\u00e3o liberaria o dinheiro. Ora, qual banco emprestaria um montante t\u00e3o alto se o requerente n\u00e3o tivessse condi\u00e7\u00f5es de pagar?\u201d.<\/span><\/p>\n<p class=\"p1\"><span class=\"s1\">A prefeita fez quest\u00e3o de enumerar uma s\u00e9rie de obras que o empr\u00e9stimo possibilitar\u00e1 realizar, dentre elas: \u201cali no terreno do Clube Social edificaremos um Centro de Atendimento \u00e0 Mulher e faremos na Avenida Brunado o que fizemos na Ol\u00edvia Flores\u201d!<\/span><\/p>\n","protected":false},"excerpt":{"rendered":"<p>Ladeada pelos secret\u00e1rios Jackson Yoshiura e Mateus Novais, da Seinfra e da Transpar\u00eancia, respectivamente, a prefeita Sheila Lemos adentrou a sala onde se encontrava a imprensa que fora convidada para participar da coletiva na qual a gestora relataria tudo sobre o empr\u00e9stimo de R$160 milh\u00f5es que contou com a aprova\u00e7\u00e3o da C\u00e2mara de Vereadores. O [&hellip;]<\/p>\n","protected":false},"author":3,"featured_media":40804,"comment_status":"open","ping_status":"open","sticky":false,"template":"","format":"standard","meta":[],"categories":[7,2],"tags":[],"_links":{"self":[{"href":"https:\/\/www.blogdomassinha.com.br\/v1\/wp-json\/wp\/v2\/posts\/40803"}],"collection":[{"href":"https:\/\/www.blogdomassinha.com.br\/v1\/wp-json\/wp\/v2\/posts"}],"about":[{"href":"https:\/\/www.blogdomassinha.com.br\/v1\/wp-json\/wp\/v2\/types\/post"}],"author":[{"embeddable":true,"href":"https:\/\/www.blogdomassinha.com.br\/v1\/wp-json\/wp\/v2\/users\/3"}],"replies":[{"embeddable":true,"href":"https:\/\/www.blogdomassinha.com.br\/v1\/wp-json\/wp\/v2\/comments?post=40803"}],"version-history":[{"count":1,"href":"https:\/\/www.blogdomassinha.com.br\/v1\/wp-json\/wp\/v2\/posts\/40803\/revisions"}],"predecessor-version":[{"id":40805,"href":"https:\/\/www.blogdomassinha.com.br\/v1\/wp-json\/wp\/v2\/posts\/40803\/revisions\/40805"}],"wp:featuredmedia":[{"embeddable":true,"href":"https:\/\/www.blogdomassinha.com.br\/v1\/wp-json\/wp\/v2\/media\/40804"}],"wp:attachment":[{"href":"https:\/\/www.blogdomassinha.com.br\/v1\/wp-json\/wp\/v2\/media?parent=40803"}],"wp:term":[{"taxonomy":"category","embeddable":true,"href":"https:\/\/www.blogdomassinha.com.br\/v1\/wp-json\/wp\/v2\/categories?post=40803"},{"taxonomy":"post_tag","embeddable":true,"href":"https:\/\/www.blogdomassinha.com.br\/v1\/wp-json\/wp\/v2\/tags?post=40803"}],"curies":[{"name":"wp","href":"https:\/\/api.w.org\/{rel}","templated":true}]}}