{"id":40778,"date":"2023-09-06T01:16:32","date_gmt":"2023-09-06T04:16:32","guid":{"rendered":"https:\/\/www.blogdomassinha.com.br\/v1\/?p=40778"},"modified":"2023-09-06T01:20:41","modified_gmt":"2023-09-06T04:20:41","slug":"agencia-baiana-ganha-o-premio-de-melhor-agencia-do-nordeste","status":"publish","type":"post","link":"https:\/\/www.blogdomassinha.com.br\/v1\/2023\/09\/06\/agencia-baiana-ganha-o-premio-de-melhor-agencia-do-nordeste\/","title":{"rendered":"Ag\u00eancia baiana ganha o pr\u00eamio de melhor ag\u00eancia do Nordeste"},"content":{"rendered":"<div id=\"attachment_40779\" style=\"width: 287px\" class=\"wp-caption alignright\"><img aria-describedby=\"caption-attachment-40779\" loading=\"lazy\" class=\"size-medium wp-image-40779\" src=\"https:\/\/www.blogdomassinha.com.br\/v1\/wp-content\/uploads\/2023\/09\/db62f732-0834-402e-b140-644a09d1e9a9-277x300.jpeg\" alt=\"\" width=\"277\" height=\"300\" srcset=\"https:\/\/www.blogdomassinha.com.br\/v1\/wp-content\/uploads\/2023\/09\/db62f732-0834-402e-b140-644a09d1e9a9-277x300.jpeg 277w, https:\/\/www.blogdomassinha.com.br\/v1\/wp-content\/uploads\/2023\/09\/db62f732-0834-402e-b140-644a09d1e9a9.jpeg 462w\" sizes=\"(max-width: 277px) 100vw, 277px\" \/><p id=\"caption-attachment-40779\" class=\"wp-caption-text\">Mois\u00e9s Brito, Thais Figueiredo e Graziella Garcia &#8211; Cr\u00e9dito: Divulga\u00e7\u00e3o<\/p><\/div>\n<p><em><br \/>\nTOP Mega Brasil 2023 \u00e9 a maior premia\u00e7\u00e3o do pa\u00eds no segmento e destaca ag\u00eancias e executivos de comunica\u00e7\u00e3o corporativa de todas as regi\u00f5es<\/em><\/p>\n<p style=\"font-weight: 400;\">A Comunicativa venceu o Pr\u00eamio TOP Mega Brasil de Comunica\u00e7\u00e3o Corporativa como melhor ag\u00eancia do Nordeste em 2023. A premia\u00e7\u00e3o \u00e9 uma das poucas iniciativas de reconhecimento da \u00e1rea de comunica\u00e7\u00e3o corporativa do pa\u00eds e j\u00e1 est\u00e1 em sua oitava edi\u00e7\u00e3o, trazendo protagonismo \u00e0s ag\u00eancias e comunicadores.<\/p>\n<p style=\"font-weight: 400;\">Atuando h\u00e1 quase trinta anos no mercado de comunica\u00e7\u00e3o da Bahia e do Brasil, a Comunicativa conta com mais de quarenta clientes de diversos segmentos em seu portf\u00f3lio. Fundada por F\u00e1tima Martins, se tornou a pioneira no desenvolvimento de ferramentas integradas de comunica\u00e7\u00e3o empresarial no estado. Em todos esses anos, a ag\u00eancia sempre enxergou o seu trabalho como um elo de comunica\u00e7\u00e3o e relacionamento entre as organiza\u00e7\u00f5es e seus diferentes p\u00fablicos, atrav\u00e9s de procedimentos alinhados, ferramentas modernas e atendimento individualizado.<\/p>\n<p style=\"font-weight: 400;\">\u201cVencer a premia\u00e7\u00e3o \u00e9 um reconhecimento do trabalhado da ag\u00eancia e a celebra\u00e7\u00e3o de talentos baianos e nordestinos. Inclusive, entre o TOP 5 Nordeste, quatro eram empresas baianas\u201d, afirma Mois\u00e9s Brito, um dos s\u00f3cios da Comunicativa, que conta com outras duas s\u00f3cias, Graziella Garcia e Thais Figueiredo. Mois\u00e9s ainda completa \u201ca premia\u00e7\u00e3o d\u00e1 luz a um trabalho que costuma ser silencioso, quase sempre feito nos bastidores e que muitas vezes n\u00e3o tem o reconhecimento que merece\u201d.<!--more--><\/p>\n<p style=\"font-weight: 400;\">Para concorrer ao TOP Mega Brasil \u00e9 preciso passar pelas duas fases da premia\u00e7\u00e3o. Na primeira, atrav\u00e9s de vota\u00e7\u00e3o aberta, org\u00e2nica e \u00fanica, as ag\u00eancias e executivos s\u00e3o indicados para concorrerem nas categorias TOP Brasil, que traz os dez melhores do pa\u00eds, e TOP regi\u00f5es, onde cinco nomes ficam entre os indicados de cada uma das regi\u00f5es do Brasil. Na segunda fase, com os nomes j\u00e1 definidos, a vota\u00e7\u00e3o passa a ser para os melhores em ambas categorias, que conquistar\u00e3o o primeiro lugar.<\/p>\n<p style=\"font-weight: 400;\">Para Mois\u00e9s, que recebeu presencialmente o pr\u00eamio, em S\u00e3o Paulo, al\u00e9m de toda mobiliza\u00e7\u00e3o de amigos, parceiros e clientes para adquirir votos, a indica\u00e7\u00e3o se deu, tamb\u00e9m, pela trajet\u00f3ria de respeito e confian\u00e7a constru\u00edda pela Comunicativa. \u201cN\u00e3o somos apenas uma ag\u00eancia que conseguiu muitos votos nessa premia\u00e7\u00e3o; de fato, tamb\u00e9m somos uma das principais ag\u00eancias do Nordeste no que diz respeito a tempo de mercado, faturamento, experi\u00eancia e tamanho de equipe. Ent\u00e3o, acho que tudo isso coroa a nossa hist\u00f3ria\u201d, afirmou. A Comunicativa j\u00e1 ficou entre o TOP 5 Nordeste duas vezes, em 2015 e 2018.<\/p>\n<p style=\"font-weight: 400;\"><strong>BAIANOS EM DESTAQUE \u2013\u00a0<\/strong>A Bahia teve destaque na premia\u00e7\u00e3o, seja na categoria ag\u00eancia, seja entre os executivos. Entre as ag\u00eancias, dos cinco finalistas no Nordeste, quatro eram da boa terra. As ag\u00eancias Darana RP, ATCom e Texto&amp;Cia disputaram com a Comunicativa e com a ag\u00eancia Marketing Real, do Rio Grande do Norte.<\/p>\n<p><span style=\"font-weight: 400;\">Entre os executivos, destaque para as mulheres baianas, que ocuparam tamb\u00e9m quatro das cinco vagas na final. A vencedora foi a baiana Daniela Franco, do Salvador Bahia Airport e o p\u00f3dio ainda teve D\u00e9lia Coutinho, da Fecom\u00e9rcio-BA, Amine Darz\u00e9, da Neoenergia\/Coelba e Ta\u00edse Muniz, da Arena Fonte Nova, al\u00e9m de Neliza Ferraz, do Grupo A\u00e7o Cearense<\/span><\/p>\n","protected":false},"excerpt":{"rendered":"<p>TOP Mega Brasil 2023 \u00e9 a maior premia\u00e7\u00e3o do pa\u00eds no segmento e destaca ag\u00eancias e executivos de comunica\u00e7\u00e3o corporativa de todas as regi\u00f5es A Comunicativa venceu o Pr\u00eamio TOP Mega Brasil de Comunica\u00e7\u00e3o Corporativa como melhor ag\u00eancia do Nordeste em 2023. A premia\u00e7\u00e3o \u00e9 uma das poucas iniciativas de reconhecimento da \u00e1rea de comunica\u00e7\u00e3o [&hellip;]<\/p>\n","protected":false},"author":3,"featured_media":40779,"comment_status":"open","ping_status":"open","sticky":false,"template":"","format":"standard","meta":[],"categories":[7,1],"tags":[],"_links":{"self":[{"href":"https:\/\/www.blogdomassinha.com.br\/v1\/wp-json\/wp\/v2\/posts\/40778"}],"collection":[{"href":"https:\/\/www.blogdomassinha.com.br\/v1\/wp-json\/wp\/v2\/posts"}],"about":[{"href":"https:\/\/www.blogdomassinha.com.br\/v1\/wp-json\/wp\/v2\/types\/post"}],"author":[{"embeddable":true,"href":"https:\/\/www.blogdomassinha.com.br\/v1\/wp-json\/wp\/v2\/users\/3"}],"replies":[{"embeddable":true,"href":"https:\/\/www.blogdomassinha.com.br\/v1\/wp-json\/wp\/v2\/comments?post=40778"}],"version-history":[{"count":4,"href":"https:\/\/www.blogdomassinha.com.br\/v1\/wp-json\/wp\/v2\/posts\/40778\/revisions"}],"predecessor-version":[{"id":40783,"href":"https:\/\/www.blogdomassinha.com.br\/v1\/wp-json\/wp\/v2\/posts\/40778\/revisions\/40783"}],"wp:featuredmedia":[{"embeddable":true,"href":"https:\/\/www.blogdomassinha.com.br\/v1\/wp-json\/wp\/v2\/media\/40779"}],"wp:attachment":[{"href":"https:\/\/www.blogdomassinha.com.br\/v1\/wp-json\/wp\/v2\/media?parent=40778"}],"wp:term":[{"taxonomy":"category","embeddable":true,"href":"https:\/\/www.blogdomassinha.com.br\/v1\/wp-json\/wp\/v2\/categories?post=40778"},{"taxonomy":"post_tag","embeddable":true,"href":"https:\/\/www.blogdomassinha.com.br\/v1\/wp-json\/wp\/v2\/tags?post=40778"}],"curies":[{"name":"wp","href":"https:\/\/api.w.org\/{rel}","templated":true}]}}