{"id":40707,"date":"2023-09-02T14:01:37","date_gmt":"2023-09-02T17:01:37","guid":{"rendered":"https:\/\/www.blogdomassinha.com.br\/v1\/?p=40707"},"modified":"2023-09-02T14:01:37","modified_gmt":"2023-09-02T17:01:37","slug":"camara-ficou-pequena-para-receber-os-companheiros-de-nono-comeca-a-largada-para-disputa-a-prefeitura-de-conquista","status":"publish","type":"post","link":"https:\/\/www.blogdomassinha.com.br\/v1\/2023\/09\/02\/camara-ficou-pequena-para-receber-os-companheiros-de-nono-comeca-a-largada-para-disputa-a-prefeitura-de-conquista\/","title":{"rendered":"C\u00e2mara ficou pequena para receber os companheiros de Non\u00f4. Come\u00e7a a largada para disputa \u00e0 prefeitura de Conquista!"},"content":{"rendered":"<p class=\"p1\"><img loading=\"lazy\" class=\"size-medium wp-image-40716 alignleft\" src=\"https:\/\/www.blogdomassinha.com.br\/v1\/wp-content\/uploads\/2023\/09\/IMG_2701-300x199.jpeg\" alt=\"\" width=\"300\" height=\"199\" srcset=\"https:\/\/www.blogdomassinha.com.br\/v1\/wp-content\/uploads\/2023\/09\/IMG_2701-300x199.jpeg 300w, https:\/\/www.blogdomassinha.com.br\/v1\/wp-content\/uploads\/2023\/09\/IMG_2701.jpeg 600w\" sizes=\"(max-width: 300px) 100vw, 300px\" \/><\/p>\n<p class=\"p1\"><span class=\"s1\">O deputado Waldenor Pereira come\u00e7ou a discutir com a popula\u00e7\u00e3o conquistense os rumos da sua campanha na tentativa de chegar a prefeitura de Conquista e o que vimos na manh\u00e3 de hoje na C\u00e2mara de Vereadores foi uma grande participa\u00e7\u00e3o popular, militantes hist\u00f3ricos do Partido dos Trabalhadores, e tamb\u00e9m militantes das siglas que comp\u00f5em o grupo de esquerda e centro esquerda que, juntos, buscam levar o deputado federal ao comando administrativo da nossa cidade.<\/span><\/p>\n<p class=\"p1\"><span class=\"s1\">xxxxxxxxxxxx<\/span><\/p>\n<p class=\"p1\"><span class=\"s1\">Ficou imposs\u00edvel adentrar o plen\u00e1rio do legislativo, era muita gente disputando um lugar, as cadeiras todas tomadas, laterais,<span class=\"Apple-converted-space\">\u00a0 <\/span>centro, tudo ocupado com pessoas de p\u00e9, at\u00e9 as escadarias continham dezenas de pessoas que disputavam um espa\u00e7o para ouvir os oradores.<\/span><\/p>\n<p><img loading=\"lazy\" class=\"alignright size-medium wp-image-40715\" src=\"https:\/\/www.blogdomassinha.com.br\/v1\/wp-content\/uploads\/2023\/09\/IMG_2702-300x198.jpeg\" alt=\"\" width=\"300\" height=\"198\" srcset=\"https:\/\/www.blogdomassinha.com.br\/v1\/wp-content\/uploads\/2023\/09\/IMG_2702-300x198.jpeg 300w, https:\/\/www.blogdomassinha.com.br\/v1\/wp-content\/uploads\/2023\/09\/IMG_2702.jpeg 600w\" sizes=\"(max-width: 300px) 100vw, 300px\" \/><\/p>\n<p class=\"p1\"><span class=\"s1\">Non\u00f4 quer repetir o feito de Guilherme Menezes e Z\u00e9 Raimundo, que conseguiram chegar \u00e0 prefeitura de Conquista. Ele j\u00e1 conseguiu transpor uma barreira, chega a condi\u00e7\u00e3o de candidato ap\u00f3s os vereadores Xand\u00f3, Viviane e Waldemir abdicarem da pretens\u00e3o de sa\u00edrem candidatos, ap\u00f3s discuss\u00e3o interna o grupo saiu unido.<\/span><\/p>\n<p class=\"p1\"><span class=\"s1\">xxxxxxxxxxxx<\/span><\/p>\n<p class=\"p1\"><span class=\"s1\">Para vencer a prefeita Sheila Lemos, Non\u00f4 sabe que precisa conversar com a cidade, e muito, portanto, cada militante que vestir a sua camisa ter\u00e1 que fazer uso do seu poder de convencimento, ter\u00e1 que falar para os filhos de Conquista que o projeto de Non\u00f4 ser\u00e1 o melhor pra cidade. E ser\u00e1 que \u00e9? Quem responder\u00e1 \u00e9 o eleitor que ir\u00e1 \u00e0s urnas em outubro.<\/span><\/p>\n<p><img loading=\"lazy\" class=\"size-medium wp-image-40714 alignleft\" src=\"https:\/\/www.blogdomassinha.com.br\/v1\/wp-content\/uploads\/2023\/09\/IMG_2703-300x192.jpeg\" alt=\"\" width=\"300\" height=\"192\" srcset=\"https:\/\/www.blogdomassinha.com.br\/v1\/wp-content\/uploads\/2023\/09\/IMG_2703-300x192.jpeg 300w, https:\/\/www.blogdomassinha.com.br\/v1\/wp-content\/uploads\/2023\/09\/IMG_2703.jpeg 600w\" sizes=\"(max-width: 300px) 100vw, 300px\" \/><\/p>\n<p class=\"p1\"><span class=\"s1\">O deputado me falou em entrevista na \u00faltima quinta-feira, 30, que vai dialogar com todos os setores populares e tamb\u00e9m com os segmentos produtivos da nossa sociedade. \u201cEu entendo que para administrar uma cidade como a nossa \u00e9 preciso dividir a responsabilidade com os empres\u00e1rios, com os professores, estudantes, saber das inquieta\u00e7\u00f5es da popula\u00e7\u00e3o e buscar as solu\u00e7\u00f5es\u201d, explicou o pr\u00e9-candidato que est\u00e1 no seu quarto mandato de deputado federal.<\/span><\/p>\n<p class=\"p1\"><span class=\"s1\">xxxxxxxxxxxx<\/span><\/p>\n<p class=\"p1\"><span class=\"s1\">E L\u00facia Rocha seria uma pedra em seu caminho? A vereadora continuar\u00e1 com o seu nome na disputa ao cargo de prefeita? Ou L\u00facia j\u00e1 \u00e9 fato consumado, ser\u00e1 a candidata \u00e0 vice? \u201cSou candidato de um projeto, sigo o que os partidos que est\u00e3o conosco decidirem\u201d, essa foi a resposta cautelosa de um dos mais ardorosos defensores do presidente Lula.<\/span><\/p>\n\n\t\t<style type=\"text\/css\">\n\t\t\t#gallery-1 {\n\t\t\t\tmargin: auto;\n\t\t\t}\n\t\t\t#gallery-1 .gallery-item {\n\t\t\t\tfloat: left;\n\t\t\t\tmargin-top: 10px;\n\t\t\t\ttext-align: center;\n\t\t\t\twidth: 33%;\n\t\t\t}\n\t\t\t#gallery-1 img {\n\t\t\t\tborder: 2px solid #cfcfcf;\n\t\t\t}\n\t\t\t#gallery-1 .gallery-caption {\n\t\t\t\tmargin-left: 0;\n\t\t\t}\n\t\t\t\/* see gallery_shortcode() in wp-includes\/media.php *\/\n\t\t<\/style>\n\t\t<div id='gallery-1' class='gallery galleryid-40707 gallery-columns-3 gallery-size-thumbnail'><dl class='gallery-item'>\n\t\t\t<dt class='gallery-icon portrait'>\n\t\t\t\t<a href=\"https:\/\/www.blogdomassinha.com.br\/v1\/wp-content\/uploads\/2023\/09\/7bfcee31-41e3-4fe1-aa11-ec99da8c837c.jpeg\" class=\"gallery_colorbox\"><img width=\"150\" height=\"150\" src=\"https:\/\/www.blogdomassinha.com.br\/v1\/wp-content\/uploads\/2023\/09\/7bfcee31-41e3-4fe1-aa11-ec99da8c837c-150x150.jpeg\"  class=\"attachment-thumbnail size-thumbnail\" alt=\"\" loading=\"lazy\" \/><\/a>\n\t\t\t<\/dt><\/dl><dl class='gallery-item'>\n\t\t\t<dt class='gallery-icon landscape'>\n\t\t\t\t<a href=\"https:\/\/www.blogdomassinha.com.br\/v1\/wp-content\/uploads\/2023\/09\/IMG_2705.jpeg\" class=\"gallery_colorbox\"><img width=\"150\" height=\"150\" src=\"https:\/\/www.blogdomassinha.com.br\/v1\/wp-content\/uploads\/2023\/09\/IMG_2705-150x150.jpeg\"  class=\"attachment-thumbnail size-thumbnail\" alt=\"\" loading=\"lazy\" \/><\/a>\n\t\t\t<\/dt><\/dl><dl class='gallery-item'>\n\t\t\t<dt class='gallery-icon portrait'>\n\t\t\t\t<a href=\"https:\/\/www.blogdomassinha.com.br\/v1\/wp-content\/uploads\/2023\/09\/3ff771b6-6438-45ba-ba83-f0c749e7413f.jpeg\" class=\"gallery_colorbox\"><img width=\"150\" height=\"150\" src=\"https:\/\/www.blogdomassinha.com.br\/v1\/wp-content\/uploads\/2023\/09\/3ff771b6-6438-45ba-ba83-f0c749e7413f-150x150.jpeg\"  class=\"attachment-thumbnail size-thumbnail\" alt=\"\" loading=\"lazy\" \/><\/a>\n\t\t\t<\/dt><\/dl><br style=\"clear: both\" \/><dl class='gallery-item'>\n\t\t\t<dt class='gallery-icon portrait'>\n\t\t\t\t<a href=\"https:\/\/www.blogdomassinha.com.br\/v1\/wp-content\/uploads\/2023\/09\/e03e2049-371b-482a-8b0d-9b38bbf933d6.jpeg\" class=\"gallery_colorbox\"><img width=\"150\" height=\"150\" src=\"https:\/\/www.blogdomassinha.com.br\/v1\/wp-content\/uploads\/2023\/09\/e03e2049-371b-482a-8b0d-9b38bbf933d6-150x150.jpeg\"  class=\"attachment-thumbnail size-thumbnail\" alt=\"\" loading=\"lazy\" \/><\/a>\n\t\t\t<\/dt><\/dl><dl class='gallery-item'>\n\t\t\t<dt class='gallery-icon landscape'>\n\t\t\t\t<a href=\"https:\/\/www.blogdomassinha.com.br\/v1\/wp-content\/uploads\/2023\/09\/IMG_2704.jpeg\" class=\"gallery_colorbox\"><img width=\"150\" height=\"150\" src=\"https:\/\/www.blogdomassinha.com.br\/v1\/wp-content\/uploads\/2023\/09\/IMG_2704-150x150.jpeg\"  class=\"attachment-thumbnail size-thumbnail\" alt=\"\" loading=\"lazy\" \/><\/a>\n\t\t\t<\/dt><\/dl><dl class='gallery-item'>\n\t\t\t<dt class='gallery-icon landscape'>\n\t\t\t\t<a href=\"https:\/\/www.blogdomassinha.com.br\/v1\/wp-content\/uploads\/2023\/09\/IMG_2703.jpeg\" class=\"gallery_colorbox\"><img width=\"150\" height=\"150\" src=\"https:\/\/www.blogdomassinha.com.br\/v1\/wp-content\/uploads\/2023\/09\/IMG_2703-150x150.jpeg\"  class=\"attachment-thumbnail size-thumbnail\" alt=\"\" loading=\"lazy\" \/><\/a>\n\t\t\t<\/dt><\/dl><br style=\"clear: both\" \/><dl class='gallery-item'>\n\t\t\t<dt class='gallery-icon landscape'>\n\t\t\t\t<a href=\"https:\/\/www.blogdomassinha.com.br\/v1\/wp-content\/uploads\/2023\/09\/IMG_2702.jpeg\" class=\"gallery_colorbox\"><img width=\"150\" height=\"150\" src=\"https:\/\/www.blogdomassinha.com.br\/v1\/wp-content\/uploads\/2023\/09\/IMG_2702-150x150.jpeg\"  class=\"attachment-thumbnail size-thumbnail\" alt=\"\" loading=\"lazy\" \/><\/a>\n\t\t\t<\/dt><\/dl><dl class='gallery-item'>\n\t\t\t<dt class='gallery-icon landscape'>\n\t\t\t\t<a href=\"https:\/\/www.blogdomassinha.com.br\/v1\/wp-content\/uploads\/2023\/09\/IMG_2701.jpeg\" class=\"gallery_colorbox\"><img width=\"150\" height=\"150\" src=\"https:\/\/www.blogdomassinha.com.br\/v1\/wp-content\/uploads\/2023\/09\/IMG_2701-150x150.jpeg\"  class=\"attachment-thumbnail size-thumbnail\" alt=\"\" loading=\"lazy\" \/><\/a>\n\t\t\t<\/dt><\/dl>\n\t\t\t<br style='clear: both' \/>\n\t\t<\/div>\n\n","protected":false},"excerpt":{"rendered":"<p>O deputado Waldenor Pereira come\u00e7ou a discutir com a popula\u00e7\u00e3o conquistense os rumos da sua campanha na tentativa de chegar a prefeitura de Conquista e o que vimos na manh\u00e3 de hoje na C\u00e2mara de Vereadores foi uma grande participa\u00e7\u00e3o popular, militantes hist\u00f3ricos do Partido dos Trabalhadores, e tamb\u00e9m militantes das siglas que comp\u00f5em o [&hellip;]<\/p>\n","protected":false},"author":3,"featured_media":40716,"comment_status":"open","ping_status":"open","sticky":false,"template":"","format":"standard","meta":[],"categories":[7,2],"tags":[],"_links":{"self":[{"href":"https:\/\/www.blogdomassinha.com.br\/v1\/wp-json\/wp\/v2\/posts\/40707"}],"collection":[{"href":"https:\/\/www.blogdomassinha.com.br\/v1\/wp-json\/wp\/v2\/posts"}],"about":[{"href":"https:\/\/www.blogdomassinha.com.br\/v1\/wp-json\/wp\/v2\/types\/post"}],"author":[{"embeddable":true,"href":"https:\/\/www.blogdomassinha.com.br\/v1\/wp-json\/wp\/v2\/users\/3"}],"replies":[{"embeddable":true,"href":"https:\/\/www.blogdomassinha.com.br\/v1\/wp-json\/wp\/v2\/comments?post=40707"}],"version-history":[{"count":1,"href":"https:\/\/www.blogdomassinha.com.br\/v1\/wp-json\/wp\/v2\/posts\/40707\/revisions"}],"predecessor-version":[{"id":40717,"href":"https:\/\/www.blogdomassinha.com.br\/v1\/wp-json\/wp\/v2\/posts\/40707\/revisions\/40717"}],"wp:featuredmedia":[{"embeddable":true,"href":"https:\/\/www.blogdomassinha.com.br\/v1\/wp-json\/wp\/v2\/media\/40716"}],"wp:attachment":[{"href":"https:\/\/www.blogdomassinha.com.br\/v1\/wp-json\/wp\/v2\/media?parent=40707"}],"wp:term":[{"taxonomy":"category","embeddable":true,"href":"https:\/\/www.blogdomassinha.com.br\/v1\/wp-json\/wp\/v2\/categories?post=40707"},{"taxonomy":"post_tag","embeddable":true,"href":"https:\/\/www.blogdomassinha.com.br\/v1\/wp-json\/wp\/v2\/tags?post=40707"}],"curies":[{"name":"wp","href":"https:\/\/api.w.org\/{rel}","templated":true}]}}