{"id":40695,"date":"2023-09-01T17:02:08","date_gmt":"2023-09-01T20:02:08","guid":{"rendered":"https:\/\/www.blogdomassinha.com.br\/v1\/?p=40695"},"modified":"2023-09-01T17:02:08","modified_gmt":"2023-09-01T20:02:08","slug":"republicanos-tem-grande-encontro-no-proximo-dia-9-de-setembro","status":"publish","type":"post","link":"https:\/\/www.blogdomassinha.com.br\/v1\/2023\/09\/01\/republicanos-tem-grande-encontro-no-proximo-dia-9-de-setembro\/","title":{"rendered":"Republicanos tem \u201cGrande Encontro\u201d no pr\u00f3ximo dia 9 de setembro"},"content":{"rendered":"<p class=\"p1\"><img loading=\"lazy\" class=\"alignright size-medium wp-image-40696\" src=\"https:\/\/www.blogdomassinha.com.br\/v1\/wp-content\/uploads\/2023\/09\/7101ac1a-9f92-4000-a492-ab2f4a01ddc7-300x300.jpeg\" alt=\"\" width=\"300\" height=\"300\" srcset=\"https:\/\/www.blogdomassinha.com.br\/v1\/wp-content\/uploads\/2023\/09\/7101ac1a-9f92-4000-a492-ab2f4a01ddc7-300x300.jpeg 300w, https:\/\/www.blogdomassinha.com.br\/v1\/wp-content\/uploads\/2023\/09\/7101ac1a-9f92-4000-a492-ab2f4a01ddc7-150x150.jpeg 150w, https:\/\/www.blogdomassinha.com.br\/v1\/wp-content\/uploads\/2023\/09\/7101ac1a-9f92-4000-a492-ab2f4a01ddc7.jpeg 500w\" sizes=\"(max-width: 300px) 100vw, 300px\" \/><\/p>\n<p class=\"p1\"><span class=\"s1\">Um dos principais partidos de centro direita de Vit\u00f3ria da Conquista, inclusive, tendo como principal membro em S\u00e3o Paulo o governador Tarc\u00edsio de Freitas, anuncia para o pr\u00f3ximo dia 9 de setembro um Grande Encontro, o que acabar\u00e1 sendo uma alavancada na campanha da prefeita Sheila Lemos, que busca a reelei\u00e7\u00e3o e, pelo o que se desenha, disputar\u00e1 a prefeitura de Conquista de uma forma mais acirrada com o deputado Waldenor Pereira.<\/span><\/p>\n<p class=\"p1\"><span class=\"s1\">O ex-vereador, Pastor Sidney, foi quem nos enviou o convite que consta destacados<span class=\"Apple-converted-space\">\u00a0 <\/span>nomes da sigla.<\/span><\/p>\n<p class=\"p1\"><span class=\"s1\">Com presen\u00e7as confirmadas, fazem parte do cartaz a m\u00e9dica Raissa Soares e Dr. Alo\u00edsio Alan, que est\u00e1 de malas prontas para desembarcar na sigla na condi\u00e7\u00e3o de novo presidente.<\/span><\/p>\n","protected":false},"excerpt":{"rendered":"<p>Um dos principais partidos de centro direita de Vit\u00f3ria da Conquista, inclusive, tendo como principal membro em S\u00e3o Paulo o governador Tarc\u00edsio de Freitas, anuncia para o pr\u00f3ximo dia 9 de setembro um Grande Encontro, o que acabar\u00e1 sendo uma alavancada na campanha da prefeita Sheila Lemos, que busca a reelei\u00e7\u00e3o e, pelo o que [&hellip;]<\/p>\n","protected":false},"author":3,"featured_media":40696,"comment_status":"open","ping_status":"open","sticky":false,"template":"","format":"standard","meta":[],"categories":[7,2],"tags":[],"_links":{"self":[{"href":"https:\/\/www.blogdomassinha.com.br\/v1\/wp-json\/wp\/v2\/posts\/40695"}],"collection":[{"href":"https:\/\/www.blogdomassinha.com.br\/v1\/wp-json\/wp\/v2\/posts"}],"about":[{"href":"https:\/\/www.blogdomassinha.com.br\/v1\/wp-json\/wp\/v2\/types\/post"}],"author":[{"embeddable":true,"href":"https:\/\/www.blogdomassinha.com.br\/v1\/wp-json\/wp\/v2\/users\/3"}],"replies":[{"embeddable":true,"href":"https:\/\/www.blogdomassinha.com.br\/v1\/wp-json\/wp\/v2\/comments?post=40695"}],"version-history":[{"count":1,"href":"https:\/\/www.blogdomassinha.com.br\/v1\/wp-json\/wp\/v2\/posts\/40695\/revisions"}],"predecessor-version":[{"id":40697,"href":"https:\/\/www.blogdomassinha.com.br\/v1\/wp-json\/wp\/v2\/posts\/40695\/revisions\/40697"}],"wp:featuredmedia":[{"embeddable":true,"href":"https:\/\/www.blogdomassinha.com.br\/v1\/wp-json\/wp\/v2\/media\/40696"}],"wp:attachment":[{"href":"https:\/\/www.blogdomassinha.com.br\/v1\/wp-json\/wp\/v2\/media?parent=40695"}],"wp:term":[{"taxonomy":"category","embeddable":true,"href":"https:\/\/www.blogdomassinha.com.br\/v1\/wp-json\/wp\/v2\/categories?post=40695"},{"taxonomy":"post_tag","embeddable":true,"href":"https:\/\/www.blogdomassinha.com.br\/v1\/wp-json\/wp\/v2\/tags?post=40695"}],"curies":[{"name":"wp","href":"https:\/\/api.w.org\/{rel}","templated":true}]}}