{"id":40659,"date":"2023-09-01T11:12:32","date_gmt":"2023-09-01T14:12:32","guid":{"rendered":"https:\/\/www.blogdomassinha.com.br\/v1\/?p=40659"},"modified":"2023-09-01T11:12:59","modified_gmt":"2023-09-01T14:12:59","slug":"em-brasilia-prefeita-sheila-lemos-se-reune-com-ministro-do-turismo-e-intensifica-esforcos-pela-manutencao-dos-voos-direto-para-salvador","status":"publish","type":"post","link":"https:\/\/www.blogdomassinha.com.br\/v1\/2023\/09\/01\/em-brasilia-prefeita-sheila-lemos-se-reune-com-ministro-do-turismo-e-intensifica-esforcos-pela-manutencao-dos-voos-direto-para-salvador\/","title":{"rendered":"Em Bras\u00edlia, Prefeita Sheila Lemos se re\u00fane com ministro do Turismo e intensifica esfor\u00e7os pela manuten\u00e7\u00e3o dos voos direto para Salvador"},"content":{"rendered":"<p class=\"p1\"><img loading=\"lazy\" class=\"size-medium wp-image-40660 alignright\" src=\"https:\/\/www.blogdomassinha.com.br\/v1\/wp-content\/uploads\/2023\/09\/cbfeed6b-2083-415a-95a5-9bd90dd25344-300x214.jpeg\" alt=\"\" width=\"300\" height=\"214\" srcset=\"https:\/\/www.blogdomassinha.com.br\/v1\/wp-content\/uploads\/2023\/09\/cbfeed6b-2083-415a-95a5-9bd90dd25344-300x214.jpeg 300w, https:\/\/www.blogdomassinha.com.br\/v1\/wp-content\/uploads\/2023\/09\/cbfeed6b-2083-415a-95a5-9bd90dd25344.jpeg 600w\" sizes=\"(max-width: 300px) 100vw, 300px\" \/><\/p>\n<p class=\"p1\"><span class=\"s1\">Nos \u00faltimos dois dias, a Prefeita Sheila Lemos cumpriu importantes agendas em Bras\u00edlia (DF). Uma das pautas em destaque foi a reuni\u00e3o com o ministro do Turismo, Celso Sabino. O encontro teve como objetivo discutir estrat\u00e9gias para a manuten\u00e7\u00e3o e fortalecimento dos voos diretos entre Vit\u00f3ria da Conquista e Salvador. A prefeita ressaltou a import\u00e2ncia vital desses voos para a conectividade da regi\u00e3o, al\u00e9m de enfatizar como esses trajetos a\u00e9reos diretos s\u00e3o fundamentais para o desenvolvimento do turismo, dos neg\u00f3cios e da economia local.<\/span><\/p>\n<p class=\"p1\"><span class=\"s1\">Sheila Lemos reiterou que a liga\u00e7\u00e3o a\u00e9rea entre as duas cidades promove o crescimento do turismo, o interc\u00e2mbio cultural e a circula\u00e7\u00e3o de bens e servi\u00e7os. A manuten\u00e7\u00e3o dos voos diretos n\u00e3o s\u00f3 aproxima as duas localidades, mas tamb\u00e9m estimula a gera\u00e7\u00e3o de empregos, o investimento no com\u00e9rcio e a expans\u00e3o do setor hoteleiro em Vit\u00f3ria da Conquista.<\/span><\/p>\n<p class=\"p1\"><span class=\"s1\">Na oportunidade, o ministro Celso Sabino assumiu o compromisso de ajudar Vit\u00f3ria da Conquista e toda a regi\u00e3o. \u201cTemos dialogado com as companhias no sentido de ampliar as suas malhas regionais e elas t\u00eam se mostrado receptivas. Vit\u00f3ria da Conquista est\u00e1 inserida no programa do Governo Federal para amplia\u00e7\u00e3o da malha a\u00e9rea. (\u2026) Nos pr\u00f3ximos dias, Conquista receber\u00e1 a not\u00edcia da manuten\u00e7\u00e3o e amplia\u00e7\u00e3o dos voos\u201d.<\/span><!--more--><\/p>\n<p class=\"p1\"><span class=\"s1\">As a\u00e7\u00f5es do munic\u00edpio em prol da manuten\u00e7\u00e3o dos voos n\u00e3o est\u00e3o apenas focadas nas reuni\u00f5es em Bras\u00edlia, a Prefeita Sheila Lemos tamb\u00e9m demonstrou seu compromisso com a comunidade conquistense adotando medidas pr\u00e1ticas. Nos primeiros dias de agosto, a Prefeitura Municipal publicou uma Portaria que determina o monitoramento de pre\u00e7os de passagens a\u00e9reas no munic\u00edpio. Isso \u00e9 uma resposta direta aos aumentos abusivos identificados pela Superintend\u00eancia do Procon no \u00faltimo m\u00eas.<\/span><\/p>\n<p class=\"p1\"><span class=\"s1\">Al\u00e9m da pauta no Minist\u00e9rio do Turismo, a prefeita tamb\u00e9m dedicou sua agenda a outras frentes essenciais para o munic\u00edpio. No Minist\u00e9rio de Minas e Energia, Sheila Lemos se reuniu com o assessor especial Raphael, para tratar de iniciativas relacionadas \u00e0 energia solar. \u201cA busca por fontes renov\u00e1veis de energia \u00e9 uma prioridade e necessidade da administra\u00e7\u00e3o municipal, visando \u00e0 sustentabilidade e \u00e0 redu\u00e7\u00e3o das despesas p\u00fablicas. A parceria com \u00f3rg\u00e3os federais refor\u00e7a o compromisso da Prefeitura com a ado\u00e7\u00e3o de solu\u00e7\u00f5es mais limpas e eficientes\u201d, destacou a prefeita. Tamb\u00e9m participaram do encontro, o coordenador de Ilumina\u00e7\u00e3o P\u00fablica, Danillo Rocha, e o coordenador do Deserg, Lucas Batista.<\/span><\/p>\n","protected":false},"excerpt":{"rendered":"<p>Nos \u00faltimos dois dias, a Prefeita Sheila Lemos cumpriu importantes agendas em Bras\u00edlia (DF). Uma das pautas em destaque foi a reuni\u00e3o com o ministro do Turismo, Celso Sabino. O encontro teve como objetivo discutir estrat\u00e9gias para a manuten\u00e7\u00e3o e fortalecimento dos voos diretos entre Vit\u00f3ria da Conquista e Salvador. A prefeita ressaltou a import\u00e2ncia [&hellip;]<\/p>\n","protected":false},"author":3,"featured_media":40660,"comment_status":"open","ping_status":"open","sticky":false,"template":"","format":"standard","meta":[],"categories":[7,1],"tags":[],"_links":{"self":[{"href":"https:\/\/www.blogdomassinha.com.br\/v1\/wp-json\/wp\/v2\/posts\/40659"}],"collection":[{"href":"https:\/\/www.blogdomassinha.com.br\/v1\/wp-json\/wp\/v2\/posts"}],"about":[{"href":"https:\/\/www.blogdomassinha.com.br\/v1\/wp-json\/wp\/v2\/types\/post"}],"author":[{"embeddable":true,"href":"https:\/\/www.blogdomassinha.com.br\/v1\/wp-json\/wp\/v2\/users\/3"}],"replies":[{"embeddable":true,"href":"https:\/\/www.blogdomassinha.com.br\/v1\/wp-json\/wp\/v2\/comments?post=40659"}],"version-history":[{"count":2,"href":"https:\/\/www.blogdomassinha.com.br\/v1\/wp-json\/wp\/v2\/posts\/40659\/revisions"}],"predecessor-version":[{"id":40662,"href":"https:\/\/www.blogdomassinha.com.br\/v1\/wp-json\/wp\/v2\/posts\/40659\/revisions\/40662"}],"wp:featuredmedia":[{"embeddable":true,"href":"https:\/\/www.blogdomassinha.com.br\/v1\/wp-json\/wp\/v2\/media\/40660"}],"wp:attachment":[{"href":"https:\/\/www.blogdomassinha.com.br\/v1\/wp-json\/wp\/v2\/media?parent=40659"}],"wp:term":[{"taxonomy":"category","embeddable":true,"href":"https:\/\/www.blogdomassinha.com.br\/v1\/wp-json\/wp\/v2\/categories?post=40659"},{"taxonomy":"post_tag","embeddable":true,"href":"https:\/\/www.blogdomassinha.com.br\/v1\/wp-json\/wp\/v2\/tags?post=40659"}],"curies":[{"name":"wp","href":"https:\/\/api.w.org\/{rel}","templated":true}]}}