{"id":38013,"date":"2023-02-15T14:41:12","date_gmt":"2023-02-15T17:41:12","guid":{"rendered":"https:\/\/www.blogdomassinha.com.br\/v1\/?p=38013"},"modified":"2023-02-15T15:21:49","modified_gmt":"2023-02-15T18:21:49","slug":"micareta-de-feira-vamos-criar-um-novo-conceito-diz-secretario-de-cultura-jairo-carneiro-filho","status":"publish","type":"post","link":"https:\/\/www.blogdomassinha.com.br\/v1\/2023\/02\/15\/micareta-de-feira-vamos-criar-um-novo-conceito-diz-secretario-de-cultura-jairo-carneiro-filho\/","title":{"rendered":"Micareta de Feira: \u201cvamos criar um novo conceito\u201d, diz secret\u00e1rio de Cultura, Jairo Carneiro Filho"},"content":{"rendered":"<p class=\"p1\"><img loading=\"lazy\" class=\"alignright size-medium wp-image-38014\" src=\"https:\/\/www.blogdomassinha.com.br\/v1\/wp-content\/uploads\/2023\/02\/AE617479-041C-4B65-A511-76EA81EF3CD4-300x300.jpeg\" alt=\"\" width=\"300\" height=\"300\" srcset=\"https:\/\/www.blogdomassinha.com.br\/v1\/wp-content\/uploads\/2023\/02\/AE617479-041C-4B65-A511-76EA81EF3CD4-300x300.jpeg 300w, https:\/\/www.blogdomassinha.com.br\/v1\/wp-content\/uploads\/2023\/02\/AE617479-041C-4B65-A511-76EA81EF3CD4-150x150.jpeg 150w, https:\/\/www.blogdomassinha.com.br\/v1\/wp-content\/uploads\/2023\/02\/AE617479-041C-4B65-A511-76EA81EF3CD4.jpeg 640w\" sizes=\"(max-width: 300px) 100vw, 300px\" \/><\/p>\n<p class=\"p1\"><span class=\"s1\">Feira de Santana, cidade pioneira na realiza\u00e7\u00e3o de micaretas em todo o pa\u00eds, pretende realizar a festa com um novo formato em abril, mesma data da Miconquista (20\/21\/22 e 23 de abril), a come\u00e7ar pelo hor\u00e1rio, conforme nos falou o secret\u00e1rio de Cultura do munic\u00edpio feirense, Jairo Carneiro, ao telefone na noite de ontem.<\/span><\/p>\n<p class=\"p1\"><span class=\"s1\">Apesar da coincid\u00eancia de datas, n\u00e3o existe risco de uma cidade prejudicar a outra, s\u00e3o p\u00fablicos distintos, esse \u00e9 o nosso entendimento e tamb\u00e9m do colaborador do prefeito Colbert Martins, do MDB.<\/span><\/p>\n<p class=\"p1\"><span class=\"s1\">Carneiro est\u00e1 articulando a contrata\u00e7\u00e3o de grandes atra\u00e7\u00f5es para o evento que \u00e9 reconhecido como um grande carnaval fora de \u00e9poca.<\/span><\/p>\n<p class=\"p1\"><span class=\"s1\">Veja o que escreveu o secret\u00e1rio sobre a majestosa festa da Princesa do Sert\u00e3o:<\/span><!--more--><\/p>\n<p class=\"p1\"><span class=\"s1\">\u201cAp\u00f3s reuni\u00f5es e alinhamentos com os setores culturais, artista, bandas, imprensa, associa\u00e7\u00e3o comercial, cdl, dentre outras entidades, Feira de Santana anuncia a Micareta de Feira ap\u00f3s 3 anos sem a festa devido a pandemia, acontecendo de 20 a 23 de abril.<\/span><\/p>\n<p class=\"p1\"><span class=\"s1\">Esta edi\u00e7\u00e3o 2023 chega trazendo novidades no circuito atual objetivando melhor ordenamento, maior seguran\u00e7a para os foli\u00f5es e comerciantes, maior valoriza\u00e7\u00e3o dos artistas locais e dos grupos culturais. <\/span><\/p>\n<p class=\"p1\"><span class=\"s1\">Um ponto que se destaca \u00e9 o hor\u00e1rio da festa. A Micareta de Feira este ano vai come\u00e7ar mais cedo, tendo grandes atra\u00e7\u00f5es desfilando no in\u00edcio da tarde, atraindo portanto as fam\u00edlias para a avenida e proporcionando portanto uma festa com maior visibilidade e seguran\u00e7a.<\/span><\/p>\n<p class=\"p1\"><span class=\"s1\">A programa\u00e7\u00e3o est\u00e1 sendo montada visando uma festa repleta de diversidade e com v\u00e1rios ritmos. <\/span><\/p>\n<p class=\"p1\"><span class=\"s1\">Artistas como Ivete Sangalo, Bell Marques, Leo Santana, Claudia Leite, Thiago Aquino, Harmonia, Timbalada, Ludimila, dentre outros grandes nomes da m\u00fasica est\u00e3o na mira e sendo contatados para estarem presentes na Micareta de Feira.<\/span><\/p>\n","protected":false},"excerpt":{"rendered":"<p>Feira de Santana, cidade pioneira na realiza\u00e7\u00e3o de micaretas em todo o pa\u00eds, pretende realizar a festa com um novo formato em abril, mesma data da Miconquista (20\/21\/22 e 23 de abril), a come\u00e7ar pelo hor\u00e1rio, conforme nos falou o secret\u00e1rio de Cultura do munic\u00edpio feirense, Jairo Carneiro, ao telefone na noite de ontem. Apesar [&hellip;]<\/p>\n","protected":false},"author":3,"featured_media":38014,"comment_status":"open","ping_status":"open","sticky":false,"template":"","format":"standard","meta":[],"categories":[7,3],"tags":[],"_links":{"self":[{"href":"https:\/\/www.blogdomassinha.com.br\/v1\/wp-json\/wp\/v2\/posts\/38013"}],"collection":[{"href":"https:\/\/www.blogdomassinha.com.br\/v1\/wp-json\/wp\/v2\/posts"}],"about":[{"href":"https:\/\/www.blogdomassinha.com.br\/v1\/wp-json\/wp\/v2\/types\/post"}],"author":[{"embeddable":true,"href":"https:\/\/www.blogdomassinha.com.br\/v1\/wp-json\/wp\/v2\/users\/3"}],"replies":[{"embeddable":true,"href":"https:\/\/www.blogdomassinha.com.br\/v1\/wp-json\/wp\/v2\/comments?post=38013"}],"version-history":[{"count":2,"href":"https:\/\/www.blogdomassinha.com.br\/v1\/wp-json\/wp\/v2\/posts\/38013\/revisions"}],"predecessor-version":[{"id":38016,"href":"https:\/\/www.blogdomassinha.com.br\/v1\/wp-json\/wp\/v2\/posts\/38013\/revisions\/38016"}],"wp:featuredmedia":[{"embeddable":true,"href":"https:\/\/www.blogdomassinha.com.br\/v1\/wp-json\/wp\/v2\/media\/38014"}],"wp:attachment":[{"href":"https:\/\/www.blogdomassinha.com.br\/v1\/wp-json\/wp\/v2\/media?parent=38013"}],"wp:term":[{"taxonomy":"category","embeddable":true,"href":"https:\/\/www.blogdomassinha.com.br\/v1\/wp-json\/wp\/v2\/categories?post=38013"},{"taxonomy":"post_tag","embeddable":true,"href":"https:\/\/www.blogdomassinha.com.br\/v1\/wp-json\/wp\/v2\/tags?post=38013"}],"curies":[{"name":"wp","href":"https:\/\/api.w.org\/{rel}","templated":true}]}}