{"id":38010,"date":"2023-02-15T14:23:18","date_gmt":"2023-02-15T17:23:18","guid":{"rendered":"https:\/\/www.blogdomassinha.com.br\/v1\/?p=38010"},"modified":"2023-02-15T14:23:18","modified_gmt":"2023-02-15T17:23:18","slug":"duplica-sudoeste-tera-encontro-com-deputada-rogeria-santos-podemos","status":"publish","type":"post","link":"https:\/\/www.blogdomassinha.com.br\/v1\/2023\/02\/15\/duplica-sudoeste-tera-encontro-com-deputada-rogeria-santos-podemos\/","title":{"rendered":"Duplica Sudoeste ter\u00e1 encontro com deputada Rog\u00e9ria Santos (Podemos)"},"content":{"rendered":"<p class=\"p1\"><img loading=\"lazy\" class=\"size-medium wp-image-38011 alignleft\" src=\"https:\/\/www.blogdomassinha.com.br\/v1\/wp-content\/uploads\/2023\/02\/780E50A8-D8A8-4B27-BC42-8B2FDA85489E-300x211.jpeg\" alt=\"\" width=\"300\" height=\"211\" srcset=\"https:\/\/www.blogdomassinha.com.br\/v1\/wp-content\/uploads\/2023\/02\/780E50A8-D8A8-4B27-BC42-8B2FDA85489E-300x211.jpeg 300w, https:\/\/www.blogdomassinha.com.br\/v1\/wp-content\/uploads\/2023\/02\/780E50A8-D8A8-4B27-BC42-8B2FDA85489E.jpeg 661w\" sizes=\"(max-width: 300px) 100vw, 300px\" \/><\/p>\n<p class=\"p1\"><span class=\"s1\">Por se tratar de um movimento supra-partid\u00e1rio, visando apenas o desenvolvimento regional e, principalmente, o de Vit\u00f3ria da Conquista, o Duplica Sudoeste, em plena folia, agendou para o pr\u00f3ximo s\u00e1bado, 18\/02, \u00e0s 08h, no Box 111, um encontro com a deputada federal do Podemos, Rog\u00e9ria Santos, detentora de mais de 7.000 votos em nossa regi\u00e3o, sendo que 3.421 foram conseguidos em nossa cidade, portanto, uma vota\u00e7\u00e3o consider\u00e1vel, tornando-a uma parlamentar com compromisso com a terra que \u00e9 destaque em todo o estado. Na oportunidade os empres\u00e1rios discutir\u00e3o com a deputada a Duplica\u00e7\u00e3o da Rio Bahia.<\/span><!--more--><\/p>\n<p class=\"p1\"><span class=\"s1\">Na manh\u00e3 de hoje, Jos\u00e9 Maria Caires compartilhou o convite para o ato e espera que a popula\u00e7\u00e3o conquistense continue dando apoio ao movimento que vem sendo legitimado por todos at\u00e9 agora.<\/span><\/p>\n<p class=\"p1\"><span class=\"s1\">Vale lembrar que no pr\u00f3ximo dia 17 de mar\u00e7o o Duplica Sudoeste receber\u00e1 a visita do representante da Via Bahia, Jos\u00e9 Bartolomeu, cujo encontro dar-se-\u00e1 no CEMAE.<\/span><\/p>\n","protected":false},"excerpt":{"rendered":"<p>Por se tratar de um movimento supra-partid\u00e1rio, visando apenas o desenvolvimento regional e, principalmente, o de Vit\u00f3ria da Conquista, o Duplica Sudoeste, em plena folia, agendou para o pr\u00f3ximo s\u00e1bado, 18\/02, \u00e0s 08h, no Box 111, um encontro com a deputada federal do Podemos, Rog\u00e9ria Santos, detentora de mais de 7.000 votos em nossa regi\u00e3o, [&hellip;]<\/p>\n","protected":false},"author":3,"featured_media":38011,"comment_status":"open","ping_status":"open","sticky":false,"template":"","format":"standard","meta":[],"categories":[7,1],"tags":[],"_links":{"self":[{"href":"https:\/\/www.blogdomassinha.com.br\/v1\/wp-json\/wp\/v2\/posts\/38010"}],"collection":[{"href":"https:\/\/www.blogdomassinha.com.br\/v1\/wp-json\/wp\/v2\/posts"}],"about":[{"href":"https:\/\/www.blogdomassinha.com.br\/v1\/wp-json\/wp\/v2\/types\/post"}],"author":[{"embeddable":true,"href":"https:\/\/www.blogdomassinha.com.br\/v1\/wp-json\/wp\/v2\/users\/3"}],"replies":[{"embeddable":true,"href":"https:\/\/www.blogdomassinha.com.br\/v1\/wp-json\/wp\/v2\/comments?post=38010"}],"version-history":[{"count":1,"href":"https:\/\/www.blogdomassinha.com.br\/v1\/wp-json\/wp\/v2\/posts\/38010\/revisions"}],"predecessor-version":[{"id":38012,"href":"https:\/\/www.blogdomassinha.com.br\/v1\/wp-json\/wp\/v2\/posts\/38010\/revisions\/38012"}],"wp:featuredmedia":[{"embeddable":true,"href":"https:\/\/www.blogdomassinha.com.br\/v1\/wp-json\/wp\/v2\/media\/38011"}],"wp:attachment":[{"href":"https:\/\/www.blogdomassinha.com.br\/v1\/wp-json\/wp\/v2\/media?parent=38010"}],"wp:term":[{"taxonomy":"category","embeddable":true,"href":"https:\/\/www.blogdomassinha.com.br\/v1\/wp-json\/wp\/v2\/categories?post=38010"},{"taxonomy":"post_tag","embeddable":true,"href":"https:\/\/www.blogdomassinha.com.br\/v1\/wp-json\/wp\/v2\/tags?post=38010"}],"curies":[{"name":"wp","href":"https:\/\/api.w.org\/{rel}","templated":true}]}}