{"id":37972,"date":"2023-02-12T15:36:27","date_gmt":"2023-02-12T18:36:27","guid":{"rendered":"https:\/\/www.blogdomassinha.com.br\/v1\/?p=37972"},"modified":"2023-02-12T15:37:11","modified_gmt":"2023-02-12T18:37:11","slug":"pt-comemora-43-anos-de-fundacao-diz-que-parte-unido-para-enfrentar-sheila-e-afirma-que-nao-cabe-terceira-via","status":"publish","type":"post","link":"https:\/\/www.blogdomassinha.com.br\/v1\/2023\/02\/12\/pt-comemora-43-anos-de-fundacao-diz-que-parte-unido-para-enfrentar-sheila-e-afirma-que-nao-cabe-terceira-via\/","title":{"rendered":"PT comemora 43 anos de funda\u00e7\u00e3o, diz que parte unido para enfrentar Sheila e afirma que n\u00e3o cabe Terceira Via"},"content":{"rendered":"<p class=\"p1\"><img loading=\"lazy\" class=\"size-medium wp-image-37973 alignright\" src=\"https:\/\/www.blogdomassinha.com.br\/v1\/wp-content\/uploads\/2023\/02\/2F7BCBBB-9225-4CB6-A1A9-5EDEABBC945C-300x180.jpeg\" alt=\"\" width=\"300\" height=\"180\" srcset=\"https:\/\/www.blogdomassinha.com.br\/v1\/wp-content\/uploads\/2023\/02\/2F7BCBBB-9225-4CB6-A1A9-5EDEABBC945C-300x180.jpeg 300w, https:\/\/www.blogdomassinha.com.br\/v1\/wp-content\/uploads\/2023\/02\/2F7BCBBB-9225-4CB6-A1A9-5EDEABBC945C.jpeg 500w\" sizes=\"(max-width: 300px) 100vw, 300px\" \/><\/p>\n<p class=\"p1\"><span class=\"s1\">O Partido dos Trabalhadores esteve reunido em Vit\u00f3ria da Conquista no \u00faltimo dia 10\/02, sexta-feira, para celebrar os seus 43 anos de funda\u00e7\u00e3o, e pelo que sentimos a sigla nem imagina perder a elei\u00e7\u00e3o para a atual gestora Sheila Lemos, ao contr\u00e1rio, todas as tend\u00eancias partid\u00e1rias estiveram reunidas e pousaram para uma fotografia que sugere unidade total e absoluta.<\/span><\/p>\n<p class=\"p1\"><span class=\"s1\">xxxxxxxxxxxx<\/span><\/p>\n<p class=\"p1\"><span class=\"s1\">O presidente municipal do PT, Isaac Bomfim, reativa o discurso de 2016 quando disse ao nosso programa Agito Geral que \u201da elei\u00e7\u00e3o ser\u00e1 plebiscit\u00e1ria, a disputa no pa\u00eds ser\u00e1 entre a direita e a esquerda, n\u00e3o ter\u00e1 uma terceira op\u00e7\u00e3o, o mesmo ocorrer\u00e1 aqui em Conquista\u201d, dizia em rela\u00e7\u00e3o a disputa entre Z\u00e9 Raimundo e Herzem Gusm\u00e3o.<\/span><!--more--><\/p>\n<p class=\"p1\"><span class=\"s1\">Foi tipo um aviso aos outros pretendentes que sonhavam em ser prefeita ou prefeito de Conquista.<\/span><\/p>\n<p class=\"p1\"><span class=\"s1\">xxxxxxxxxxxx<\/span><\/p>\n<p class=\"p1\"><span class=\"s1\">Sheila costura, e n\u00e3o \u00e9 de agora, sua reelei\u00e7\u00e3o ao cargo m\u00e1ximo de gestora do munic\u00edpio de Vit\u00f3ria da Conquista, que poder\u00e1 surpreender todo mundo, inclusive o pr\u00f3prio PT, e, quem sabe, seus pr\u00f3prios aliados (da prefeita). Sheila Andrade Lemos j\u00e1 aprendeu que n\u00e3o se faz pol\u00edtica de forma obtusa, \u00e9 preciso olhar pra frente. A prefeita \u00e9 pragm\u00e1tica. Quem pensa que est\u00e1 fazendo a filha de dona Irma de boba, est\u00e1 enganado ou enganada.<\/span><\/p>\n","protected":false},"excerpt":{"rendered":"<p>O Partido dos Trabalhadores esteve reunido em Vit\u00f3ria da Conquista no \u00faltimo dia 10\/02, sexta-feira, para celebrar os seus 43 anos de funda\u00e7\u00e3o, e pelo que sentimos a sigla nem imagina perder a elei\u00e7\u00e3o para a atual gestora Sheila Lemos, ao contr\u00e1rio, todas as tend\u00eancias partid\u00e1rias estiveram reunidas e pousaram para uma fotografia que sugere [&hellip;]<\/p>\n","protected":false},"author":3,"featured_media":37973,"comment_status":"open","ping_status":"open","sticky":false,"template":"","format":"standard","meta":[],"categories":[7,2],"tags":[],"_links":{"self":[{"href":"https:\/\/www.blogdomassinha.com.br\/v1\/wp-json\/wp\/v2\/posts\/37972"}],"collection":[{"href":"https:\/\/www.blogdomassinha.com.br\/v1\/wp-json\/wp\/v2\/posts"}],"about":[{"href":"https:\/\/www.blogdomassinha.com.br\/v1\/wp-json\/wp\/v2\/types\/post"}],"author":[{"embeddable":true,"href":"https:\/\/www.blogdomassinha.com.br\/v1\/wp-json\/wp\/v2\/users\/3"}],"replies":[{"embeddable":true,"href":"https:\/\/www.blogdomassinha.com.br\/v1\/wp-json\/wp\/v2\/comments?post=37972"}],"version-history":[{"count":2,"href":"https:\/\/www.blogdomassinha.com.br\/v1\/wp-json\/wp\/v2\/posts\/37972\/revisions"}],"predecessor-version":[{"id":37975,"href":"https:\/\/www.blogdomassinha.com.br\/v1\/wp-json\/wp\/v2\/posts\/37972\/revisions\/37975"}],"wp:featuredmedia":[{"embeddable":true,"href":"https:\/\/www.blogdomassinha.com.br\/v1\/wp-json\/wp\/v2\/media\/37973"}],"wp:attachment":[{"href":"https:\/\/www.blogdomassinha.com.br\/v1\/wp-json\/wp\/v2\/media?parent=37972"}],"wp:term":[{"taxonomy":"category","embeddable":true,"href":"https:\/\/www.blogdomassinha.com.br\/v1\/wp-json\/wp\/v2\/categories?post=37972"},{"taxonomy":"post_tag","embeddable":true,"href":"https:\/\/www.blogdomassinha.com.br\/v1\/wp-json\/wp\/v2\/tags?post=37972"}],"curies":[{"name":"wp","href":"https:\/\/api.w.org\/{rel}","templated":true}]}}