{"id":37969,"date":"2023-02-12T14:59:07","date_gmt":"2023-02-12T17:59:07","guid":{"rendered":"https:\/\/www.blogdomassinha.com.br\/v1\/?p=37969"},"modified":"2023-02-12T14:59:07","modified_gmt":"2023-02-12T17:59:07","slug":"sabadaco-da-band-marcos-ferreira-e-marcelo-bonfa-discutem-o-retorno-da-miconquista","status":"publish","type":"post","link":"https:\/\/www.blogdomassinha.com.br\/v1\/2023\/02\/12\/sabadaco-da-band-marcos-ferreira-e-marcelo-bonfa-discutem-o-retorno-da-miconquista\/","title":{"rendered":"Sabada\u00e7o da Band: Marcos Ferreira e Marcelo Bonf\u00e1 discutem o retorno da Miconquista"},"content":{"rendered":"<p class=\"p1\"><img loading=\"lazy\" class=\"size-medium wp-image-37970 alignleft\" src=\"https:\/\/www.blogdomassinha.com.br\/v1\/wp-content\/uploads\/2023\/02\/4655D20B-0ACB-42DB-B4B6-FB9ECD0F7508-300x280.jpeg\" alt=\"\" width=\"300\" height=\"280\" srcset=\"https:\/\/www.blogdomassinha.com.br\/v1\/wp-content\/uploads\/2023\/02\/4655D20B-0ACB-42DB-B4B6-FB9ECD0F7508-300x280.jpeg 300w, https:\/\/www.blogdomassinha.com.br\/v1\/wp-content\/uploads\/2023\/02\/4655D20B-0ACB-42DB-B4B6-FB9ECD0F7508-768x717.jpeg 768w, https:\/\/www.blogdomassinha.com.br\/v1\/wp-content\/uploads\/2023\/02\/4655D20B-0ACB-42DB-B4B6-FB9ECD0F7508.jpeg 1024w\" sizes=\"(max-width: 300px) 100vw, 300px\" \/><\/p>\n<p class=\"p1\"><span class=\"s1\">Ontem, 11\/02, \u00e0 convite do criador e apresentador do programa Sabada\u00e7o da Band, Marcos Ferreira, estivemos no est\u00fadio da r\u00e1dio Bandeirantes falando sobre o retorno da micareta de Vit\u00f3ria da Conquista, a Miconquista, que teve in\u00edcio em 1989, deixou de acontecer em 2005 e voltar\u00e1 a alegrar os conquistenses e turistas nos dias 20\/21\/22 de abril nas pistas e estacionamento do Boulevard Shopping.<\/span><\/p>\n<p class=\"p1\"><span class=\"s1\">xxxxxxxxxxxx<\/span><\/p>\n<p class=\"p1\"><span class=\"s1\">Marcos Ferreira divide a bancada do Sabada\u00e7o com o comunicador Marcelo Bonf\u00e1 e os dois contam com a participa\u00e7\u00e3o do p\u00fablico que interage tornando o programa matinal ainda mais agrad\u00e1vel e inteligente.<\/span><\/p>\n<p class=\"p1\"><span class=\"s1\">O coordenador musical da emissora, Zenon Barbosa, apareceu de surpresa e enriqueceu o bate papo que come\u00e7ou \u00e0s 10h e se prolongou at\u00e9 o meio dia.<\/span><!--more--><\/p>\n<p class=\"p1\"><span class=\"s1\">xxxxxxxxxxxx<\/span><\/p>\n<p class=\"p1\"><span class=\"s1\">Luana Vaz, de apenas 14 anos, diretora de comunica\u00e7\u00e3o do Massicas, esteve ao nosso lado levando informa\u00e7\u00f5es aos apresentadores sobre a log\u00edstica do evento que j\u00e1 se tornou\u00a0<\/span>o principal assunto da cidade.<\/p>\n<p class=\"p1\"><span class=\"s1\">xxxxxxxxxxxx<\/span><\/p>\n<p class=\"p1\"><span class=\"s1\">\u201cEu vou contar uma hist\u00f3ria aqui, essa \u00e9 uma das melhores de tantas que vivenciamos durante esses longos anos de carnavais e micaretas\u201d, diz o empres\u00e1rio e um dos principais diretores do Massicas, Ricardo Teles, o Coruj\u00e3o, participante ativo dos movimentos culturais da cidade, ele que foi coordenador de Cultura do munic\u00edpio no governo Murilo M\u00e1rmore e dirigente da Casa da Cultura.<\/span><\/p>\n<p class=\"p1\"><span class=\"s1\">xxxxxxxxxxxx<\/span><\/p>\n<p class=\"p1\"><span class=\"s1\">Coruj\u00e3o contou a hist\u00f3ria da composi\u00e7\u00e3o do hino do Massicas, da sua autoria, e que foi musicado por Vadinho Barreto. Claro, o est\u00fadio foi tomado por sonoras gargalhadas.<\/span><\/p>\n<p class=\"p1\"><span class=\"s1\">Queremos registrar os nossos agradecimentos ao Marcos Ferreira pelo convite e dizer da import\u00e2ncia que teve para o fortalecimento do retorno da Miconquista.<\/span><\/p>\n","protected":false},"excerpt":{"rendered":"<p>Ontem, 11\/02, \u00e0 convite do criador e apresentador do programa Sabada\u00e7o da Band, Marcos Ferreira, estivemos no est\u00fadio da r\u00e1dio Bandeirantes falando sobre o retorno da micareta de Vit\u00f3ria da Conquista, a Miconquista, que teve in\u00edcio em 1989, deixou de acontecer em 2005 e voltar\u00e1 a alegrar os conquistenses e turistas nos dias 20\/21\/22 de [&hellip;]<\/p>\n","protected":false},"author":3,"featured_media":37970,"comment_status":"open","ping_status":"open","sticky":false,"template":"","format":"standard","meta":[],"categories":[7,1],"tags":[],"_links":{"self":[{"href":"https:\/\/www.blogdomassinha.com.br\/v1\/wp-json\/wp\/v2\/posts\/37969"}],"collection":[{"href":"https:\/\/www.blogdomassinha.com.br\/v1\/wp-json\/wp\/v2\/posts"}],"about":[{"href":"https:\/\/www.blogdomassinha.com.br\/v1\/wp-json\/wp\/v2\/types\/post"}],"author":[{"embeddable":true,"href":"https:\/\/www.blogdomassinha.com.br\/v1\/wp-json\/wp\/v2\/users\/3"}],"replies":[{"embeddable":true,"href":"https:\/\/www.blogdomassinha.com.br\/v1\/wp-json\/wp\/v2\/comments?post=37969"}],"version-history":[{"count":1,"href":"https:\/\/www.blogdomassinha.com.br\/v1\/wp-json\/wp\/v2\/posts\/37969\/revisions"}],"predecessor-version":[{"id":37971,"href":"https:\/\/www.blogdomassinha.com.br\/v1\/wp-json\/wp\/v2\/posts\/37969\/revisions\/37971"}],"wp:featuredmedia":[{"embeddable":true,"href":"https:\/\/www.blogdomassinha.com.br\/v1\/wp-json\/wp\/v2\/media\/37970"}],"wp:attachment":[{"href":"https:\/\/www.blogdomassinha.com.br\/v1\/wp-json\/wp\/v2\/media?parent=37969"}],"wp:term":[{"taxonomy":"category","embeddable":true,"href":"https:\/\/www.blogdomassinha.com.br\/v1\/wp-json\/wp\/v2\/categories?post=37969"},{"taxonomy":"post_tag","embeddable":true,"href":"https:\/\/www.blogdomassinha.com.br\/v1\/wp-json\/wp\/v2\/tags?post=37969"}],"curies":[{"name":"wp","href":"https:\/\/api.w.org\/{rel}","templated":true}]}}