{"id":37966,"date":"2023-02-11T18:09:26","date_gmt":"2023-02-11T21:09:26","guid":{"rendered":"https:\/\/www.blogdomassinha.com.br\/v1\/?p=37966"},"modified":"2023-02-11T18:09:26","modified_gmt":"2023-02-11T21:09:26","slug":"boulevard-folia-leva-clima-de-carnaval-ao-shopping-neste-domingo-12","status":"publish","type":"post","link":"https:\/\/www.blogdomassinha.com.br\/v1\/2023\/02\/11\/boulevard-folia-leva-clima-de-carnaval-ao-shopping-neste-domingo-12\/","title":{"rendered":"Boulevard Folia leva clima de Carnaval ao Shopping neste domingo (12)"},"content":{"rendered":"<p class=\"s5\"><img loading=\"lazy\" class=\"alignright size-medium wp-image-37967\" src=\"https:\/\/www.blogdomassinha.com.br\/v1\/wp-content\/uploads\/2023\/02\/2DB97432-063B-487C-BC08-D9F264B2E0D4-300x203.jpeg\" alt=\"\" width=\"300\" height=\"203\" srcset=\"https:\/\/www.blogdomassinha.com.br\/v1\/wp-content\/uploads\/2023\/02\/2DB97432-063B-487C-BC08-D9F264B2E0D4-300x203.jpeg 300w, https:\/\/www.blogdomassinha.com.br\/v1\/wp-content\/uploads\/2023\/02\/2DB97432-063B-487C-BC08-D9F264B2E0D4.jpeg 590w\" sizes=\"(max-width: 300px) 100vw, 300px\" \/><\/p>\n<p class=\"s10\"><span class=\"s3\"><span class=\"bumpedFont15\">O Carnaval est\u00e1 chegando<\/span><\/span> <span class=\"s3\"><span class=\"bumpedFont15\">e <\/span><\/span><span class=\"s3\"><span class=\"bumpedFont15\">para <\/span><\/span><span class=\"s3\"><span class=\"bumpedFont15\">entrar no clima<\/span><\/span><span class=\"s3\"><span class=\"bumpedFont15\"> da festa mais divertida do ano<\/span><\/span><span class=\"s3\"><span class=\"bumpedFont15\"> e <\/span><\/span><span class=\"s3\"><span class=\"bumpedFont15\">animar<\/span><\/span><span class=\"s3\"><span class=\"bumpedFont15\"> a crian\u00e7ada<\/span><\/span> <span class=\"s3\"><span class=\"bumpedFont15\">e <\/span><\/span><span class=\"s3\"><span class=\"bumpedFont15\">toda a <\/span><\/span><span class=\"s3\"><span class=\"bumpedFont15\">fam\u00edlia, o Boulevard Shopping<\/span><\/span><span class=\"s3\"><span class=\"bumpedFont15\"> Vit\u00f3ria da Conquista<\/span><\/span><span class=\"s3\"><span class=\"bumpedFont15\">preparou mais uma edi\u00e7\u00e3o do B<\/span><\/span><span class=\"s3\"><span class=\"bumpedFont15\">oulevard Folia<\/span><\/span><span class=\"s3\"><span class=\"bumpedFont15\">, <\/span><\/span><span class=\"s3\"><span class=\"bumpedFont15\">que acontece neste domingo (12)<\/span><\/span><span class=\"s3\"><span class=\"bumpedFont15\">, <\/span><\/span><span class=\"s3\"><span class=\"bumpedFont15\">a partir das 14h, na Pra\u00e7a Central <\/span><\/span><span class=\"s3\"><span class=\"bumpedFont15\">Dona Iai\u00e1 <\/span><\/span><span class=\"s3\"><span class=\"bumpedFont15\">do empreendimento<\/span><\/span><span class=\"s3\"><span class=\"bumpedFont15\">.<\/span><\/span><\/p>\n<p class=\"s10\"><span class=\"s3\"><span class=\"bumpedFont15\">Fit Dance <\/span><\/span><span class=\"s3\"><span class=\"bumpedFont15\">T<\/span><\/span><span class=\"s3\"><span class=\"bumpedFont15\">eens<\/span><\/span> <span class=\"s3\"><span class=\"bumpedFont15\">com o professor <\/span><\/span><span class=\"s3\"><span class=\"bumpedFont15\">Herick<\/span><\/span> <span class=\"s3\"><span class=\"bumpedFont15\">Fernandes<\/span><\/span><span class=\"s3\"><span class=\"bumpedFont15\">,<\/span><\/span><span class=\"s3\"><span class=\"bumpedFont15\">oficinas<\/span><\/span><span class=\"s3\"><span class=\"bumpedFont15\">,<\/span><\/span><span class=\"s3\"><span class=\"bumpedFont15\"> esculturas com bal\u00f5es<\/span><\/span><span class=\"s3\"><span class=\"bumpedFont15\">,<\/span><\/span> <span class=\"s3\"><span class=\"bumpedFont15\">sess\u00f5es de p<\/span><\/span><span class=\"s3\"><span class=\"bumpedFont15\">intura <\/span><\/span><span class=\"s3\"><span class=\"bumpedFont15\">f<\/span><\/span><span class=\"s3\"><span class=\"bumpedFont15\">acial<\/span><\/span><span class=\"s3\"><span class=\"bumpedFont15\">,<\/span><\/span><span class=\"s3\"><span class=\"bumpedFont15\"> muita m<\/span><\/span><span class=\"s3\"><span class=\"bumpedFont15\">\u00fasica<\/span><\/span><span class=\"s3\"><span class=\"bumpedFont15\"> com a cantora <\/span><\/span><span class=\"s3\"><span class=\"bumpedFont15\">Marlua<\/span><\/span> <span class=\"s3\"><span class=\"bumpedFont15\">e <\/span><\/span><span class=\"s3\"><span class=\"bumpedFont15\">apresenta\u00e7\u00e3o do<\/span><\/span> <span class=\"s3\"><span class=\"bumpedFont15\">Circus<\/span><\/span> <span class=\"s3\"><span class=\"bumpedFont15\">Bardeline<\/span><\/span> <span class=\"s3\"><span class=\"bumpedFont15\">est\u00e3o entre as atra\u00e7\u00f5es da folia. \u00a0<\/span><\/span><!--more--><\/p>\n<p class=\"s10\"><span class=\"s3\"><span class=\"bumpedFont15\">\u201cPensamos em uma programa\u00e7\u00e3o diversificada<\/span><\/span><span class=\"s3\"><span class=\"bumpedFont15\">, indo al\u00e9m da m\u00fasica, com <\/span><\/span><span class=\"s3\"><span class=\"bumpedFont15\">muita<\/span><\/span><span class=\"s3\"><span class=\"bumpedFont15\"> dan\u00e7a, <\/span><\/span><span class=\"s3\"><span class=\"bumpedFont15\">brincadeiras<\/span><\/span><span class=\"s3\"><span class=\"bumpedFont15\"> e <\/span><\/span><span class=\"s3\"><span class=\"bumpedFont15\">oficinas<\/span><\/span><span class=\"s3\"><span class=\"bumpedFont15\"> especiais<\/span><\/span><span class=\"s3\"><span class=\"bumpedFont15\">.<\/span><\/span><span class=\"s3\"><span class=\"bumpedFont15\"> Ser\u00e1 uma tarde <\/span><\/span><span class=\"s3\"><span class=\"bumpedFont15\">cheia de divers\u00e3o <\/span><\/span><span class=\"s3\"><span class=\"bumpedFont15\">para trazer as crian\u00e7as<\/span><\/span><span class=\"s3\"><span class=\"bumpedFont15\">, <\/span><\/span><span class=\"s3\"><span class=\"bumpedFont15\">reunir a fam\u00edlia <\/span><\/span><span class=\"s3\"><span class=\"bumpedFont15\">e <\/span><\/span><span class=\"s3\"><span class=\"bumpedFont15\">come\u00e7ar a <\/span><\/span><span class=\"s3\"><span class=\"bumpedFont15\">aproveitar a<\/span><\/span><span class=\"s3\"><span class=\"bumpedFont15\"> festa<\/span><\/span><span class=\"s3\"><span class=\"bumpedFont15\"> mais animada do ano<\/span><\/span><span class=\"s3\"><span class=\"bumpedFont15\">,<\/span><\/span><span class=\"s3\"><span class=\"bumpedFont15\"> que este ano retorna com toda a for\u00e7a<\/span><\/span><span class=\"s3\"><span class=\"bumpedFont15\">\u201d,<\/span><\/span><span class=\"s3\"><span class=\"bumpedFont15\"> disse o coordenador de Marketing do Boulevard Shopping Vit\u00f3ria da Conquista, <\/span><\/span><span class=\"s3\"><span class=\"bumpedFont15\">Elonaldo<\/span><\/span><span class=\"s3\"><span class=\"bumpedFont15\"> J\u00fanior.<\/span><\/span><\/p>\n<p class=\"s10\">\n<p class=\"s6\"><span class=\"s11\"><span class=\"bumpedFont15\">Servi\u00e7o: B<\/span><\/span><span class=\"s11\"><span class=\"bumpedFont15\">oulevard Folia<\/span><\/span><\/p>\n<p class=\"s6\"><span class=\"s11\"><span class=\"bumpedFont15\">Onde<\/span><\/span><span class=\"s11\"><span class=\"bumpedFont15\">: <\/span><\/span><span class=\"s3\"><span class=\"bumpedFont15\">Ao lado da <\/span><\/span><span class=\"s3\"><span class=\"bumpedFont15\">FioLaser<\/span><\/span><span class=\"s3\"><span class=\"bumpedFont15\">, na Pra\u00e7a Central Dona Iai\u00e1 &#8211;<\/span><\/span><span class=\"s3\"><span class=\"bumpedFont15\"> Boulevard Shopping Vit\u00f3ria da Conquista (Avenida Ol\u00edvia Flores, 2500);<\/span><\/span><\/p>\n<p class=\"s6\"><span class=\"s11\"><span class=\"bumpedFont15\">Quando: <\/span><\/span><span class=\"s3\"><span class=\"bumpedFont15\">12 de fevereiro<\/span><\/span><span class=\"s3\"><span class=\"bumpedFont15\">;<\/span><\/span><\/p>\n<p class=\"s6\"><span class=\"s11\"><span class=\"bumpedFont15\">Hor\u00e1rio:<\/span><\/span> <span class=\"s3\"><span class=\"bumpedFont15\">A partir as 14h;<\/span><\/span><\/p>\n<p class=\"s10\"><span class=\"s11\"><span class=\"bumpedFont15\">Entrada:<\/span><\/span><span class=\"s3\"><span class=\"bumpedFont15\"> Gratuita.<\/span><\/span><\/p>\n","protected":false},"excerpt":{"rendered":"<p>O Carnaval est\u00e1 chegando e para entrar no clima da festa mais divertida do ano e animar a crian\u00e7ada e toda a fam\u00edlia, o Boulevard Shopping Vit\u00f3ria da Conquistapreparou mais uma edi\u00e7\u00e3o do Boulevard Folia, que acontece neste domingo (12), a partir das 14h, na Pra\u00e7a Central Dona Iai\u00e1 do empreendimento. Fit Dance Teens com [&hellip;]<\/p>\n","protected":false},"author":3,"featured_media":37967,"comment_status":"open","ping_status":"open","sticky":false,"template":"","format":"standard","meta":[],"categories":[7,3],"tags":[],"_links":{"self":[{"href":"https:\/\/www.blogdomassinha.com.br\/v1\/wp-json\/wp\/v2\/posts\/37966"}],"collection":[{"href":"https:\/\/www.blogdomassinha.com.br\/v1\/wp-json\/wp\/v2\/posts"}],"about":[{"href":"https:\/\/www.blogdomassinha.com.br\/v1\/wp-json\/wp\/v2\/types\/post"}],"author":[{"embeddable":true,"href":"https:\/\/www.blogdomassinha.com.br\/v1\/wp-json\/wp\/v2\/users\/3"}],"replies":[{"embeddable":true,"href":"https:\/\/www.blogdomassinha.com.br\/v1\/wp-json\/wp\/v2\/comments?post=37966"}],"version-history":[{"count":1,"href":"https:\/\/www.blogdomassinha.com.br\/v1\/wp-json\/wp\/v2\/posts\/37966\/revisions"}],"predecessor-version":[{"id":37968,"href":"https:\/\/www.blogdomassinha.com.br\/v1\/wp-json\/wp\/v2\/posts\/37966\/revisions\/37968"}],"wp:featuredmedia":[{"embeddable":true,"href":"https:\/\/www.blogdomassinha.com.br\/v1\/wp-json\/wp\/v2\/media\/37967"}],"wp:attachment":[{"href":"https:\/\/www.blogdomassinha.com.br\/v1\/wp-json\/wp\/v2\/media?parent=37966"}],"wp:term":[{"taxonomy":"category","embeddable":true,"href":"https:\/\/www.blogdomassinha.com.br\/v1\/wp-json\/wp\/v2\/categories?post=37966"},{"taxonomy":"post_tag","embeddable":true,"href":"https:\/\/www.blogdomassinha.com.br\/v1\/wp-json\/wp\/v2\/tags?post=37966"}],"curies":[{"name":"wp","href":"https:\/\/api.w.org\/{rel}","templated":true}]}}