{"id":37914,"date":"2023-02-08T17:59:50","date_gmt":"2023-02-08T20:59:50","guid":{"rendered":"https:\/\/www.blogdomassinha.com.br\/v1\/?p=37914"},"modified":"2023-02-08T17:59:50","modified_gmt":"2023-02-08T20:59:50","slug":"cdl-acivic-e-sincomercio-emitem-nota-sobre-incendio","status":"publish","type":"post","link":"https:\/\/www.blogdomassinha.com.br\/v1\/2023\/02\/08\/cdl-acivic-e-sincomercio-emitem-nota-sobre-incendio\/","title":{"rendered":"CDL, ACIVIC e Sincom\u00e9rcio emitem nota sobre inc\u00eandio"},"content":{"rendered":"<p class=\"p1\"><img loading=\"lazy\" class=\"alignright size-medium wp-image-37915\" src=\"https:\/\/www.blogdomassinha.com.br\/v1\/wp-content\/uploads\/2023\/02\/1E918E1C-4E6A-477A-8DB7-43B9B2E18BAF-217x300.jpeg\" alt=\"\" width=\"217\" height=\"300\" srcset=\"https:\/\/www.blogdomassinha.com.br\/v1\/wp-content\/uploads\/2023\/02\/1E918E1C-4E6A-477A-8DB7-43B9B2E18BAF-217x300.jpeg 217w, https:\/\/www.blogdomassinha.com.br\/v1\/wp-content\/uploads\/2023\/02\/1E918E1C-4E6A-477A-8DB7-43B9B2E18BAF.jpeg 463w\" sizes=\"(max-width: 217px) 100vw, 217px\" \/><\/p>\n<p class=\"p1\"><span class=\"s1\">A C\u00e2mara de Dirigentes Lojistas \u2013 CDL de Vit\u00f3ria da Conquista, a Associa\u00e7\u00e3o Comercial e Industrial de Vit\u00f3ria da Conquista &#8211; ACIVIC e o Sindicato do Comercio Varejista e Atacadista de Vit\u00f3ria da Conquista \u2013 SINCOM\u00c9CIOVC, entidades representativas da classe empresarial e industrial, v\u00eam a p\u00fablico parabenizar a 77a Companhia Independente da Pol\u00edcia Militar de Vit\u00f3ria da Conquista e o Centro Integrado de Comunica\u00e7\u00e3o &#8211; CICOM pela agilidade e efici\u00eancia em reconhecer o indiv\u00edduo suspeito, atrav\u00e9s das imagens das c\u00e2meras de monitoramento, que teria estado no local onde houve o inc\u00eandio no Centro da cidade, na madrugada do dia 05\/02\/23, encontra-lo e apresenta-lo ao DISEP.<\/span><\/p>\n<p class=\"p1\"><span class=\"s1\">A CDL, ACIVIC e SINCOM\u00c9RCIOVC se solidarizam com todos os lojistas que tiveram seus locais de trabalho incendiados. Esperamos que as autoridades competentes investiguem a motiva\u00e7\u00e3o da a\u00e7\u00e3o e mantenha nossos lojistas seguros para evitar novas a\u00e7\u00f5es covardes e criminosas como essa ocorra novamente.<\/span><!--more--><\/p>\n<p class=\"p1\"><span class=\"s1\">Nossa cidade \u00e9 reconhecida pelo seu forte esp\u00edrito empreendedor e por sua gente ordeira e trabalhadora, que preza pela seguran\u00e7a dos seus cidad\u00e3os.<\/span><\/p>\n<p class=\"p1\"><span class=\"s1\">A CDL se empenhar\u00e1 junto \u00e0s autoridades competentes para que nenhum lojista fique desassistido, para que atos como estes jamais fiquem impunes e para que haja seguran\u00e7a para consumidores, empres\u00e1rios e colaboradores de Vit\u00f3ria da Conquista.<\/span><\/p>\n<p class=\"p1\"><span class=\"s1\">Entretanto, lamentamos que este indiv\u00edduo j\u00e1 esteja solto, trazendo preocupa\u00e7\u00e3o aos lojistas e \u00e0 popula\u00e7\u00e3o. A CDL, ACIVIC e SINCOM\u00c9RCIOVC ratificam sobre a seriedade com que deve ser tratado e investigado esse crime ocorrido no com\u00e9rcio de nossa cidade.<\/span><\/p>\n<p class=\"p1\"><span class=\"s1\">Conclamamos \u00e0s autoridades competentes para empenharem seus melhores esfor\u00e7os na elucida\u00e7\u00e3o e na responsabiliza\u00e7\u00e3o dos envolvidos.<\/span><\/p>\n<p class=\"p1\"><span class=\"s1\">Marcio Pedro Costa<\/span><\/p>\n<p class=\"p1\"><span class=\"s1\">Presidente da CDL de Vit\u00f3ria da Conquista<\/span><\/p>\n<p class=\"p1\"><span class=\"s1\">Jo\u00e3o Luiz dos Santos Jesus<\/span><\/p>\n<p class=\"p1\"><span class=\"s1\">Presidente do SINCOM\u00c9RCIOVC de Vit\u00f3ria da Conquista<\/span><\/p>\n<p class=\"p1\"><span class=\"s1\">Raimundo Amaral Menezes Filho Presidente da ACIVIC de Vit\u00f3ria da Conquista<\/span><\/p>\n","protected":false},"excerpt":{"rendered":"<p>A C\u00e2mara de Dirigentes Lojistas \u2013 CDL de Vit\u00f3ria da Conquista, a Associa\u00e7\u00e3o Comercial e Industrial de Vit\u00f3ria da Conquista &#8211; ACIVIC e o Sindicato do Comercio Varejista e Atacadista de Vit\u00f3ria da Conquista \u2013 SINCOM\u00c9CIOVC, entidades representativas da classe empresarial e industrial, v\u00eam a p\u00fablico parabenizar a 77a Companhia Independente da Pol\u00edcia Militar de [&hellip;]<\/p>\n","protected":false},"author":3,"featured_media":37915,"comment_status":"open","ping_status":"open","sticky":false,"template":"","format":"standard","meta":[],"categories":[7,1],"tags":[],"_links":{"self":[{"href":"https:\/\/www.blogdomassinha.com.br\/v1\/wp-json\/wp\/v2\/posts\/37914"}],"collection":[{"href":"https:\/\/www.blogdomassinha.com.br\/v1\/wp-json\/wp\/v2\/posts"}],"about":[{"href":"https:\/\/www.blogdomassinha.com.br\/v1\/wp-json\/wp\/v2\/types\/post"}],"author":[{"embeddable":true,"href":"https:\/\/www.blogdomassinha.com.br\/v1\/wp-json\/wp\/v2\/users\/3"}],"replies":[{"embeddable":true,"href":"https:\/\/www.blogdomassinha.com.br\/v1\/wp-json\/wp\/v2\/comments?post=37914"}],"version-history":[{"count":1,"href":"https:\/\/www.blogdomassinha.com.br\/v1\/wp-json\/wp\/v2\/posts\/37914\/revisions"}],"predecessor-version":[{"id":37916,"href":"https:\/\/www.blogdomassinha.com.br\/v1\/wp-json\/wp\/v2\/posts\/37914\/revisions\/37916"}],"wp:featuredmedia":[{"embeddable":true,"href":"https:\/\/www.blogdomassinha.com.br\/v1\/wp-json\/wp\/v2\/media\/37915"}],"wp:attachment":[{"href":"https:\/\/www.blogdomassinha.com.br\/v1\/wp-json\/wp\/v2\/media?parent=37914"}],"wp:term":[{"taxonomy":"category","embeddable":true,"href":"https:\/\/www.blogdomassinha.com.br\/v1\/wp-json\/wp\/v2\/categories?post=37914"},{"taxonomy":"post_tag","embeddable":true,"href":"https:\/\/www.blogdomassinha.com.br\/v1\/wp-json\/wp\/v2\/tags?post=37914"}],"curies":[{"name":"wp","href":"https:\/\/api.w.org\/{rel}","templated":true}]}}