{"id":37905,"date":"2023-02-07T11:12:11","date_gmt":"2023-02-07T14:12:11","guid":{"rendered":"https:\/\/www.blogdomassinha.com.br\/v1\/?p=37905"},"modified":"2023-02-07T11:12:11","modified_gmt":"2023-02-07T14:12:11","slug":"curtinhas-do-massa-dia-07-02-2023","status":"publish","type":"post","link":"https:\/\/www.blogdomassinha.com.br\/v1\/2023\/02\/07\/curtinhas-do-massa-dia-07-02-2023\/","title":{"rendered":"Curtinhas do Massa &#8211; Dia 07\/02\/2023"},"content":{"rendered":"<p class=\"p1\"><img loading=\"lazy\" class=\"size-medium wp-image-6679 alignleft\" src=\"https:\/\/www.blogdomassinha.com.br\/v1\/wp-content\/uploads\/2017\/01\/curtinhas2-300x113.jpg\" alt=\"\" width=\"300\" height=\"113\" srcset=\"https:\/\/www.blogdomassinha.com.br\/v1\/wp-content\/uploads\/2017\/01\/curtinhas2-300x113.jpg 300w, https:\/\/www.blogdomassinha.com.br\/v1\/wp-content\/uploads\/2017\/01\/curtinhas2.jpg 640w\" sizes=\"(max-width: 300px) 100vw, 300px\" \/><\/p>\n<p class=\"p1\"><span class=\"s1\">Uma nova federa\u00e7\u00e3o pode surgir entre partidos da nossa pol\u00edtica. Elmar Nascimento \u00e9 um dos art\u00edfices do projeto.<span class=\"Apple-converted-space\">\u00a0 <\/span>Caso se confirme, ser\u00e1 a maior uni\u00e3o de siglas da pol\u00edtica nacional. Lula ter\u00e1 que conversar muito.<\/span><\/p>\n<p class=\"p1\"><span class=\"s1\">xxxxxxxxxxxx<\/span><\/p>\n<p class=\"p1\"><span class=\"s1\">O m\u00e9dico Alo\u00edsio Alan, muito articulado social e politicamente, anda meio recluso ultimamente. Alan preside o Conselho Consultivo que apoia a prefeita Sheila.<\/span><\/p>\n<p class=\"p1\"><span class=\"s1\">xxxxxxxxxxxx<\/span><\/p>\n<p class=\"p1\"><span class=\"s1\">Falando na gestora, ela dever\u00e1 vir com uma novidade, uma surpresa. A filha de dona Irma e Z\u00e9 Andrade \u00e9 pragm\u00e1tica, conversa, dialoga, n\u00e3o fecha os olhos pra realidade. A sua lideran\u00e7a na C\u00e2mara vai sacudir os quarteir\u00f5es.<\/span><\/p>\n<p class=\"p1\"><span class=\"s1\">xxxxxxxxxxxx<\/span><\/p>\n<p class=\"p1\"><span class=\"s1\">Quem ser\u00e1 o novo l\u00edder da prefeita na C\u00e2mara? \u201cO mundo d\u00e1 voltas\u201d, afirmam alguns ditos fil\u00f3sofos. Em parte, eu concordo.<\/span><\/p>\n<p class=\"p1\"><span class=\"s1\">xxxxxxxxxxxx<\/span><\/p>\n<p class=\"p1\"><span class=\"s1\">A C\u00e2mara viver\u00e1 dias turbulentos, o caldeir\u00e3o vai ferver. A prefeita precisa de uma base para defend\u00ea-la, algu\u00e9m com voz firme, n\u00e3o basta ter a maioria.<\/span><\/p>\n<p><!--more--><\/p>\n<p class=\"p1\"><span class=\"s1\">xxxxxxxxxxxx<\/span><\/p>\n<p class=\"p1\"><span class=\"s1\">A sucess\u00e3o municipal est\u00e1 na ordem do dia, os nomes que poder\u00e3o enfrentar Sheila j\u00e1 come\u00e7am a surgir.<\/span><\/p>\n<p class=\"p1\"><span class=\"s1\">xxxxxxxxxxxx<\/span><\/p>\n<p class=\"p1\"><span class=\"s1\">Ivan Cordeiro, bem votado para deputado estadual, ser\u00e1, por exemplo, candidato? Seria ele um advers\u00e1rio da prefeita? Creio que n\u00e3o.<\/span><\/p>\n<p class=\"p1\"><span class=\"s1\">xxxxxxxxxxxx<\/span><\/p>\n<p class=\"p1\"><span class=\"s1\">Pode ser um parceiro, ou melhor, continuar\u00e1 sendo. Ivan e Sheila s\u00e3o muito amigos, os dois comungam das mesmas ideias. S\u00e3o, prioritariamente, anti-petistas.<\/span><\/p>\n<p class=\"p1\"><span class=\"s1\">xxxxxxxxxxxx<\/span><\/p>\n<p class=\"p1\"><span class=\"s1\">Dr. Valverde, uma marca que esteve na \u201ccrista da onda\u201d em momentos passados, foi visto como um poss\u00edvel candidato a prefeito l\u00e1 atr\u00e1s, antes da primeira candidatura de Herzem.<\/span><\/p>\n<p class=\"p1\"><span class=\"s1\">xxxxxxxxxxxx<\/span><\/p>\n<p class=\"p1\"><span class=\"s1\">Foi incentivado a sair candidato a deputado, cujo padrinho foi ACM Neto, o resultado das urnas ser\u00e1 motivo de uma an\u00e1lise pelo respons\u00e1vel da notoriedade da Casa do Amor. Saindo da linha de disputa, ser\u00e1 aliado de Sheila.<\/span><\/p>\n<p class=\"p1\"><span class=\"s1\">xxxxxxxxxxxx<\/span><\/p>\n<p class=\"p1\"><span class=\"s1\">Dr. Alo\u00edsio Alan tem muito apelo no meio m\u00e9dico, no esporte e na classe pol\u00edtica. Ele diz que n\u00e3o quer, \u00e9 verdade, ele gosta de pol\u00edtica, mas ser candidato, n\u00e3o. Pelo menos por enquanto, n\u00e9 Alan?<\/span><\/p>\n<p class=\"p1\"><span class=\"s1\">xxxxxxxxxxxx<\/span><\/p>\n<p class=\"p1\"><span class=\"s1\">O MDB, via L\u00facio Vieira Lima, afirma que \u201c\u00e9 a vez de L\u00facia Rocha. Ser\u00e1 nossa candidata\u201d, diz o irm\u00e3o de Geddel Vieira Lima.<\/span><\/p>\n<p class=\"p1\"><span class=\"s1\">L\u00facia \u00e9 dona absoluta dos seus votos, como \u201co sol \u00e9 do condor\u201d.<\/span><\/p>\n<p class=\"p1\"><span class=\"s1\">xxxxxxxxxxxx<\/span><\/p>\n<p class=\"p1\"><span class=\"s1\">Sheila conversa com todo mundo, n\u00e3o tem preconceito, ao contr\u00e1rio, senta \u00e0 mesa com todos, e por que n\u00e3o faz\u00ea-lo com a vereadora?<\/span><\/p>\n<p class=\"p1\"><span class=\"s1\">xxxxxxxxxxxx<\/span><\/p>\n<p class=\"p1\"><span class=\"s1\">J\u00e1 pensaram? Sheila e L\u00facia na mesma chapa, duas mulheres?<\/span><\/p>\n<p class=\"p1\"><span class=\"s1\">xxxxxxxxxxxx<\/span><\/p>\n<p class=\"p1\"><span class=\"s1\">Se isso n\u00e3o acontecer, L\u00facia poder\u00e1 ser vice do PT, porque n\u00e3o creio que seja candidata como terceira op\u00e7\u00e3o para o eleitor conquistense.<\/span><\/p>\n<p class=\"p1\"><span class=\"s1\">xxxxxxxxxxxx<\/span><\/p>\n<p class=\"p1\"><span class=\"s1\">Sheila v\u00ea tudo do alto, de cima, mesmo que n\u00e3o esteja de \u201csalto alto\u201d, est\u00e1 muito tranquila, pode escolher, porque na condi\u00e7\u00e3o de \u00fanica candidata garantida pode faz\u00ea-lo.<\/span><\/p>\n<p class=\"p1\"><span class=\"s1\">xxxxxxxxxxxx<\/span><\/p>\n<p class=\"p1\"><span class=\"s1\">Inclusive ter como vice o seu secret\u00e1rio de Sa\u00fade, Vin\u00edcius Rodrigues. Este sim sabe o que quer, \u00e9 candidat\u00edssimo se for convidado. Tem pretens\u00f5es, n\u00e3o nega, embora o seu primeiro objetivo seja realizar um grande trabalho \u00e0 frente da pasta.<\/span><\/p>\n<p class=\"p1\"><span class=\"s1\">xxxxxxxxxxxx<\/span><\/p>\n<p class=\"p1\"><span class=\"s1\">O cen\u00e1rio \u00e9 o seguinte: \u201cSheila se elege, governa dois anos, disputa uma vaga na C\u00e2mara Federal. Vinicius ocupa a cadeira de Sheila, torna-se o prefeito de Conquista e depois ser\u00e1 candidato \u00e0 reelei\u00e7\u00e3o\u201d.<\/span><\/p>\n<p class=\"p1\"><span class=\"s1\">xxxxxxxxxxxx<\/span><\/p>\n<p class=\"p1\"><span class=\"s1\">Claro, \u00e9 o que \u00e9 imaginado, falta combinar com o PT, mas \u00e9 real, n\u00e3o \u00e9 devaneio. Portanto, o candidato \u00e0 vice de Sheila, seja quem for, est\u00e1 com a bola toda.<\/span><\/p>\n<p class=\"p1\"><span class=\"s1\">xxxxxxxxxxxx<\/span><\/p>\n<p class=\"p1\"><span class=\"s1\">N\u00e3o custa lembrar, ali\u00e1s, \u00e9 oportuno faz\u00ea-lo, que os nomes de, em ordem alfab\u00e9tica, Abmael Brito, Liomar Couto, Toinho Cabral e Z\u00e9 Maria Caires s\u00e3o falados como potenciais pe\u00e7as no tabuleiro pol\u00edtico da cidade para 2024 e 2026. <\/span><\/p>\n<p class=\"p1\"><span class=\"s1\">xxxxxxxxxxxx<\/span><\/p>\n<p class=\"p1\"><span class=\"s1\">Os nomes acima, pela ponta direita, meio campo, enquanto que pela ponta esquerda, jogando bem aberto, tem Alexandre Xand\u00f3 e Viviane Sampaio, Solla e o pr\u00f3prio Fabr\u00edcio, a\u00ed todos sentar\u00e3o com Z\u00e9 Raimundo, Waldenor Pereira e \u2026 sim, ele, Guilherme, para sacramentar um poss\u00edvel acordo.<\/span><\/p>\n<p class=\"p1\"><span class=\"s1\">xxxxxxxxxxxx<\/span><\/p>\n<p class=\"p1\"><span class=\"s1\">Em tempo: Gutemberg Macedo J\u00fanior corre por fora, s\u00f3 observando, tipo Bell Marques, em cima do trio: \u201cDaqui do alto eu te vejo, daqui do alto eu te desejo\u201d.<\/span><\/p>\n","protected":false},"excerpt":{"rendered":"<p>Uma nova federa\u00e7\u00e3o pode surgir entre partidos da nossa pol\u00edtica. Elmar Nascimento \u00e9 um dos art\u00edfices do projeto.\u00a0 Caso se confirme, ser\u00e1 a maior uni\u00e3o de siglas da pol\u00edtica nacional. Lula ter\u00e1 que conversar muito. xxxxxxxxxxxx O m\u00e9dico Alo\u00edsio Alan, muito articulado social e politicamente, anda meio recluso ultimamente. Alan preside o Conselho Consultivo que [&hellip;]<\/p>\n","protected":false},"author":3,"featured_media":6679,"comment_status":"open","ping_status":"open","sticky":false,"template":"","format":"standard","meta":[],"categories":[1271,7],"tags":[],"_links":{"self":[{"href":"https:\/\/www.blogdomassinha.com.br\/v1\/wp-json\/wp\/v2\/posts\/37905"}],"collection":[{"href":"https:\/\/www.blogdomassinha.com.br\/v1\/wp-json\/wp\/v2\/posts"}],"about":[{"href":"https:\/\/www.blogdomassinha.com.br\/v1\/wp-json\/wp\/v2\/types\/post"}],"author":[{"embeddable":true,"href":"https:\/\/www.blogdomassinha.com.br\/v1\/wp-json\/wp\/v2\/users\/3"}],"replies":[{"embeddable":true,"href":"https:\/\/www.blogdomassinha.com.br\/v1\/wp-json\/wp\/v2\/comments?post=37905"}],"version-history":[{"count":1,"href":"https:\/\/www.blogdomassinha.com.br\/v1\/wp-json\/wp\/v2\/posts\/37905\/revisions"}],"predecessor-version":[{"id":37906,"href":"https:\/\/www.blogdomassinha.com.br\/v1\/wp-json\/wp\/v2\/posts\/37905\/revisions\/37906"}],"wp:featuredmedia":[{"embeddable":true,"href":"https:\/\/www.blogdomassinha.com.br\/v1\/wp-json\/wp\/v2\/media\/6679"}],"wp:attachment":[{"href":"https:\/\/www.blogdomassinha.com.br\/v1\/wp-json\/wp\/v2\/media?parent=37905"}],"wp:term":[{"taxonomy":"category","embeddable":true,"href":"https:\/\/www.blogdomassinha.com.br\/v1\/wp-json\/wp\/v2\/categories?post=37905"},{"taxonomy":"post_tag","embeddable":true,"href":"https:\/\/www.blogdomassinha.com.br\/v1\/wp-json\/wp\/v2\/tags?post=37905"}],"curies":[{"name":"wp","href":"https:\/\/api.w.org\/{rel}","templated":true}]}}