{"id":37891,"date":"2023-02-05T21:22:20","date_gmt":"2023-02-06T00:22:20","guid":{"rendered":"https:\/\/www.blogdomassinha.com.br\/v1\/?p=37891"},"modified":"2023-02-05T21:22:20","modified_gmt":"2023-02-06T00:22:20","slug":"a-professora-isabel-teixeira-cunha-dona-belinha-partiu-aos-99-anos","status":"publish","type":"post","link":"https:\/\/www.blogdomassinha.com.br\/v1\/2023\/02\/05\/a-professora-isabel-teixeira-cunha-dona-belinha-partiu-aos-99-anos\/","title":{"rendered":"A professora Isabel Teixeira Cunha, dona Belinha, partiu aos 99 anos"},"content":{"rendered":"<p class=\"p1\"><img loading=\"lazy\" class=\"size-medium wp-image-37892 alignleft\" src=\"https:\/\/www.blogdomassinha.com.br\/v1\/wp-content\/uploads\/2023\/02\/E507BA60-A300-4B37-B458-87A805EC50C1-231x300.jpeg\" alt=\"\" width=\"231\" height=\"300\" srcset=\"https:\/\/www.blogdomassinha.com.br\/v1\/wp-content\/uploads\/2023\/02\/E507BA60-A300-4B37-B458-87A805EC50C1-231x300.jpeg 231w, https:\/\/www.blogdomassinha.com.br\/v1\/wp-content\/uploads\/2023\/02\/E507BA60-A300-4B37-B458-87A805EC50C1-790x1024.jpeg 790w, https:\/\/www.blogdomassinha.com.br\/v1\/wp-content\/uploads\/2023\/02\/E507BA60-A300-4B37-B458-87A805EC50C1-768x996.jpeg 768w, https:\/\/www.blogdomassinha.com.br\/v1\/wp-content\/uploads\/2023\/02\/E507BA60-A300-4B37-B458-87A805EC50C1.jpeg 987w\" sizes=\"(max-width: 231px) 100vw, 231px\" \/><\/p>\n<p class=\"p1\"><span class=\"s1\">\u00c9 com pesar que os filhos, netos e bisnetos comunicam o falecimento da professora Isabel Teixeira Cunha, tamb\u00e9m conhecida como professora Belinha, aos 99 anos de idade.<\/span><\/p>\n<p class=\"p1\"><span class=\"s1\">A cerim\u00f4nia de crema\u00e7\u00e3o ser\u00e1 segunda-feira, 06\/02\/2023 das 10 \u00e0s 12 horas, no Cemit\u00e9rio Parque da Cidade, em Vit\u00f3ria da Conquista &#8211; Ba.<\/span><\/p>\n","protected":false},"excerpt":{"rendered":"<p>\u00c9 com pesar que os filhos, netos e bisnetos comunicam o falecimento da professora Isabel Teixeira Cunha, tamb\u00e9m conhecida como professora Belinha, aos 99 anos de idade. A cerim\u00f4nia de crema\u00e7\u00e3o ser\u00e1 segunda-feira, 06\/02\/2023 das 10 \u00e0s 12 horas, no Cemit\u00e9rio Parque da Cidade, em Vit\u00f3ria da Conquista &#8211; Ba.<\/p>\n","protected":false},"author":3,"featured_media":37892,"comment_status":"open","ping_status":"open","sticky":false,"template":"","format":"standard","meta":[],"categories":[7,1],"tags":[],"_links":{"self":[{"href":"https:\/\/www.blogdomassinha.com.br\/v1\/wp-json\/wp\/v2\/posts\/37891"}],"collection":[{"href":"https:\/\/www.blogdomassinha.com.br\/v1\/wp-json\/wp\/v2\/posts"}],"about":[{"href":"https:\/\/www.blogdomassinha.com.br\/v1\/wp-json\/wp\/v2\/types\/post"}],"author":[{"embeddable":true,"href":"https:\/\/www.blogdomassinha.com.br\/v1\/wp-json\/wp\/v2\/users\/3"}],"replies":[{"embeddable":true,"href":"https:\/\/www.blogdomassinha.com.br\/v1\/wp-json\/wp\/v2\/comments?post=37891"}],"version-history":[{"count":1,"href":"https:\/\/www.blogdomassinha.com.br\/v1\/wp-json\/wp\/v2\/posts\/37891\/revisions"}],"predecessor-version":[{"id":37893,"href":"https:\/\/www.blogdomassinha.com.br\/v1\/wp-json\/wp\/v2\/posts\/37891\/revisions\/37893"}],"wp:featuredmedia":[{"embeddable":true,"href":"https:\/\/www.blogdomassinha.com.br\/v1\/wp-json\/wp\/v2\/media\/37892"}],"wp:attachment":[{"href":"https:\/\/www.blogdomassinha.com.br\/v1\/wp-json\/wp\/v2\/media?parent=37891"}],"wp:term":[{"taxonomy":"category","embeddable":true,"href":"https:\/\/www.blogdomassinha.com.br\/v1\/wp-json\/wp\/v2\/categories?post=37891"},{"taxonomy":"post_tag","embeddable":true,"href":"https:\/\/www.blogdomassinha.com.br\/v1\/wp-json\/wp\/v2\/tags?post=37891"}],"curies":[{"name":"wp","href":"https:\/\/api.w.org\/{rel}","templated":true}]}}