{"id":37887,"date":"2023-02-05T13:17:38","date_gmt":"2023-02-05T16:17:38","guid":{"rendered":"https:\/\/www.blogdomassinha.com.br\/v1\/?p=37887"},"modified":"2023-02-05T13:18:36","modified_gmt":"2023-02-05T16:18:36","slug":"artistas-da-terra-ja-confirmados-na-miconquista","status":"publish","type":"post","link":"https:\/\/www.blogdomassinha.com.br\/v1\/2023\/02\/05\/artistas-da-terra-ja-confirmados-na-miconquista\/","title":{"rendered":"Artistas da terra j\u00e1 confirmados na Miconquista!"},"content":{"rendered":"<p class=\"p1\"><img loading=\"lazy\" class=\"size-medium wp-image-37888 alignright\" src=\"https:\/\/www.blogdomassinha.com.br\/v1\/wp-content\/uploads\/2023\/02\/469A407A-2EFD-4A38-9CD2-23E35860FC1B-300x300.jpeg\" alt=\"\" width=\"300\" height=\"300\" srcset=\"https:\/\/www.blogdomassinha.com.br\/v1\/wp-content\/uploads\/2023\/02\/469A407A-2EFD-4A38-9CD2-23E35860FC1B-300x300.jpeg 300w, https:\/\/www.blogdomassinha.com.br\/v1\/wp-content\/uploads\/2023\/02\/469A407A-2EFD-4A38-9CD2-23E35860FC1B-150x150.jpeg 150w, https:\/\/www.blogdomassinha.com.br\/v1\/wp-content\/uploads\/2023\/02\/469A407A-2EFD-4A38-9CD2-23E35860FC1B.jpeg 320w\" sizes=\"(max-width: 300px) 100vw, 300px\" \/><\/p>\n<p class=\"p1\"><span class=\"s1\">Somos uma cidade de grandes artistas, m\u00fasicos e cantores de alt\u00edssimo n\u00edvel, todos capazes de fazer o maior \u201ccarnaval\u201d nas nossas vidas, mexer mesmo com as nossas emo\u00e7\u00f5es, \u00e9 gente demais, ainda bem.<\/span><\/p>\n<p class=\"p1\"><span class=\"s1\">Dentro desse universo musical, alguns nomes j\u00e1 foram selecionados para participar da folia que acontece em abril e com certeza o p\u00fablico vai gostar: Simpa, Fredinho, Kiribamba e Samba do Al\u00ea j\u00e1 est\u00e3o esquentando as turbinas para a Miconquista.<\/span><\/p>\n<p class=\"p1\"><span class=\"s1\">Aproveitem, garanta logo a sua presen\u00e7a na festa comprando o seu ingresso no primeiro lote promocional, apenas pelo Sympla.<\/span><\/p>\n","protected":false},"excerpt":{"rendered":"<p>Somos uma cidade de grandes artistas, m\u00fasicos e cantores de alt\u00edssimo n\u00edvel, todos capazes de fazer o maior \u201ccarnaval\u201d nas nossas vidas, mexer mesmo com as nossas emo\u00e7\u00f5es, \u00e9 gente demais, ainda bem. Dentro desse universo musical, alguns nomes j\u00e1 foram selecionados para participar da folia que acontece em abril e com certeza o p\u00fablico [&hellip;]<\/p>\n","protected":false},"author":3,"featured_media":37888,"comment_status":"open","ping_status":"open","sticky":false,"template":"","format":"standard","meta":[],"categories":[7,3],"tags":[],"_links":{"self":[{"href":"https:\/\/www.blogdomassinha.com.br\/v1\/wp-json\/wp\/v2\/posts\/37887"}],"collection":[{"href":"https:\/\/www.blogdomassinha.com.br\/v1\/wp-json\/wp\/v2\/posts"}],"about":[{"href":"https:\/\/www.blogdomassinha.com.br\/v1\/wp-json\/wp\/v2\/types\/post"}],"author":[{"embeddable":true,"href":"https:\/\/www.blogdomassinha.com.br\/v1\/wp-json\/wp\/v2\/users\/3"}],"replies":[{"embeddable":true,"href":"https:\/\/www.blogdomassinha.com.br\/v1\/wp-json\/wp\/v2\/comments?post=37887"}],"version-history":[{"count":2,"href":"https:\/\/www.blogdomassinha.com.br\/v1\/wp-json\/wp\/v2\/posts\/37887\/revisions"}],"predecessor-version":[{"id":37890,"href":"https:\/\/www.blogdomassinha.com.br\/v1\/wp-json\/wp\/v2\/posts\/37887\/revisions\/37890"}],"wp:featuredmedia":[{"embeddable":true,"href":"https:\/\/www.blogdomassinha.com.br\/v1\/wp-json\/wp\/v2\/media\/37888"}],"wp:attachment":[{"href":"https:\/\/www.blogdomassinha.com.br\/v1\/wp-json\/wp\/v2\/media?parent=37887"}],"wp:term":[{"taxonomy":"category","embeddable":true,"href":"https:\/\/www.blogdomassinha.com.br\/v1\/wp-json\/wp\/v2\/categories?post=37887"},{"taxonomy":"post_tag","embeddable":true,"href":"https:\/\/www.blogdomassinha.com.br\/v1\/wp-json\/wp\/v2\/tags?post=37887"}],"curies":[{"name":"wp","href":"https:\/\/api.w.org\/{rel}","templated":true}]}}