{"id":37884,"date":"2023-02-05T13:09:57","date_gmt":"2023-02-05T16:09:57","guid":{"rendered":"https:\/\/www.blogdomassinha.com.br\/v1\/?p=37884"},"modified":"2023-02-05T13:09:57","modified_gmt":"2023-02-05T16:09:57","slug":"sms-divulga-cronograma-de-vacinacao-desta-segunda-feira-contra-a-covid-19","status":"publish","type":"post","link":"https:\/\/www.blogdomassinha.com.br\/v1\/2023\/02\/05\/sms-divulga-cronograma-de-vacinacao-desta-segunda-feira-contra-a-covid-19\/","title":{"rendered":"SMS divulga cronograma de vacina\u00e7\u00e3o desta segunda-feira contra a Covid-19"},"content":{"rendered":"<p class=\"p1\"><img loading=\"lazy\" class=\"size-medium wp-image-6840 alignleft\" src=\"https:\/\/www.blogdomassinha.com.br\/v1\/wp-content\/uploads\/2017\/02\/Vacina-red2-585x399-300x205.jpg\" alt=\"\" width=\"300\" height=\"205\" srcset=\"https:\/\/www.blogdomassinha.com.br\/v1\/wp-content\/uploads\/2017\/02\/Vacina-red2-585x399-300x205.jpg 300w, https:\/\/www.blogdomassinha.com.br\/v1\/wp-content\/uploads\/2017\/02\/Vacina-red2-585x399.jpg 585w\" sizes=\"(max-width: 300px) 100vw, 300px\" \/><\/p>\n<p class=\"p1\"><span class=\"s1\">A Secretaria Municipal de Sa\u00fade (SMS) divulgou a programa\u00e7\u00e3o da vacina\u00e7\u00e3o contra a Covid-19 apenas para esta segunda-feira (6), pois est\u00e1 prevista a chegada de vacinas pedi\u00e1tricas para retomar a vacina\u00e7\u00e3o infantil a partir de ter\u00e7a-feira (7). A programa\u00e7\u00e3o para o restante da semana ser\u00e1 divulgada antecipadamente nos canais oficiais da Prefeitura, assim que as unidades estiverem abastecidas.<\/span><\/p>\n<p class=\"p1\"><span class=\"s1\">Para amanh\u00e3 (6), estar\u00e3o dispon\u00edveis vacinas nas unidades de sa\u00fade somente para os p\u00fablicos adolescente e adulto, e apenas a 2\u00aa dose da Coronavac para crian\u00e7as de 3 e 4 anos.<\/span><\/p>\n<p class=\"p1\"><span class=\"s1\">Veja os locais e hor\u00e1rios de vacina\u00e7\u00e3o para cada p\u00fablico. Antes de ir ao posto, observe as datas de retorno no cart\u00e3o de vacina, respeitando o intervalo correto entre as doses.<\/span><\/p>\n<p class=\"p1\"><span class=\"s1\">Crian\u00e7as: 2\u00aa dose Coronavac\u2013 crian\u00e7as de 3 e 4 anos<\/span><\/p>\n<p class=\"p1\"><span class=\"s1\">UBS R\u00e9gis Pacheco (Centro) \u2013 9h \u00e0s 12h | 14h \u00e0s 16h30<\/span><\/p>\n<p class=\"p1\"><span class=\"s1\">UBS Adm\u00e1rio Santos (Bairro Brasil) \u2013 9h \u00e0s 12h | 14h \u00e0s 16h30<\/span><!--more--><\/p>\n<p class=\"p1\"><span class=\"s1\">__________________________________<\/span><\/p>\n<p class=\"p1\"><span class=\"s1\">P\u00fablicos:<\/span><\/p>\n<p class=\"p1\"><span class=\"s1\">Adolescentes de 12 a 17 anos\u2013 1\u00aa a 3\u00aa doses<\/span><\/p>\n<p class=\"p1\"><span class=\"s1\">Adultos\u2013 1\u00aa a 4\u00aa doses<\/span><\/p>\n<p class=\"p1\"><span class=\"s1\">Gestantes e pu\u00e9rperas (12 anos ou mais)<\/span><\/p>\n<p class=\"p1\"><span class=\"s1\">Imunossuprimidos (18 anos ou mais)\u2013 5\u00aa dose, vacina ofertada: Pfizer<\/span><\/p>\n<p class=\"p1\"><span class=\"s1\">UBS Hugo de Castro (Bairro Guarani) \u2013 9h \u00e0s 12h | 14h \u00e0s 16h30<\/span><\/p>\n<p class=\"p1\"><span class=\"s1\">UBS CAE II (Bairro S\u00e3o Vicente) \u2013 9h \u00e0s 12h<\/span><\/p>\n<p class=\"p1\"><span class=\"s1\">USF Urbis V \u2013 9h \u00e0s 12h | 14h \u00e0s 16h30<\/span><\/p>\n<p class=\"p1\"><span class=\"s1\">UBS Dr. Jo\u00e3o Melo Filho (Bairro Ibirapuera) \u2013 9h \u00e0s 12h | 14h \u00e0s 16h30<\/span><\/p>\n<p class=\"p1\"><span class=\"s1\">USF Nelson Barros (Bairro Kadija) \u2013 9h \u00e0s 12h | 14h \u00e0s 16h30<\/span><\/p>\n<p class=\"p1\"><span class=\"s1\">USF Pedrinhas \u2013 9h \u00e0s 12h | 14h \u00e0s 16h30<\/span><\/p>\n<p class=\"p1\"><span class=\"s1\">USF Nova Cidade \u2013 9h \u00e0s 12h<\/span><\/p>\n<p class=\"p1\"><span class=\"s1\">USF Nestor Guimar\u00e3es (Bairro Jurema) \u2013 9h \u00e0s 12h | 14h \u00e0s 16h30<\/span><\/p>\n<p class=\"p1\"><span class=\"s1\">USF Vila Serrana \u2013 9h \u00e0s 12h | 14h \u00e0s 16h30<\/span><\/p>\n<p class=\"p1\"><span class=\"s1\">USF Nossa Senhora Aparecida \u2013 9h \u00e0s 12h | 14h \u00e0s 16h30<\/span><\/p>\n<p class=\"p1\"><span class=\"s1\">USF Urbis VI \u2013 14h \u00e0s 16h30<\/span><\/p>\n<p class=\"p1\"><span class=\"s1\">USF Morada dos P\u00e1ssaros \u2013 9h \u00e0s 12h | 14h \u00e0s 16h30<\/span><\/p>\n<p class=\"p1\"><span class=\"s1\">USF Recanto das \u00c1guas \u2013 9h \u00e0s 12h | 14h \u00e0s 16h30<\/span><\/p>\n<p class=\"p1\"><span class=\"s1\">USF Jardim Val\u00e9ria I e II \u2013 9h \u00e0s 12h | 14h \u00e0s 16h30<\/span><\/p>\n<p class=\"p1\"><span class=\"s1\">USF Campinhos \u2013 9h \u00e0s 12h | 14h \u00e0s 16h30<\/span><\/p>\n<p class=\"p1\"><span class=\"s1\">USF Vila Am\u00e9rica \u2013 14h \u00e0s 16h30<\/span><\/p>\n<p class=\"p1\"><span class=\"s1\">USF Solange Hort\u00e9lio \u2013 14h \u00e0s 16h30<\/span><\/p>\n<p class=\"p1\"><span class=\"s1\">__________________________________<\/span><\/p>\n<p class=\"p1\"><span class=\"s1\">Adultos 40+ (preferencialmente)<\/span><\/p>\n<p class=\"p1\"><span class=\"s1\">Vacina ofertada: Fiocruz<\/span><\/p>\n<p class=\"p1\"><span class=\"s1\">USF Panorama \u2013 9h \u00e0s 12h | 14h \u00e0s 16h30<\/span><\/p>\n<p class=\"p1\"><span class=\"s1\">USF Miro Cairo \u2013 9h \u00e0s 12h | 14h \u00e0s 16h30<\/span><\/p>\n<p class=\"p1\"><span class=\"s1\">*A recomenda\u00e7\u00e3o mais recente do Minist\u00e9rio da Sa\u00fade \u00e9 que as vacinas de vetor viral (Fiocruz e Janssen) sejam administradas, preferencialmente, no p\u00fablico de adultos acima de 40 anos.<\/span><\/p>\n<p class=\"p1\"><span class=\"s1\">Documenta\u00e7\u00e3o \u2013Para todos os p\u00fablicos, \u00e9 preciso apresentar o documento pessoal com CPF e o cart\u00e3o de vacina, caso j\u00e1 tenha se vacinado. Os imunocomprometidos devem apresentar tamb\u00e9m comprova\u00e7\u00e3o m\u00e9dica da condi\u00e7\u00e3o de sa\u00fade.<\/span><\/p>\n<p><img loading=\"lazy\" class=\"alignright size-medium wp-image-37885\" src=\"https:\/\/www.blogdomassinha.com.br\/v1\/wp-content\/uploads\/2023\/02\/97048400-D815-4835-86F8-B6061AFE0AF4-245x300.jpeg\" alt=\"\" width=\"245\" height=\"300\" srcset=\"https:\/\/www.blogdomassinha.com.br\/v1\/wp-content\/uploads\/2023\/02\/97048400-D815-4835-86F8-B6061AFE0AF4-245x300.jpeg 245w, https:\/\/www.blogdomassinha.com.br\/v1\/wp-content\/uploads\/2023\/02\/97048400-D815-4835-86F8-B6061AFE0AF4.jpeg 768w\" sizes=\"(max-width: 245px) 100vw, 245px\" \/><\/p>\n","protected":false},"excerpt":{"rendered":"<p>A Secretaria Municipal de Sa\u00fade (SMS) divulgou a programa\u00e7\u00e3o da vacina\u00e7\u00e3o contra a Covid-19 apenas para esta segunda-feira (6), pois est\u00e1 prevista a chegada de vacinas pedi\u00e1tricas para retomar a vacina\u00e7\u00e3o infantil a partir de ter\u00e7a-feira (7). A programa\u00e7\u00e3o para o restante da semana ser\u00e1 divulgada antecipadamente nos canais oficiais da Prefeitura, assim que as [&hellip;]<\/p>\n","protected":false},"author":3,"featured_media":6840,"comment_status":"open","ping_status":"open","sticky":false,"template":"","format":"standard","meta":[],"categories":[7,1,5],"tags":[],"_links":{"self":[{"href":"https:\/\/www.blogdomassinha.com.br\/v1\/wp-json\/wp\/v2\/posts\/37884"}],"collection":[{"href":"https:\/\/www.blogdomassinha.com.br\/v1\/wp-json\/wp\/v2\/posts"}],"about":[{"href":"https:\/\/www.blogdomassinha.com.br\/v1\/wp-json\/wp\/v2\/types\/post"}],"author":[{"embeddable":true,"href":"https:\/\/www.blogdomassinha.com.br\/v1\/wp-json\/wp\/v2\/users\/3"}],"replies":[{"embeddable":true,"href":"https:\/\/www.blogdomassinha.com.br\/v1\/wp-json\/wp\/v2\/comments?post=37884"}],"version-history":[{"count":1,"href":"https:\/\/www.blogdomassinha.com.br\/v1\/wp-json\/wp\/v2\/posts\/37884\/revisions"}],"predecessor-version":[{"id":37886,"href":"https:\/\/www.blogdomassinha.com.br\/v1\/wp-json\/wp\/v2\/posts\/37884\/revisions\/37886"}],"wp:featuredmedia":[{"embeddable":true,"href":"https:\/\/www.blogdomassinha.com.br\/v1\/wp-json\/wp\/v2\/media\/6840"}],"wp:attachment":[{"href":"https:\/\/www.blogdomassinha.com.br\/v1\/wp-json\/wp\/v2\/media?parent=37884"}],"wp:term":[{"taxonomy":"category","embeddable":true,"href":"https:\/\/www.blogdomassinha.com.br\/v1\/wp-json\/wp\/v2\/categories?post=37884"},{"taxonomy":"post_tag","embeddable":true,"href":"https:\/\/www.blogdomassinha.com.br\/v1\/wp-json\/wp\/v2\/tags?post=37884"}],"curies":[{"name":"wp","href":"https:\/\/api.w.org\/{rel}","templated":true}]}}