{"id":37879,"date":"2023-02-05T13:03:51","date_gmt":"2023-02-05T16:03:51","guid":{"rendered":"https:\/\/www.blogdomassinha.com.br\/v1\/?p=37879"},"modified":"2023-02-05T13:03:51","modified_gmt":"2023-02-05T16:03:51","slug":"santa-casa-e-responsavel-pela-realizacao-de-primeira-cirurgia-bariatrica-pelo-sus-sob-o-comando-do-dr-alexandre-freitas","status":"publish","type":"post","link":"https:\/\/www.blogdomassinha.com.br\/v1\/2023\/02\/05\/santa-casa-e-responsavel-pela-realizacao-de-primeira-cirurgia-bariatrica-pelo-sus-sob-o-comando-do-dr-alexandre-freitas\/","title":{"rendered":"Santa Casa \u00e9 respons\u00e1vel pela realiza\u00e7\u00e3o de primeira cirurgia bari\u00e1trica pelo SUS, sob o comando do Dr. Alexandre Freitas"},"content":{"rendered":"<p class=\"p1\"><img loading=\"lazy\" class=\"alignright size-medium wp-image-37880\" src=\"https:\/\/www.blogdomassinha.com.br\/v1\/wp-content\/uploads\/2023\/02\/85A87E0B-8708-400A-9015-C42B1450D0BC-300x225.jpeg\" alt=\"\" width=\"300\" height=\"225\" srcset=\"https:\/\/www.blogdomassinha.com.br\/v1\/wp-content\/uploads\/2023\/02\/85A87E0B-8708-400A-9015-C42B1450D0BC-300x225.jpeg 300w, https:\/\/www.blogdomassinha.com.br\/v1\/wp-content\/uploads\/2023\/02\/85A87E0B-8708-400A-9015-C42B1450D0BC-1024x769.jpeg 1024w, https:\/\/www.blogdomassinha.com.br\/v1\/wp-content\/uploads\/2023\/02\/85A87E0B-8708-400A-9015-C42B1450D0BC-768x577.jpeg 768w, https:\/\/www.blogdomassinha.com.br\/v1\/wp-content\/uploads\/2023\/02\/85A87E0B-8708-400A-9015-C42B1450D0BC.jpeg 1156w\" sizes=\"(max-width: 300px) 100vw, 300px\" \/><\/p>\n<p class=\"p1\"><span class=\"s1\">Uma not\u00edcia que engrandece cada vez mais o trabalho edificante que vem sendo realizado pela Santa Casa de Miseric\u00f3rdia de Vit\u00f3ria da Conquista, comemorando 108 anos de funda\u00e7\u00e3o, mais de um s\u00e9culo, uma trajet\u00f3ria de sucesso, de dignidade, um verdadeiro sacerd\u00f3cio, uma vida de entregas, passando pelos provedores, m\u00e9dicos, enfermeiros, fisioterapeutas e colaboradores, todos contribuindo para que a institui\u00e7\u00e3o continue sendo uma refer\u00eancia para o nordeste brasileiro.<\/span><\/p>\n<p class=\"p1\"><span class=\"s1\">xxxxxxxxxxxx<\/span><\/p>\n<p class=\"p1\"><span class=\"s1\">Hoje \u00e0 frente da provedoria Abmael Brito, gestor pela segunda vez, conta com uma equipe determinada e assiste um feito in\u00e9dito, liderado pelo m\u00e9dico Alexandre Freitas:<\/span><!--more--><\/p>\n<p><img loading=\"lazy\" class=\"size-medium wp-image-37881 alignleft\" src=\"https:\/\/www.blogdomassinha.com.br\/v1\/wp-content\/uploads\/2023\/02\/3C56C58D-D39A-49C0-8B8C-BD78B6477BB9-300x169.jpeg\" alt=\"\" width=\"300\" height=\"169\" srcset=\"https:\/\/www.blogdomassinha.com.br\/v1\/wp-content\/uploads\/2023\/02\/3C56C58D-D39A-49C0-8B8C-BD78B6477BB9-300x169.jpeg 300w, https:\/\/www.blogdomassinha.com.br\/v1\/wp-content\/uploads\/2023\/02\/3C56C58D-D39A-49C0-8B8C-BD78B6477BB9-1024x576.jpeg 1024w, https:\/\/www.blogdomassinha.com.br\/v1\/wp-content\/uploads\/2023\/02\/3C56C58D-D39A-49C0-8B8C-BD78B6477BB9-768x432.jpeg 768w, https:\/\/www.blogdomassinha.com.br\/v1\/wp-content\/uploads\/2023\/02\/3C56C58D-D39A-49C0-8B8C-BD78B6477BB9.jpeg 1280w\" sizes=\"(max-width: 300px) 100vw, 300px\" \/><\/p>\n<p class=\"p1\"><span class=\"s1\">\u201cSanta Casa realiza primeira cirurgia bari\u00e1trica pelo SUS<\/span><\/p>\n<p class=\"p1\"><span class=\"s1\">Sa\u00fade, qualidade de vida e autoestima s\u00e3o tr\u00eas dos relevantes processos de mudan\u00e7a promovidos pela cirurgia bari\u00e1trica. Alternativa que, na maioria das vezes, significa uma verdadeira revolu\u00e7\u00e3o na vida daquelas pessoas que sofrem com a obesidade em est\u00e1gio avan\u00e7ado. Neste n\u00edvel, a interven\u00e7\u00e3o cir\u00fargica de redu\u00e7\u00e3o do est\u00f4mago \u00e9 necess\u00e1ria pois, a obesidade chega a um n\u00edvel cr\u00edtico e pode ocasionar doen\u00e7as secund\u00e1rias mais graves como: hipertens\u00e3o, diabetes e disfun\u00e7\u00f5es respirat\u00f3rias. <\/span><\/p>\n<p class=\"p1\"><span class=\"s1\">A Santa Casa de Miseric\u00f3rdia, refer\u00eancia no servi\u00e7o de Cirurgia Bari\u00e1trica, j\u00e1 ajudou v\u00e1rios pacientes a ter mais qualidade de vida e recentemente, resultado de uma parceria com a Secretaria Municipal de Sa\u00fade, firmada no final de 2022, foi habilitada a realizar cirurgia bari\u00e1trica por meio do Sistema \u00danico de Sa\u00fade (SUS). <\/span><\/p>\n<p class=\"p1\"><span class=\"s1\">A not\u00edcia \u00e9 um grande al\u00edvio e sinal de esperan\u00e7a para pessoas que sofrem com o problema, mas que, no entanto, n\u00e3o tem condi\u00e7\u00e3o de assumir os custos, encontrando no suporte oferecido pelo SUS a possibilidade de apostar na melhoria da qualidade de vida, no caso de passarem pela cirurgia oferecida como servi\u00e7o p\u00fablico.<\/span><\/p>\n<p class=\"p1\"><span class=\"s1\">A parceria foi consolidada com a agenda de procedimentos que propiciou a primeira cirurgia bari\u00e1trica pelo SUS da regi\u00e3o Sudoeste, realizada em Vit\u00f3ria da Conquista, no Hospital S\u00e3o Vicente de Paulo, pelo m\u00e9dico cirurgi\u00e3o Dr. Alexandre Freitas Ferreira e sua equipe.<\/span><\/p>\n<p class=\"p1\"><span class=\"s1\">O m\u00e9dico salienta os dois procedimentos mais utilizados no Brasil, que s\u00e3o a gastrectomia ou gastrectomia vertical e o by-pass, cirurgia chamada de capela.<\/span><\/p>\n<p class=\"p1\"><span class=\"s1\">&#8220;O paciente na realidade, vai passar por uma equipe multidisciplinar. Primeiramente, ele tem que ter no m\u00ednimo dois anos tentando fazer emagrecimento com acompanhamento de um profissional endocrinol\u00f3gico, passar pelo anestesista, nutricionista, psic\u00f3logo e a endoscopia&#8221;, detalha Dr. Alexandre Freitas Ferreira, afirmando que esse conjunto de procedimentos, junto com o cirurgi\u00e3o bari\u00e1trico, faz com que entre em consenso. Para isso \u201co paciente teria que ter um sobrepeso de um IMC acima de trinta e cinco&#8221;, diz.<\/span><\/p>\n<p class=\"p1\"><span class=\"s1\">&#8220;Hoje a Santa Casa j\u00e1 disp\u00f5e desse credenciamento que n\u00f3s conseguimos no final do ano passado e a cirurgia realizada foi um sucesso. N\u00f3s j\u00e1 fazemos essa cirurgia h\u00e1 muitos anos, por conv\u00eanio e particular, e hoje conseguimos fazer pelo SUS, e assim alcan\u00e7amos uma grande quantidade de pacientes da regi\u00e3o sudoeste e sul, incluindo Itabuna&#8221;, ressaltou Ferreira.<\/span><\/p>\n<p class=\"p1\"><span class=\"s1\">&#8220;S\u00f3 pra<span class=\"Apple-converted-space\">\u00a0 <\/span>se ter no\u00e7\u00e3o, durante a pandemia houve uma queda de 21% das cirurgias bari\u00e1tricas no Brasil, e contrariando esta l\u00f3gica, a Santa Casa, no sentido inverso, est\u00e1 conseguindo realizar grandes cirurgias e principalmente cirurgia bari\u00e1trica. N\u00f3s estamos agora num caminho de grandeza em rela\u00e7\u00e3o a esse procedimento que \u00e9 um procedimento de excel\u00eancia&#8221;, concluiu.\u201d<\/span><\/p>\n<p><img loading=\"lazy\" class=\"alignright size-medium wp-image-37882\" src=\"https:\/\/www.blogdomassinha.com.br\/v1\/wp-content\/uploads\/2023\/02\/BFE97C51-8C4D-4ACE-AE69-39352D3E271D-300x225.jpeg\" alt=\"\" width=\"300\" height=\"225\" srcset=\"https:\/\/www.blogdomassinha.com.br\/v1\/wp-content\/uploads\/2023\/02\/BFE97C51-8C4D-4ACE-AE69-39352D3E271D-300x225.jpeg 300w, https:\/\/www.blogdomassinha.com.br\/v1\/wp-content\/uploads\/2023\/02\/BFE97C51-8C4D-4ACE-AE69-39352D3E271D.jpeg 640w\" sizes=\"(max-width: 300px) 100vw, 300px\" \/><\/p>\n<p class=\"p1\"><span class=\"s1\">Equipe do Dr Alexandre Freitas cirurgia bari\u00e1trica, da esquerda para direita<\/span><\/p>\n<p class=\"p1\"><span class=\"s1\">1. Julivan- T\u00e9cnico de enfermagem<\/span><\/p>\n<p class=\"p1\"><span class=\"s1\">2. Dr. Caetano &#8211; anestesiologista <\/span><\/p>\n<p class=\"p1\"><span class=\"s1\">3. Normali &#8211; Instrumentadora <\/span><\/p>\n<p class=\"p1\"><span class=\"s1\">4. Dr. Ricardo Alexandre &#8211; cirurgi\u00e3o <\/span><\/p>\n<p class=\"p1\"><span class=\"s1\">5. Dr. Alexandre &#8211; cirurgi\u00e3o <\/span><\/p>\n<p class=\"p1\"><span class=\"s1\">6. Eliene Jardim &#8211; Enfermeira <\/span><\/p>\n<p class=\"p1\"><span class=\"s1\">7. Rafael Ferreira &#8211; acad\u00eamico de medicina<\/span><\/p>\n","protected":false},"excerpt":{"rendered":"<p>Uma not\u00edcia que engrandece cada vez mais o trabalho edificante que vem sendo realizado pela Santa Casa de Miseric\u00f3rdia de Vit\u00f3ria da Conquista, comemorando 108 anos de funda\u00e7\u00e3o, mais de um s\u00e9culo, uma trajet\u00f3ria de sucesso, de dignidade, um verdadeiro sacerd\u00f3cio, uma vida de entregas, passando pelos provedores, m\u00e9dicos, enfermeiros, fisioterapeutas e colaboradores, todos contribuindo [&hellip;]<\/p>\n","protected":false},"author":3,"featured_media":37880,"comment_status":"open","ping_status":"open","sticky":false,"template":"","format":"standard","meta":[],"categories":[7,1,5],"tags":[],"_links":{"self":[{"href":"https:\/\/www.blogdomassinha.com.br\/v1\/wp-json\/wp\/v2\/posts\/37879"}],"collection":[{"href":"https:\/\/www.blogdomassinha.com.br\/v1\/wp-json\/wp\/v2\/posts"}],"about":[{"href":"https:\/\/www.blogdomassinha.com.br\/v1\/wp-json\/wp\/v2\/types\/post"}],"author":[{"embeddable":true,"href":"https:\/\/www.blogdomassinha.com.br\/v1\/wp-json\/wp\/v2\/users\/3"}],"replies":[{"embeddable":true,"href":"https:\/\/www.blogdomassinha.com.br\/v1\/wp-json\/wp\/v2\/comments?post=37879"}],"version-history":[{"count":1,"href":"https:\/\/www.blogdomassinha.com.br\/v1\/wp-json\/wp\/v2\/posts\/37879\/revisions"}],"predecessor-version":[{"id":37883,"href":"https:\/\/www.blogdomassinha.com.br\/v1\/wp-json\/wp\/v2\/posts\/37879\/revisions\/37883"}],"wp:featuredmedia":[{"embeddable":true,"href":"https:\/\/www.blogdomassinha.com.br\/v1\/wp-json\/wp\/v2\/media\/37880"}],"wp:attachment":[{"href":"https:\/\/www.blogdomassinha.com.br\/v1\/wp-json\/wp\/v2\/media?parent=37879"}],"wp:term":[{"taxonomy":"category","embeddable":true,"href":"https:\/\/www.blogdomassinha.com.br\/v1\/wp-json\/wp\/v2\/categories?post=37879"},{"taxonomy":"post_tag","embeddable":true,"href":"https:\/\/www.blogdomassinha.com.br\/v1\/wp-json\/wp\/v2\/tags?post=37879"}],"curies":[{"name":"wp","href":"https:\/\/api.w.org\/{rel}","templated":true}]}}