{"id":37845,"date":"2023-02-01T11:13:22","date_gmt":"2023-02-01T14:13:22","guid":{"rendered":"https:\/\/www.blogdomassinha.com.br\/v1\/?p=37845"},"modified":"2023-02-01T11:13:22","modified_gmt":"2023-02-01T14:13:22","slug":"nao-tera-cerimonia-de-posse-o-secretario-ja-comeca-trabalhando-disse-sheila-sobre-vinicius-rodrigues","status":"publish","type":"post","link":"https:\/\/www.blogdomassinha.com.br\/v1\/2023\/02\/01\/nao-tera-cerimonia-de-posse-o-secretario-ja-comeca-trabalhando-disse-sheila-sobre-vinicius-rodrigues\/","title":{"rendered":"\u201cN\u00e3o ter\u00e1 cerim\u00f4nia de posse, o secret\u00e1rio j\u00e1 come\u00e7a trabalhando\u201d, disse Sheila sobre Vin\u00edcius Rodrigues"},"content":{"rendered":"<p class=\"p1\"><img loading=\"lazy\" class=\"alignright size-medium wp-image-37846\" src=\"https:\/\/www.blogdomassinha.com.br\/v1\/wp-content\/uploads\/2023\/02\/ED94E81E-E1EB-4E03-98BD-FBA45C82596B-300x300.jpeg\" alt=\"\" width=\"300\" height=\"300\" srcset=\"https:\/\/www.blogdomassinha.com.br\/v1\/wp-content\/uploads\/2023\/02\/ED94E81E-E1EB-4E03-98BD-FBA45C82596B-300x300.jpeg 300w, https:\/\/www.blogdomassinha.com.br\/v1\/wp-content\/uploads\/2023\/02\/ED94E81E-E1EB-4E03-98BD-FBA45C82596B-150x150.jpeg 150w, https:\/\/www.blogdomassinha.com.br\/v1\/wp-content\/uploads\/2023\/02\/ED94E81E-E1EB-4E03-98BD-FBA45C82596B.jpeg 640w\" sizes=\"(max-width: 300px) 100vw, 300px\" \/><\/p>\n<p class=\"p1\"><span class=\"s1\">Toma posse hoje na Secretaria de Sa\u00fade de Vit\u00f3ria da Conquista, o m\u00e9dico Vin\u00edcius Rodrigues, filiado ao PSD de Otto Alencar, depois do PT, o partido mais forte da base do governo que alicer\u00e7ou o governo Rui e que elegeu Jer\u00f4nimo Rodrigues. <\/span><\/p>\n<p class=\"p1\"><span class=\"s1\">xxxxxxxxxxxx<\/span><\/p>\n<p class=\"p1\"><span class=\"s1\">A enfermeira Ramona Cerqueira deixou a pasta, n\u00e3o sabemos o motivo, enquanto que o jovem m\u00e9dico que chega ao posto \u00e9 uma pessoa articulada politicamente, socialmente, e gosta demais da profiss\u00e3o. \u201cEsse rapaz \u00e9 muito determinado, eu conhe\u00e7o o fato na vida dele que mostra o quanto ele corre atr\u00e1s dos seus objetivos, n\u00e3o abre m\u00e3o do que quer\u201d, disse uma pessoa da \u00e1rea de sa\u00fade na nossa cidade, est\u00e1vamos em tr\u00eas casualmente reunidos.<\/span><\/p>\n<p class=\"p1\"><span class=\"s1\">xxxxxxxxxxxx<\/span><\/p>\n<p class=\"p1\"><span class=\"s1\">A chegada de Vin\u00edcius ao grupo administrativo da prefeita Sheila Lemos \u00e9 um refor\u00e7o ao seu time que se prepara para um grande jogo, cuja data j\u00e1 est\u00e1 definida: 02 de outubro de 2024.<\/span><!--more--><\/p>\n<p class=\"p1\"><span class=\"s1\">xxxxxxxxxxxx<\/span><\/p>\n<p class=\"p1\"><span class=\"s1\">A escolha de Vin\u00edcius \u00e9 m\u00e9rito pessoal da gestora, existe uma identidade entre os dois, portanto, \u00e9 da sua inteira confian\u00e7a.<\/span><\/p>\n<p class=\"p1\"><span class=\"s1\">xxxxxxxxxxxx<\/span><\/p>\n<p class=\"p1\"><span class=\"s1\">A Sa\u00fade \u00e9 o cora\u00e7\u00e3o da administra\u00e7\u00e3o, se a Educa\u00e7\u00e3o, Transporte e Sa\u00fade estiverem bem, o gestor pode dormir tranquilo. A juventude de Vin\u00edcius e a sua disposi\u00e7\u00e3o para o trabalho, al\u00e9m do conhecimento t\u00e9cnico, s\u00e3o fatores determinantes para o sucesso do desafio que Sheila e Vin\u00edcius assumem a partir de hoje.<\/span><\/p>\n<p class=\"p1\"><span class=\"s1\">Ramona cumpriu com o seu mister e continuar\u00e1 no time da prefeita.<\/span><\/p>\n","protected":false},"excerpt":{"rendered":"<p>Toma posse hoje na Secretaria de Sa\u00fade de Vit\u00f3ria da Conquista, o m\u00e9dico Vin\u00edcius Rodrigues, filiado ao PSD de Otto Alencar, depois do PT, o partido mais forte da base do governo que alicer\u00e7ou o governo Rui e que elegeu Jer\u00f4nimo Rodrigues. xxxxxxxxxxxx A enfermeira Ramona Cerqueira deixou a pasta, n\u00e3o sabemos o motivo, enquanto [&hellip;]<\/p>\n","protected":false},"author":3,"featured_media":37846,"comment_status":"open","ping_status":"open","sticky":false,"template":"","format":"standard","meta":[],"categories":[7,1],"tags":[],"_links":{"self":[{"href":"https:\/\/www.blogdomassinha.com.br\/v1\/wp-json\/wp\/v2\/posts\/37845"}],"collection":[{"href":"https:\/\/www.blogdomassinha.com.br\/v1\/wp-json\/wp\/v2\/posts"}],"about":[{"href":"https:\/\/www.blogdomassinha.com.br\/v1\/wp-json\/wp\/v2\/types\/post"}],"author":[{"embeddable":true,"href":"https:\/\/www.blogdomassinha.com.br\/v1\/wp-json\/wp\/v2\/users\/3"}],"replies":[{"embeddable":true,"href":"https:\/\/www.blogdomassinha.com.br\/v1\/wp-json\/wp\/v2\/comments?post=37845"}],"version-history":[{"count":1,"href":"https:\/\/www.blogdomassinha.com.br\/v1\/wp-json\/wp\/v2\/posts\/37845\/revisions"}],"predecessor-version":[{"id":37847,"href":"https:\/\/www.blogdomassinha.com.br\/v1\/wp-json\/wp\/v2\/posts\/37845\/revisions\/37847"}],"wp:featuredmedia":[{"embeddable":true,"href":"https:\/\/www.blogdomassinha.com.br\/v1\/wp-json\/wp\/v2\/media\/37846"}],"wp:attachment":[{"href":"https:\/\/www.blogdomassinha.com.br\/v1\/wp-json\/wp\/v2\/media?parent=37845"}],"wp:term":[{"taxonomy":"category","embeddable":true,"href":"https:\/\/www.blogdomassinha.com.br\/v1\/wp-json\/wp\/v2\/categories?post=37845"},{"taxonomy":"post_tag","embeddable":true,"href":"https:\/\/www.blogdomassinha.com.br\/v1\/wp-json\/wp\/v2\/tags?post=37845"}],"curies":[{"name":"wp","href":"https:\/\/api.w.org\/{rel}","templated":true}]}}