{"id":37593,"date":"2023-01-16T16:31:42","date_gmt":"2023-01-16T19:31:42","guid":{"rendered":"https:\/\/www.blogdomassinha.com.br\/v1\/?p=37593"},"modified":"2023-01-16T16:31:42","modified_gmt":"2023-01-16T19:31:42","slug":"jose-pedro-guerreiro-da-via-bahia-vira-para-conquista-dia-09-02-a-convite-do-duplica-sudoeste","status":"publish","type":"post","link":"https:\/\/www.blogdomassinha.com.br\/v1\/2023\/01\/16\/jose-pedro-guerreiro-da-via-bahia-vira-para-conquista-dia-09-02-a-convite-do-duplica-sudoeste\/","title":{"rendered":"Jos\u00e9 Pedro Guerreiro, da Via Bahia, vir\u00e1 para Conquista dia 09\/02 a convite do Duplica Sudoeste"},"content":{"rendered":"<p class=\"p1\"><img loading=\"lazy\" class=\"size-medium wp-image-37594 alignleft\" src=\"https:\/\/www.blogdomassinha.com.br\/v1\/wp-content\/uploads\/2023\/01\/03268748-ED94-4138-BDD1-BCDAC66E6328-300x200.jpeg\" alt=\"\" width=\"300\" height=\"200\" srcset=\"https:\/\/www.blogdomassinha.com.br\/v1\/wp-content\/uploads\/2023\/01\/03268748-ED94-4138-BDD1-BCDAC66E6328-300x200.jpeg 300w, https:\/\/www.blogdomassinha.com.br\/v1\/wp-content\/uploads\/2023\/01\/03268748-ED94-4138-BDD1-BCDAC66E6328.jpeg 730w\" sizes=\"(max-width: 300px) 100vw, 300px\" \/><\/p>\n<p class=\"p1\"><span class=\"s1\">Jos\u00e9 Maria Caires, idealizador do Movimento Duplica Sudoeste, come\u00e7ou 2023 colocando em discuss\u00e3o a duplica\u00e7\u00e3o da Rio Bahia, uma pauta permanente que a cidade abra\u00e7ou e que vai ganhando corpo em todo o sudoeste, at\u00e9 porque tudo que acontece de bom e de ruim na BR116 mexe com a vida de toda regi\u00e3o.<\/span><\/p>\n<p class=\"p1\"><span class=\"s1\">Esse encontro do pr\u00f3ximo dia 09 de fevereiro considero da mais alta import\u00e2ncia, ele \u00e9 estrat\u00e9gico, os governos estadual e federal est\u00e3o come\u00e7ando, os deputados est\u00e3o com f\u00f4lego, em in\u00edcio de mandato, portanto, \u00e9 buscar beber \u00e1gua do pote primeiro, est\u00e1 limpa e em grande intensidade.<\/span><\/p>\n<p class=\"p1\"><span class=\"s1\">Duplica Sudoeste est\u00e1 na ordem dia.<\/span><\/p>\n","protected":false},"excerpt":{"rendered":"<p>Jos\u00e9 Maria Caires, idealizador do Movimento Duplica Sudoeste, come\u00e7ou 2023 colocando em discuss\u00e3o a duplica\u00e7\u00e3o da Rio Bahia, uma pauta permanente que a cidade abra\u00e7ou e que vai ganhando corpo em todo o sudoeste, at\u00e9 porque tudo que acontece de bom e de ruim na BR116 mexe com a vida de toda regi\u00e3o. Esse encontro [&hellip;]<\/p>\n","protected":false},"author":3,"featured_media":37594,"comment_status":"open","ping_status":"open","sticky":false,"template":"","format":"standard","meta":[],"categories":[7,1],"tags":[],"_links":{"self":[{"href":"https:\/\/www.blogdomassinha.com.br\/v1\/wp-json\/wp\/v2\/posts\/37593"}],"collection":[{"href":"https:\/\/www.blogdomassinha.com.br\/v1\/wp-json\/wp\/v2\/posts"}],"about":[{"href":"https:\/\/www.blogdomassinha.com.br\/v1\/wp-json\/wp\/v2\/types\/post"}],"author":[{"embeddable":true,"href":"https:\/\/www.blogdomassinha.com.br\/v1\/wp-json\/wp\/v2\/users\/3"}],"replies":[{"embeddable":true,"href":"https:\/\/www.blogdomassinha.com.br\/v1\/wp-json\/wp\/v2\/comments?post=37593"}],"version-history":[{"count":1,"href":"https:\/\/www.blogdomassinha.com.br\/v1\/wp-json\/wp\/v2\/posts\/37593\/revisions"}],"predecessor-version":[{"id":37595,"href":"https:\/\/www.blogdomassinha.com.br\/v1\/wp-json\/wp\/v2\/posts\/37593\/revisions\/37595"}],"wp:featuredmedia":[{"embeddable":true,"href":"https:\/\/www.blogdomassinha.com.br\/v1\/wp-json\/wp\/v2\/media\/37594"}],"wp:attachment":[{"href":"https:\/\/www.blogdomassinha.com.br\/v1\/wp-json\/wp\/v2\/media?parent=37593"}],"wp:term":[{"taxonomy":"category","embeddable":true,"href":"https:\/\/www.blogdomassinha.com.br\/v1\/wp-json\/wp\/v2\/categories?post=37593"},{"taxonomy":"post_tag","embeddable":true,"href":"https:\/\/www.blogdomassinha.com.br\/v1\/wp-json\/wp\/v2\/tags?post=37593"}],"curies":[{"name":"wp","href":"https:\/\/api.w.org\/{rel}","templated":true}]}}