{"id":36936,"date":"2022-11-26T13:14:50","date_gmt":"2022-11-26T16:14:50","guid":{"rendered":"https:\/\/www.blogdomassinha.com.br\/v1\/?p=36936"},"modified":"2022-11-26T13:31:10","modified_gmt":"2022-11-26T16:31:10","slug":"assembleia-legislativa-da-bahia-homenageia-fausto-franco-empresario-e-relacoes-publica-com-a-comenda-2-de-julho","status":"publish","type":"post","link":"https:\/\/www.blogdomassinha.com.br\/v1\/2022\/11\/26\/assembleia-legislativa-da-bahia-homenageia-fausto-franco-empresario-e-relacoes-publica-com-a-comenda-2-de-julho\/","title":{"rendered":"Assembleia Legislativa da Bahia homenageia Fausto Franco, empres\u00e1rio e rela\u00e7\u00f5es p\u00fablica, com a Comenda 2 de Julho"},"content":{"rendered":"<p class=\"p1\"><img loading=\"lazy\" class=\"size-medium wp-image-36937 alignleft\" src=\"https:\/\/www.blogdomassinha.com.br\/v1\/wp-content\/uploads\/2022\/11\/FD4B8F4A-8D1F-4F64-9C3A-2442AF04ECC3-276x300.jpeg\" alt=\"\" width=\"276\" height=\"300\" srcset=\"https:\/\/www.blogdomassinha.com.br\/v1\/wp-content\/uploads\/2022\/11\/FD4B8F4A-8D1F-4F64-9C3A-2442AF04ECC3-276x300.jpeg 276w, https:\/\/www.blogdomassinha.com.br\/v1\/wp-content\/uploads\/2022\/11\/FD4B8F4A-8D1F-4F64-9C3A-2442AF04ECC3-768x836.jpeg 768w, https:\/\/www.blogdomassinha.com.br\/v1\/wp-content\/uploads\/2022\/11\/FD4B8F4A-8D1F-4F64-9C3A-2442AF04ECC3.jpeg 941w\" sizes=\"(max-width: 276px) 100vw, 276px\" \/><\/p>\n<p class=\"p1\"><span class=\"s1\">O ex-secret\u00e1rio de Cultura do estado da Bahia e tamb\u00e9m ex-empres\u00e1rio do grupo Chiclete com Banana durante 16 anos, Fausto Franco, foi homenageado na manh\u00e3 de ontem, 25, na Assembleia Legislativa com a outorga da Medalha 2 de Julho, honraria que contempla personalidades que prestam relevantes servi\u00e7os ao estado e ao povo baiano.<\/span><\/p>\n<p class=\"p1\"><span class=\"s1\">Conforme discursos dos componentes da mesa de honra, altamente representativa, composta por autoridades do executivo, judici\u00e1rio, legislativo e militar, foi a sess\u00e3o solene mais prestigiada em todos os tempos na hist\u00f3ria da ALBA, \u201caqui vemos uma casa cheia de figuras ilustres de todos os segmentos, os estados representados, prefeituras, empres\u00e1rios, gente de outros pa\u00edses vieram prestigiar esse grande amigo merecedor dessa homenagem\u201d, disse o empres\u00e1rio e ex-deputado Joaci Goes. <\/span><\/p>\n<p class=\"p1\"><span class=\"s1\">Ivana Bastos, Fab\u00edola Mansur, parlamentares, n\u00e3o pouparam elogios a Fausto que era aplaudido por uma plateia seleta, sob os olhares orgulhosos da esposa Astrid e do filho Gabriel.<\/span><!--more--><\/p>\n<p class=\"p1\"><span class=\"s1\">xxxxxxxxxxxx<\/span><\/p>\n<p class=\"p1\"><span class=\"s1\">A trajet\u00f3ria de Fausto \u00e9 um exemplo a ser seguido por homens p\u00fablicos, empres\u00e1rios e tamb\u00e9m por gestores de carreiras de artistas, a eleg\u00e2ncia, o humanismo e o profissionalismo sempre foram marcas desse paulista que veio pequeno para a Bahia e apaixonou pela nossa terra.<\/span><\/p>\n<p class=\"p1\"><span class=\"s1\">A homenagem ao amigo Fausto foi um momento \u00edmpar, digno de quem produz o bem, e por isso mesmo o reconhecimento de tantos amigos e parceiros que lotaram o plen\u00e1rio da ALBA.<\/span><\/p>\n<p class=\"p1\"><span class=\"s1\">\u201cFausto, voc\u00ea \u00e9 um cara de um sorriso largo, sempre aberto. N\u00e3o mude, Fausto, continue sempre assim, Faustinho, do seu jeitinho\u201d, disse Bell Marques em v\u00eddeo gravado e exibido no tel\u00e3o.<\/span><\/p>\n<p class=\"p1\"><span class=\"s1\">xxxxxxxxxxxx<\/span><\/p>\n<p class=\"p1\"><span class=\"s1\">Outros artistas tamb\u00e9m enviaram mensagens de carinho para o publicit\u00e1rio: Adriana Galisteu, Sabrina Sato, Daniela Mercury,<span class=\"Apple-converted-space\">\u00a0 <\/span>enquanto que na Mesa de Honra, Margareth Menezes sorria feliz ao ouvir tantas verdades ditas por autoridades como o vice-governador Jo\u00e3o Le\u00e3o e pelo presidente da ALBA.<\/span><\/p>\n<p class=\"p1\"><span class=\"s1\">FF \u00e9 F\u2026<\/span><\/p>\n","protected":false},"excerpt":{"rendered":"<p>O ex-secret\u00e1rio de Cultura do estado da Bahia e tamb\u00e9m ex-empres\u00e1rio do grupo Chiclete com Banana durante 16 anos, Fausto Franco, foi homenageado na manh\u00e3 de ontem, 25, na Assembleia Legislativa com a outorga da Medalha 2 de Julho, honraria que contempla personalidades que prestam relevantes servi\u00e7os ao estado e ao povo baiano. Conforme discursos [&hellip;]<\/p>\n","protected":false},"author":3,"featured_media":36937,"comment_status":"open","ping_status":"open","sticky":false,"template":"","format":"standard","meta":[],"categories":[7,1],"tags":[],"_links":{"self":[{"href":"https:\/\/www.blogdomassinha.com.br\/v1\/wp-json\/wp\/v2\/posts\/36936"}],"collection":[{"href":"https:\/\/www.blogdomassinha.com.br\/v1\/wp-json\/wp\/v2\/posts"}],"about":[{"href":"https:\/\/www.blogdomassinha.com.br\/v1\/wp-json\/wp\/v2\/types\/post"}],"author":[{"embeddable":true,"href":"https:\/\/www.blogdomassinha.com.br\/v1\/wp-json\/wp\/v2\/users\/3"}],"replies":[{"embeddable":true,"href":"https:\/\/www.blogdomassinha.com.br\/v1\/wp-json\/wp\/v2\/comments?post=36936"}],"version-history":[{"count":2,"href":"https:\/\/www.blogdomassinha.com.br\/v1\/wp-json\/wp\/v2\/posts\/36936\/revisions"}],"predecessor-version":[{"id":36945,"href":"https:\/\/www.blogdomassinha.com.br\/v1\/wp-json\/wp\/v2\/posts\/36936\/revisions\/36945"}],"wp:featuredmedia":[{"embeddable":true,"href":"https:\/\/www.blogdomassinha.com.br\/v1\/wp-json\/wp\/v2\/media\/36937"}],"wp:attachment":[{"href":"https:\/\/www.blogdomassinha.com.br\/v1\/wp-json\/wp\/v2\/media?parent=36936"}],"wp:term":[{"taxonomy":"category","embeddable":true,"href":"https:\/\/www.blogdomassinha.com.br\/v1\/wp-json\/wp\/v2\/categories?post=36936"},{"taxonomy":"post_tag","embeddable":true,"href":"https:\/\/www.blogdomassinha.com.br\/v1\/wp-json\/wp\/v2\/tags?post=36936"}],"curies":[{"name":"wp","href":"https:\/\/api.w.org\/{rel}","templated":true}]}}