{"id":36727,"date":"2022-11-12T14:20:07","date_gmt":"2022-11-12T17:20:07","guid":{"rendered":"https:\/\/www.blogdomassinha.com.br\/v1\/?p=36727"},"modified":"2022-11-12T14:20:07","modified_gmt":"2022-11-12T17:20:07","slug":"acm-neto-cada-vez-mais-proximo-de-lula-antecipamos-isso-aqui-em-materia-anterior","status":"publish","type":"post","link":"https:\/\/www.blogdomassinha.com.br\/v1\/2022\/11\/12\/acm-neto-cada-vez-mais-proximo-de-lula-antecipamos-isso-aqui-em-materia-anterior\/","title":{"rendered":"ACM Neto cada vez mais pr\u00f3ximo de Lula. Antecipamos isso aqui em mat\u00e9ria anterior"},"content":{"rendered":"<p class=\"p1\"><img loading=\"lazy\" class=\"alignright size-medium wp-image-36728\" src=\"https:\/\/www.blogdomassinha.com.br\/v1\/wp-content\/uploads\/2022\/11\/1349CB24-153B-45D3-AC99-A3BBAC0A3BB5-300x150.jpeg\" alt=\"\" width=\"300\" height=\"150\" srcset=\"https:\/\/www.blogdomassinha.com.br\/v1\/wp-content\/uploads\/2022\/11\/1349CB24-153B-45D3-AC99-A3BBAC0A3BB5-300x150.jpeg 300w, https:\/\/www.blogdomassinha.com.br\/v1\/wp-content\/uploads\/2022\/11\/1349CB24-153B-45D3-AC99-A3BBAC0A3BB5-768x384.jpeg 768w, https:\/\/www.blogdomassinha.com.br\/v1\/wp-content\/uploads\/2022\/11\/1349CB24-153B-45D3-AC99-A3BBAC0A3BB5.jpeg 783w\" sizes=\"(max-width: 300px) 100vw, 300px\" \/><\/p>\n<p class=\"p1\"><span class=\"s1\">Quando postamos uma mat\u00e9ria aqui, cujo t\u00edtulo fez muita gente espernear, lamentar e at\u00e9 excomungar o neto do ex-senador e governador Ant\u00f4nio Carlos Magalh\u00e3es, eu fiquei tranquilo, entendi as mais variadas rea\u00e7\u00f5es, at\u00e9 porque n\u00e3o afirmei, apenas especulei, indaguei: Lula e Neto juntos, a partir de quando? E Sheila vai junto?<\/span><\/p>\n<p class=\"p1\"><span class=\"s1\">Essa foi a manchete da mat\u00e9ria que incomodou tanta gente. Uns porque est\u00e3o preocupados apenas com o umbigo, outros porque s\u00e3o idealistas mesmos, fazem pol\u00edtica por convic\u00e7\u00e3o, por princ\u00edpios e n\u00e3o admitem misturas t\u00e3o heterog\u00eaneas, e eu entendo, \u00e9 natural.<\/span><\/p>\n<p class=\"p1\"><span class=\"s1\">S\u00f3 que foi mais r\u00e1pido do que eu imaginava, tudo caminha para que Neto e Lula estejam juntos.<\/span><!--more--><\/p>\n<p class=\"p1\"><span class=\"s1\">xxxxxxxxxxxx<\/span><\/p>\n<p class=\"p1\"><span class=\"s1\">Nem aquela surra que o ent\u00e3o deputado federal ACM Neto prometera dar em Lula, em discurso proferido na C\u00e2mara Federal, ser\u00e1 lembrado, tudo \u00e9 coisa do passado. E por falar no parlamento, s\u00e3o os deputados do Uni\u00e3o Brasil que o PT, Lula, Alckimin, a composi\u00e7\u00e3o liberal do governo eleito, est\u00e3o atr\u00e1s, e j\u00e1 est\u00e1, \u00e0 essa altura, tudo encaminhado.<\/span><\/p>\n<p class=\"p1\"><span class=\"s1\">Neto e Bivar, secret\u00e1rio e presidente, respectivamente, do Uni\u00e3o Brasil, querem ir de \u201cmala e cuia\u201d, carga completa para apoiar o governo que \u00e9 uma miscel\u00e2nea de partidos.<\/span><\/p>\n<p class=\"p1\"><span class=\"s1\">xxxxxxxxxxxx<\/span><\/p>\n<p class=\"p1\"><span class=\"s1\">Neto e Bivar dever\u00e3o pedir algo em troca, claro, \u00e9 assim que funciona o nosso sistema pol\u00edtico, nem sempre se trata de a\u00e7\u00f5es incestuosas, il\u00edcitas, \u00e9 o jogo das conveni\u00eancias, e como estamos pr\u00f3ximos ao final de ano, o esp\u00edrito \u00e9 natalino, o clima \u00e9 de troca de presentes.<\/span><\/p>\n<p class=\"p1\"><span class=\"s1\">\u201cQueremos a presid\u00eancia da C\u00e2mara\u201d, j\u00e1 teriam dito os dois dirigentes do UB?<\/span><\/p>\n<p class=\"p1\"><span class=\"s1\">E\u2026, e Sheila segue junto no pacote?<\/span><\/p>\n<p class=\"p1\"><span class=\"s1\">A prefeita de Conquista est\u00e1 mais acordada do que nunca.<\/span><\/p>\n","protected":false},"excerpt":{"rendered":"<p>Quando postamos uma mat\u00e9ria aqui, cujo t\u00edtulo fez muita gente espernear, lamentar e at\u00e9 excomungar o neto do ex-senador e governador Ant\u00f4nio Carlos Magalh\u00e3es, eu fiquei tranquilo, entendi as mais variadas rea\u00e7\u00f5es, at\u00e9 porque n\u00e3o afirmei, apenas especulei, indaguei: Lula e Neto juntos, a partir de quando? E Sheila vai junto? Essa foi a manchete [&hellip;]<\/p>\n","protected":false},"author":3,"featured_media":36728,"comment_status":"open","ping_status":"open","sticky":false,"template":"","format":"standard","meta":[],"categories":[7,2],"tags":[],"_links":{"self":[{"href":"https:\/\/www.blogdomassinha.com.br\/v1\/wp-json\/wp\/v2\/posts\/36727"}],"collection":[{"href":"https:\/\/www.blogdomassinha.com.br\/v1\/wp-json\/wp\/v2\/posts"}],"about":[{"href":"https:\/\/www.blogdomassinha.com.br\/v1\/wp-json\/wp\/v2\/types\/post"}],"author":[{"embeddable":true,"href":"https:\/\/www.blogdomassinha.com.br\/v1\/wp-json\/wp\/v2\/users\/3"}],"replies":[{"embeddable":true,"href":"https:\/\/www.blogdomassinha.com.br\/v1\/wp-json\/wp\/v2\/comments?post=36727"}],"version-history":[{"count":1,"href":"https:\/\/www.blogdomassinha.com.br\/v1\/wp-json\/wp\/v2\/posts\/36727\/revisions"}],"predecessor-version":[{"id":36729,"href":"https:\/\/www.blogdomassinha.com.br\/v1\/wp-json\/wp\/v2\/posts\/36727\/revisions\/36729"}],"wp:featuredmedia":[{"embeddable":true,"href":"https:\/\/www.blogdomassinha.com.br\/v1\/wp-json\/wp\/v2\/media\/36728"}],"wp:attachment":[{"href":"https:\/\/www.blogdomassinha.com.br\/v1\/wp-json\/wp\/v2\/media?parent=36727"}],"wp:term":[{"taxonomy":"category","embeddable":true,"href":"https:\/\/www.blogdomassinha.com.br\/v1\/wp-json\/wp\/v2\/categories?post=36727"},{"taxonomy":"post_tag","embeddable":true,"href":"https:\/\/www.blogdomassinha.com.br\/v1\/wp-json\/wp\/v2\/tags?post=36727"}],"curies":[{"name":"wp","href":"https:\/\/api.w.org\/{rel}","templated":true}]}}