{"id":36653,"date":"2022-11-08T13:07:33","date_gmt":"2022-11-08T16:07:33","guid":{"rendered":"https:\/\/www.blogdomassinha.com.br\/v1\/?p=36653"},"modified":"2022-11-08T13:08:26","modified_gmt":"2022-11-08T16:08:26","slug":"secretaria-de-cultura-realiza-festeccon-comeca-amanha-no-glauber-rocha","status":"publish","type":"post","link":"https:\/\/www.blogdomassinha.com.br\/v1\/2022\/11\/08\/secretaria-de-cultura-realiza-festeccon-comeca-amanha-no-glauber-rocha\/","title":{"rendered":"Secretaria de Cultura realiza FESTECCON. Come\u00e7a amanh\u00e3 no Glauber Rocha!"},"content":{"rendered":"<p class=\"p1\"><img loading=\"lazy\" class=\"size-medium wp-image-36654 alignleft\" src=\"https:\/\/www.blogdomassinha.com.br\/v1\/wp-content\/uploads\/2022\/11\/8BF271FB-7F13-4F8E-AF3A-FCBC5E00567C-300x225.jpeg\" alt=\"\" width=\"300\" height=\"225\" srcset=\"https:\/\/www.blogdomassinha.com.br\/v1\/wp-content\/uploads\/2022\/11\/8BF271FB-7F13-4F8E-AF3A-FCBC5E00567C-300x225.jpeg 300w, https:\/\/www.blogdomassinha.com.br\/v1\/wp-content\/uploads\/2022\/11\/8BF271FB-7F13-4F8E-AF3A-FCBC5E00567C-768x576.jpeg 768w, https:\/\/www.blogdomassinha.com.br\/v1\/wp-content\/uploads\/2022\/11\/8BF271FB-7F13-4F8E-AF3A-FCBC5E00567C.jpeg 1024w\" sizes=\"(max-width: 300px) 100vw, 300px\" \/><\/p>\n<p class=\"p1\"><span class=\"s1\">No final dessa mat\u00e9ria voc\u00ea ter\u00e1 o link da entrevista que nos foi concedida ontem pelos ilustres professores da Secret\u00e1ria Municipal de Educa\u00e7\u00e3o, Romilson Ferreira dos Santos, Coordenador Geral do N\u00facleo Pedag\u00f3gico, e das colegas que comp\u00f5em o n\u00facleo, Alexsandra Alves, Mayra L\u00edvia Aguiar Vilasboas e Fab\u00edola Macal\u00f3s Carpes, todos orgulhosos com a realiza\u00e7\u00e3o do evento que tem \u00e0 frente o professor Larry, titular da pasta da Educa\u00e7\u00e3o. <\/span><\/p>\n<p class=\"p1\"><span class=\"s1\">Na tarde de ontem o secret\u00e1rio esteve no Glauber Rocha acompanhado dos assessores Ana Maria Ferraz Cardoso e Itamar Figueiredo, checando a estrutura que dar\u00e1 susten\u00e7\u00e3o a esse inusitado evento que envolve cultura, m\u00fasica, artes em geral, palestras e gastronomia.<\/span><!--more--><\/p>\n<p class=\"p1\"><span class=\"s1\">\u201cA prefeita Sheila participa ativamente das decis\u00f5es, nos apoia em tudo, e diz expressamente para que valorizemos os nossos professores e alunos. \u00c9 um trabalho conjunto, temos a parceria da Secretaria de Cultura, Turismo e Lazer, atrav\u00e9s do nosso artista Xangai e toda sua equipe, e tudo isso chega ao conhecimento da popula\u00e7\u00e3o atrav\u00e9s da Secom\u201d, disse o secret\u00e1rio.<\/span><\/p>\n<p class=\"p1\"><span class=\"s1\">Segue o link da entrevista:<\/span><\/p>\n<p><a href=\"https:\/\/drive.google.com\/file\/d\/1cX1q1RuYBisU1jZ1pQ7eu89O0VCbZPTt\/view?usp=drivesdk\" target=\"_blank\" rel=\"noopener\">https:\/\/drive.google.com\/file\/d\/1cX1q1RuYBisU1jZ1pQ7eu89O0VCbZPTt\/view?usp=drivesdk<\/a><\/p>\n","protected":false},"excerpt":{"rendered":"<p>No final dessa mat\u00e9ria voc\u00ea ter\u00e1 o link da entrevista que nos foi concedida ontem pelos ilustres professores da Secret\u00e1ria Municipal de Educa\u00e7\u00e3o, Romilson Ferreira dos Santos, Coordenador Geral do N\u00facleo Pedag\u00f3gico, e das colegas que comp\u00f5em o n\u00facleo, Alexsandra Alves, Mayra L\u00edvia Aguiar Vilasboas e Fab\u00edola Macal\u00f3s Carpes, todos orgulhosos com a realiza\u00e7\u00e3o do [&hellip;]<\/p>\n","protected":false},"author":3,"featured_media":36654,"comment_status":"open","ping_status":"open","sticky":false,"template":"","format":"standard","meta":[],"categories":[7,1],"tags":[],"_links":{"self":[{"href":"https:\/\/www.blogdomassinha.com.br\/v1\/wp-json\/wp\/v2\/posts\/36653"}],"collection":[{"href":"https:\/\/www.blogdomassinha.com.br\/v1\/wp-json\/wp\/v2\/posts"}],"about":[{"href":"https:\/\/www.blogdomassinha.com.br\/v1\/wp-json\/wp\/v2\/types\/post"}],"author":[{"embeddable":true,"href":"https:\/\/www.blogdomassinha.com.br\/v1\/wp-json\/wp\/v2\/users\/3"}],"replies":[{"embeddable":true,"href":"https:\/\/www.blogdomassinha.com.br\/v1\/wp-json\/wp\/v2\/comments?post=36653"}],"version-history":[{"count":2,"href":"https:\/\/www.blogdomassinha.com.br\/v1\/wp-json\/wp\/v2\/posts\/36653\/revisions"}],"predecessor-version":[{"id":36656,"href":"https:\/\/www.blogdomassinha.com.br\/v1\/wp-json\/wp\/v2\/posts\/36653\/revisions\/36656"}],"wp:featuredmedia":[{"embeddable":true,"href":"https:\/\/www.blogdomassinha.com.br\/v1\/wp-json\/wp\/v2\/media\/36654"}],"wp:attachment":[{"href":"https:\/\/www.blogdomassinha.com.br\/v1\/wp-json\/wp\/v2\/media?parent=36653"}],"wp:term":[{"taxonomy":"category","embeddable":true,"href":"https:\/\/www.blogdomassinha.com.br\/v1\/wp-json\/wp\/v2\/categories?post=36653"},{"taxonomy":"post_tag","embeddable":true,"href":"https:\/\/www.blogdomassinha.com.br\/v1\/wp-json\/wp\/v2\/tags?post=36653"}],"curies":[{"name":"wp","href":"https:\/\/api.w.org\/{rel}","templated":true}]}}