{"id":36539,"date":"2022-11-03T19:31:00","date_gmt":"2022-11-03T22:31:00","guid":{"rendered":"https:\/\/www.blogdomassinha.com.br\/v1\/?p=36539"},"modified":"2022-11-03T19:31:00","modified_gmt":"2022-11-03T22:31:00","slug":"com-trenzinho-eletrico-e-chegada-do-papai-noel-boulevard-shopping-inaugura-decoracao-e-atracoes-de-natal-nesta-sexta-feira-04","status":"publish","type":"post","link":"https:\/\/www.blogdomassinha.com.br\/v1\/2022\/11\/03\/com-trenzinho-eletrico-e-chegada-do-papai-noel-boulevard-shopping-inaugura-decoracao-e-atracoes-de-natal-nesta-sexta-feira-04\/","title":{"rendered":"Com trenzinho el\u00e9trico e chegada do Papai Noel, Boulevard Shopping inaugura decora\u00e7\u00e3o e atra\u00e7\u00f5es de Natal nesta sexta-feira (04)"},"content":{"rendered":"<p class=\"s5\"><img loading=\"lazy\" class=\"size-medium wp-image-36540 alignleft\" src=\"https:\/\/www.blogdomassinha.com.br\/v1\/wp-content\/uploads\/2022\/11\/93026C56-00C2-4496-9686-9DE602E9556B-300x300.jpeg\" alt=\"\" width=\"300\" height=\"300\" srcset=\"https:\/\/www.blogdomassinha.com.br\/v1\/wp-content\/uploads\/2022\/11\/93026C56-00C2-4496-9686-9DE602E9556B-300x300.jpeg 300w, https:\/\/www.blogdomassinha.com.br\/v1\/wp-content\/uploads\/2022\/11\/93026C56-00C2-4496-9686-9DE602E9556B-150x150.jpeg 150w, https:\/\/www.blogdomassinha.com.br\/v1\/wp-content\/uploads\/2022\/11\/93026C56-00C2-4496-9686-9DE602E9556B.jpeg 640w\" sizes=\"(max-width: 300px) 100vw, 300px\" \/><\/p>\n<p class=\"s10\"><span class=\"s8\"><span class=\"bumpedFont15\">A \u00e9poca mais m\u00e1gica do ano <\/span><\/span><span class=\"s9\"><span class=\"bumpedFont15\">ir\u00e1 chegar<\/span><\/span> <span class=\"s8\"><span class=\"bumpedFont15\">n<\/span><\/span><span class=\"s8\"><span class=\"bumpedFont15\">o Boulevard Shopping Vit\u00f3ria da Conqu<\/span><\/span><span class=\"s8\"><span class=\"bumpedFont15\">ista<\/span><\/span><span class=\"s8\"><span class=\"bumpedFont15\">, que <\/span><\/span><span class=\"s8\"><span class=\"bumpedFont15\">celebra <\/span><\/span><span class=\"s8\"><span class=\"bumpedFont15\">em grande estilo o<\/span><\/span> <span class=\"s8\"><span class=\"bumpedFont15\">primeiro Natal sem restri\u00e7\u00f5es <\/span><\/span><span class=\"s8\"><span class=\"bumpedFont15\">desde o in\u00edcio da<\/span><\/span><span class=\"s8\"><span class=\"bumpedFont15\">pandemia<\/span><\/span><span class=\"s8\"><span class=\"bumpedFont15\">.<\/span><\/span> <span class=\"s8\"><span class=\"bumpedFont15\">N<\/span><\/span><span class=\"s8\"><span class=\"bumpedFont15\">es<\/span><\/span><span class=\"s8\"><span class=\"bumpedFont15\">ta sexta-feira (04),<\/span><\/span><span class=\"s8\"><span class=\"bumpedFont15\"> a partir das 18h,<\/span><\/span> <span class=\"s8\"><span class=\"bumpedFont15\">o empreendimento <\/span><\/span><span class=\"s8\"><span class=\"bumpedFont15\">recebe o Papai Noel e inaugura <\/span><\/span><span class=\"s8\"><span class=\"bumpedFont15\">a<\/span><\/span><span class=\"s8\"><span class=\"bumpedFont15\">grande novidade e <\/span><\/span><span class=\"s8\"><span class=\"bumpedFont15\">principal atra\u00e7\u00e3o<\/span><\/span><span class=\"s8\"><span class=\"bumpedFont15\"> do Natal Boulevard 2022: o trenzinho el\u00e9trico<\/span><\/span><span class=\"s8\"><span class=\"bumpedFont15\">. <\/span><\/span><\/p>\n<p class=\"s10\"><span class=\"s8\"><span class=\"bumpedFont15\">Na ocasi\u00e3o, <\/span><\/span><span class=\"s8\"><span class=\"bumpedFont15\">o Papai Noel<\/span><\/span> <span class=\"s8\"><span class=\"bumpedFont15\">vai <\/span><\/span><span class=\"s8\"><span class=\"bumpedFont15\">desembarc<\/span><\/span><span class=\"s8\"><span class=\"bumpedFont15\">a<\/span><\/span><span class=\"s8\"><span class=\"bumpedFont15\">r<\/span><\/span> <span class=\"s8\"><span class=\"bumpedFont15\">n<\/span><\/span><span class=\"s8\"><span class=\"bumpedFont15\">a Pra\u00e7a Dona Iai\u00e1<\/span><\/span><span class=\"s8\"><span class=\"bumpedFont15\"> a bordo de <\/span><\/span><span class=\"s8\"><span class=\"bumpedFont15\">u<\/span><\/span><span class=\"s8\"><span class=\"bumpedFont15\">m<\/span><\/span><span class=\"s8\"><span class=\"bumpedFont15\"> Mini Expresso<\/span><\/span><span class=\"s8\"><span class=\"bumpedFont15\">,<\/span><\/span><span class=\"s8\"><span class=\"bumpedFont15\"> que<\/span><\/span> <span class=\"s8\"><span class=\"bumpedFont15\">garanti<\/span><\/span><span class=\"s8\"><span class=\"bumpedFont15\">r\u00e1<\/span><\/span><span class=\"s8\"><span class=\"bumpedFont15\"> a divers\u00e3o d<\/span><\/span><span class=\"s8\"><span class=\"bumpedFont15\">o p\u00fablico <\/span><\/span><span class=\"s8\"><span class=\"bumpedFont15\">durante toda a temporada natalina<\/span><\/span><span class=\"s8\"><span class=\"bumpedFont15\">.<\/span><\/span><span class=\"s8\"><span class=\"bumpedFont15\">O trenzinho<\/span><\/span><span class=\"s8\"><span class=\"bumpedFont15\"> tem capacidade para at\u00e9 15 pessoas e<\/span><\/span><span class=\"s8\"><span class=\"bumpedFont15\">circular\u00e1 pelos corredores<\/span><\/span><span class=\"s8\"><span class=\"bumpedFont15\"> do empreendimento <\/span><\/span><span class=\"s8\"><span class=\"bumpedFont15\">em passeios de 08 a 12 minutos<\/span><\/span><span class=\"s8\"><span class=\"bumpedFont15\">.<\/span><\/span><span class=\"s8\"><span class=\"bumpedFont15\"> O ingresso<\/span><\/span><span class=\"s8\"><span class=\"bumpedFont15\"> do passeio\u00a0<\/span><\/span><span class=\"s8\"><span class=\"bumpedFont15\">custa R$20,00 e v<\/span><\/span><span class=\"s8\"><span class=\"bumpedFont15\">ale ressaltar que<\/span><\/span><span class=\"s8\"><span class=\"bumpedFont15\"> crian\u00e7as menores de tr\u00eas anos s\u00f3 poder\u00e3o embarcar n<\/span><\/span><span class=\"s8\"><span class=\"bumpedFont15\">a atra\u00e7\u00e3o\u00a0<\/span><\/span><span class=\"s8\"><span class=\"bumpedFont15\">acompanhadas dos pais ou respons\u00e1veis maiores de 18 anos<\/span><\/span><span class=\"s8\"><span class=\"bumpedFont15\">.<\/span><\/span><!--more--><\/p>\n<p class=\"s10\"><span class=\"s8\"><span class=\"bumpedFont15\">Al\u00e9m disso, <\/span><\/span><span class=\"s8\"><span class=\"bumpedFont15\">toda a fam\u00edlia <\/span><\/span><span class=\"s8\"><span class=\"bumpedFont15\">vai poder<\/span><\/span> <span class=\"s8\"><span class=\"bumpedFont15\">aproveitar <\/span><\/span><span class=\"s8\"><span class=\"bumpedFont15\">e se encantar com <\/span><\/span><span class=\"s8\"><span class=\"bumpedFont15\">a<\/span><\/span> <span class=\"s8\"><span class=\"bumpedFont15\">grandiosa <\/span><\/span><span class=\"s8\"><span class=\"bumpedFont15\">decora\u00e7\u00e3o<\/span><\/span> <span class=\"s8\"><span class=\"bumpedFont15\">de Natal<\/span><\/span><span class=\"s8\"><span class=\"bumpedFont15\">, <\/span><\/span><span class=\"s8\"><span class=\"bumpedFont15\">que vem <\/span><\/span><span class=\"s8\"><span class=\"bumpedFont15\">repleta de novidades<\/span><\/span><span class=\"s8\"><span class=\"bumpedFont15\"> e <\/span><\/span><span class=\"s8\"><span class=\"bumpedFont15\">toda <\/span><\/span><span class=\"s8\"><span class=\"bumpedFont15\">i<\/span><\/span><span class=\"s8\"><span class=\"bumpedFont15\">nspirada em uma <\/span><\/span><span class=\"s8\"><span class=\"bumpedFont15\">e<\/span><\/span><span class=\"s8\"><span class=\"bumpedFont15\">sta\u00e7\u00e3o de <\/span><\/span><span class=\"s8\"><span class=\"bumpedFont15\">t<\/span><\/span><span class=\"s8\"><span class=\"bumpedFont15\">rem. <\/span><\/span><span class=\"s8\"><span class=\"bumpedFont15\">Elementos em tons de verde, vermelho e dourado transformam a atmosfera do<\/span><\/span><span class=\"s8\"><span class=\"bumpedFont15\"> Shopping<\/span><\/span><span class=\"s8\"><span class=\"bumpedFont15\"> e trazem o tradicional clima festivo<\/span><\/span><span class=\"s8\"><span class=\"bumpedFont15\">, de confraterniza\u00e7\u00e3o, alegria e <\/span><\/span><span class=\"s8\"><span class=\"bumpedFont15\">renova\u00e7\u00e3o da \u00e9poca<\/span><\/span><span class=\"s8\"><span class=\"bumpedFont15\">.<\/span><\/span><\/p>\n<p class=\"s10\"><span class=\"s8\"><span class=\"bumpedFont15\">O Coordenador de Marketing do Boulevard Shopping Vit\u00f3ria da Conquista<\/span><\/span><span class=\"s8\"><span class=\"bumpedFont15\">, Elonaldo J\u00fanior<\/span><\/span> <span class=\"s8\"><span class=\"bumpedFont15\">destaca q<\/span><\/span><span class=\"s8\"><span class=\"bumpedFont15\">ue o Natal <\/span><\/span><span class=\"s8\"><span class=\"bumpedFont15\">Boulevard <\/span><\/span><span class=\"s8\"><span class=\"bumpedFont15\">2022 <\/span><\/span><span class=\"s8\"><span class=\"bumpedFont15\">carrega um significado especial, pois <\/span><\/span><span class=\"s8\"><span class=\"bumpedFont15\">ser\u00e1 o primeiro<\/span><\/span><span class=\"s8\"><span class=\"bumpedFont15\"> ap\u00f3s dois anos de restri\u00e7\u00f5es impostas pela pandemia. \u201cEstamos <\/span><\/span><span class=\"s8\"><span class=\"bumpedFont15\">traz<\/span><\/span><span class=\"s8\"><span class=\"bumpedFont15\">endo<\/span><\/span><span class=\"s8\"><span class=\"bumpedFont15\"> um conceito novo<\/span><\/span><span class=\"s8\"><span class=\"bumpedFont15\"> na decora\u00e7\u00e3o<\/span><\/span><span class=\"s8\"><span class=\"bumpedFont15\">, mas sem deixar de valorizar os elementos tradicionais<\/span><\/span><span class=\"s8\"><span class=\"bumpedFont15\"> natalinos. <\/span><\/span><span class=\"s8\"><span class=\"bumpedFont15\">O Mini Expresso \u00e9 <\/span><\/span><span class=\"s8\"><span class=\"bumpedFont15\">uma atra\u00e7\u00e3o in\u00e9dita em nosso Shopping e<\/span><\/span><span class=\"s8\"><span class=\"bumpedFont15\">costuma fazer muito sucesso por onde passa, encantando <\/span><\/span><span class=\"s8\"><span class=\"bumpedFont15\">de <\/span><\/span><span class=\"s8\"><span class=\"bumpedFont15\">crian\u00e7as<\/span><\/span><span class=\"s8\"><span class=\"bumpedFont15\"> a adultos<\/span><\/span><span class=\"s8\"><span class=\"bumpedFont15\">.<\/span><\/span> <span class=\"s8\"><span class=\"bumpedFont15\">Tudo foi pensado para que o nosso p\u00fablico <\/span><\/span><span class=\"s8\"><span class=\"bumpedFont15\">possa aproveitar a melhor experi\u00eancia ap\u00f3s dois anos de restri\u00e7\u00f5es<\/span><\/span><span class=\"s8\"><span class=\"bumpedFont15\">\u201d<\/span><\/span><span class=\"s8\"><span class=\"bumpedFont15\">, complet<\/span><\/span><span class=\"s8\"><span class=\"bumpedFont15\">a<\/span><\/span><span class=\"s8\"><span class=\"bumpedFont15\">.<\/span><\/span><\/p>\n","protected":false},"excerpt":{"rendered":"<p>A \u00e9poca mais m\u00e1gica do ano ir\u00e1 chegar no Boulevard Shopping Vit\u00f3ria da Conquista, que celebra em grande estilo o primeiro Natal sem restri\u00e7\u00f5es desde o in\u00edcio dapandemia. Nesta sexta-feira (04), a partir das 18h, o empreendimento recebe o Papai Noel e inaugura agrande novidade e principal atra\u00e7\u00e3o do Natal Boulevard 2022: o trenzinho el\u00e9trico. [&hellip;]<\/p>\n","protected":false},"author":3,"featured_media":36540,"comment_status":"open","ping_status":"open","sticky":false,"template":"","format":"standard","meta":[],"categories":[7,1],"tags":[],"_links":{"self":[{"href":"https:\/\/www.blogdomassinha.com.br\/v1\/wp-json\/wp\/v2\/posts\/36539"}],"collection":[{"href":"https:\/\/www.blogdomassinha.com.br\/v1\/wp-json\/wp\/v2\/posts"}],"about":[{"href":"https:\/\/www.blogdomassinha.com.br\/v1\/wp-json\/wp\/v2\/types\/post"}],"author":[{"embeddable":true,"href":"https:\/\/www.blogdomassinha.com.br\/v1\/wp-json\/wp\/v2\/users\/3"}],"replies":[{"embeddable":true,"href":"https:\/\/www.blogdomassinha.com.br\/v1\/wp-json\/wp\/v2\/comments?post=36539"}],"version-history":[{"count":1,"href":"https:\/\/www.blogdomassinha.com.br\/v1\/wp-json\/wp\/v2\/posts\/36539\/revisions"}],"predecessor-version":[{"id":36541,"href":"https:\/\/www.blogdomassinha.com.br\/v1\/wp-json\/wp\/v2\/posts\/36539\/revisions\/36541"}],"wp:featuredmedia":[{"embeddable":true,"href":"https:\/\/www.blogdomassinha.com.br\/v1\/wp-json\/wp\/v2\/media\/36540"}],"wp:attachment":[{"href":"https:\/\/www.blogdomassinha.com.br\/v1\/wp-json\/wp\/v2\/media?parent=36539"}],"wp:term":[{"taxonomy":"category","embeddable":true,"href":"https:\/\/www.blogdomassinha.com.br\/v1\/wp-json\/wp\/v2\/categories?post=36539"},{"taxonomy":"post_tag","embeddable":true,"href":"https:\/\/www.blogdomassinha.com.br\/v1\/wp-json\/wp\/v2\/tags?post=36539"}],"curies":[{"name":"wp","href":"https:\/\/api.w.org\/{rel}","templated":true}]}}