{"id":36536,"date":"2022-11-03T18:04:35","date_gmt":"2022-11-03T21:04:35","guid":{"rendered":"https:\/\/www.blogdomassinha.com.br\/v1\/?p=36536"},"modified":"2022-11-03T18:04:35","modified_gmt":"2022-11-03T21:04:35","slug":"semana-de-aniversario-da-cidade-tera-festival-suica-bahiana-e-festeccon-com-elomar-guilherme-arantes-e-ate-um-robo","status":"publish","type":"post","link":"https:\/\/www.blogdomassinha.com.br\/v1\/2022\/11\/03\/semana-de-aniversario-da-cidade-tera-festival-suica-bahiana-e-festeccon-com-elomar-guilherme-arantes-e-ate-um-robo\/","title":{"rendered":"Semana de anivers\u00e1rio da cidade ter\u00e1 Festival Sui\u00e7a Bahiana e Festeccon, com Elomar, Guilherme Arantes e at\u00e9 um rob\u00f4"},"content":{"rendered":"<p class=\"p1\"><img loading=\"lazy\" class=\"alignright size-medium wp-image-36537\" src=\"https:\/\/www.blogdomassinha.com.br\/v1\/wp-content\/uploads\/2022\/11\/3E88E69C-6D49-4C0E-B086-19C7A16C611F-241x300.jpeg\" alt=\"\" width=\"241\" height=\"300\" srcset=\"https:\/\/www.blogdomassinha.com.br\/v1\/wp-content\/uploads\/2022\/11\/3E88E69C-6D49-4C0E-B086-19C7A16C611F-241x300.jpeg 241w, https:\/\/www.blogdomassinha.com.br\/v1\/wp-content\/uploads\/2022\/11\/3E88E69C-6D49-4C0E-B086-19C7A16C611F.jpeg 515w\" sizes=\"(max-width: 241px) 100vw, 241px\" \/><\/p>\n<p class=\"p1\"><span class=\"s1\">No<span class=\"Apple-converted-space\">\u00a0 <\/span>dia 9 de novembro, Vit\u00f3ria da Conquista completar\u00e1 182 anos de emancipa\u00e7\u00e3o. Para marcar a data, a Prefeitura programou v\u00e1rios eventos, garantindo gratuitamente aos conquistenses e turistas de todas as idades, m\u00fasica de qualidade, atletismo, palestras, exposi\u00e7\u00f5es teatrais, entre outras atividades.<\/span><\/p>\n<p class=\"p1\"><span class=\"s1\">A programa\u00e7\u00e3o inclui desde a tradicional Corrida da Cidade, no dia 9 pela manh\u00e3, at\u00e9 a primeira edi\u00e7\u00e3o do in\u00e9dito Festival de Educa\u00e7\u00e3o e Cultura de Vit\u00f3ria da Conquista, o Festeccon, com as participa\u00e7\u00f5es especiais de Elomar e de Guilherme Arantes e novidades como a presen\u00e7a de um rob\u00f4 de 2,80m, que canta e dan\u00e7as, oferecendo uma alegre experi\u00eancia de tecnologia e entretenimento.<\/span><\/p>\n<p class=\"p1\"><span class=\"s1\">Antes, conquistenses e visitantes poder\u00e3o curtir o Festival Su\u00ed\u00e7a Bahiana (FSB), que acontece nos dias 5 e 6, no Centro Cultural Glauber Rocha. Realizado pelo Coletivo Su\u00ed\u00e7a Bahiana, com o apoio financeiro da Prefeitura, o evento \u00e9 um dos principais festivais de m\u00fasica independente do interior da Bahia e levar\u00e1 20 atra\u00e7\u00f5es aos dois palcos montados no espa\u00e7o.<\/span><\/p>\n<p class=\"p1\"><span class=\"s1\">Com o tema \u201cNada ser\u00e1 como antes\u201d, a edi\u00e7\u00e3o deste ano retoma o formato presencial do festival e ser\u00e1 totalmente gr\u00e1tis para o p\u00fablico. Na grade, h\u00e1 estilos musicais para todos os gostos, desde um dos principais nomes do metal brasileiro da atualidade, a banda Nervosa, at\u00e9 a banda P\u00e9 d\u2019Strada, que valoriza a cultura regional, passando pela roda de samba do grupo Samba do Al\u00ea.<\/span><!--more--><\/p>\n<p class=\"p1\"><span class=\"s1\">Mas, engana-se quem acha que a programa\u00e7\u00e3o se restringe apenas aos shows. Quem for prestigiar o Su\u00ed\u00e7a Bahiana nestes dois dias ter\u00e1 acesso ainda a espa\u00e7os de conviv\u00eancia, como a vila gastron\u00f4mica, feira de artesanato e flash tattoo. As crian\u00e7as tamb\u00e9m ser\u00e3o contempladas com o espa\u00e7o kids. Cerca de dez mil pessoas devem visitar diariamente o evento.<\/span><\/p>\n<p class=\"p1\"><span class=\"s1\">Festeccon<\/span><\/p>\n<p class=\"p1\"><span class=\"s1\">J\u00e1 no dia do anivers\u00e1rio da cidade come\u00e7a, tamb\u00e9m no Centro Cultural Glauber Rocha, o 1\u00ba Festival de Educa\u00e7\u00e3o e Cultura da cidade, o Festeccon, que vai do dia 9 at\u00e9<span class=\"Apple-converted-space\">\u00a0 <\/span>dia 12, com apresenta\u00e7\u00f5es e exposi\u00e7\u00f5es art\u00edsticas, filmes, gastronomia, tecnologia, esporte, artes marciais dos Irm\u00e3os Nogueira (Minotauro e Minotouro) e divers\u00e3o, al\u00e9m de Elomar, Guilherme Arantes.<\/span><\/p>\n<p class=\"p1\"><span class=\"s1\">Na programa\u00e7\u00e3o, sess\u00f5es no Planet\u00e1rio Everardo P\u00fablio de Castro; pe\u00e7as de teatro; exibi\u00e7\u00e3o de v\u00eddeos do Curta 5; mostra dos trabalhos do projeto \u201cL\u00e1pis na M\u00e3o\u201d e de adere\u00e7os do desfile do 7 de Setembro. A tecnologia tamb\u00e9m marcar\u00e1 presen\u00e7a, por meio da foto 360\u00ba, de um espa\u00e7o sensorial aberto \u00e0 visita\u00e7\u00e3o e a participa\u00e7\u00e3o do Roboz\u00e3o.<\/span><\/p>\n<p class=\"p1\"><span class=\"s1\">E no dia 12, como parte do festival, a Secretaria Municipal de Educa\u00e7\u00e3o (Smed) promove o Congresso Municipal de Educa\u00e7\u00e3o, com o tema Aprender a Ser: Educador em sua Plenitude. O congresso trar\u00e1 a Vit\u00f3ria da Conquista palestrantes nacionais e ter\u00e1 lan\u00e7amentos de livros. apresenta\u00e7\u00f5es art\u00edsticas produzidas por alunos da rede e uma rica programa\u00e7\u00e3o musical.<\/span><\/p>\n","protected":false},"excerpt":{"rendered":"<p>No\u00a0 dia 9 de novembro, Vit\u00f3ria da Conquista completar\u00e1 182 anos de emancipa\u00e7\u00e3o. Para marcar a data, a Prefeitura programou v\u00e1rios eventos, garantindo gratuitamente aos conquistenses e turistas de todas as idades, m\u00fasica de qualidade, atletismo, palestras, exposi\u00e7\u00f5es teatrais, entre outras atividades. A programa\u00e7\u00e3o inclui desde a tradicional Corrida da Cidade, no dia 9 pela [&hellip;]<\/p>\n","protected":false},"author":3,"featured_media":36537,"comment_status":"open","ping_status":"open","sticky":false,"template":"","format":"standard","meta":[],"categories":[7,3],"tags":[],"_links":{"self":[{"href":"https:\/\/www.blogdomassinha.com.br\/v1\/wp-json\/wp\/v2\/posts\/36536"}],"collection":[{"href":"https:\/\/www.blogdomassinha.com.br\/v1\/wp-json\/wp\/v2\/posts"}],"about":[{"href":"https:\/\/www.blogdomassinha.com.br\/v1\/wp-json\/wp\/v2\/types\/post"}],"author":[{"embeddable":true,"href":"https:\/\/www.blogdomassinha.com.br\/v1\/wp-json\/wp\/v2\/users\/3"}],"replies":[{"embeddable":true,"href":"https:\/\/www.blogdomassinha.com.br\/v1\/wp-json\/wp\/v2\/comments?post=36536"}],"version-history":[{"count":1,"href":"https:\/\/www.blogdomassinha.com.br\/v1\/wp-json\/wp\/v2\/posts\/36536\/revisions"}],"predecessor-version":[{"id":36538,"href":"https:\/\/www.blogdomassinha.com.br\/v1\/wp-json\/wp\/v2\/posts\/36536\/revisions\/36538"}],"wp:featuredmedia":[{"embeddable":true,"href":"https:\/\/www.blogdomassinha.com.br\/v1\/wp-json\/wp\/v2\/media\/36537"}],"wp:attachment":[{"href":"https:\/\/www.blogdomassinha.com.br\/v1\/wp-json\/wp\/v2\/media?parent=36536"}],"wp:term":[{"taxonomy":"category","embeddable":true,"href":"https:\/\/www.blogdomassinha.com.br\/v1\/wp-json\/wp\/v2\/categories?post=36536"},{"taxonomy":"post_tag","embeddable":true,"href":"https:\/\/www.blogdomassinha.com.br\/v1\/wp-json\/wp\/v2\/tags?post=36536"}],"curies":[{"name":"wp","href":"https:\/\/api.w.org\/{rel}","templated":true}]}}