{"id":36533,"date":"2022-11-03T16:23:21","date_gmt":"2022-11-03T19:23:21","guid":{"rendered":"https:\/\/www.blogdomassinha.com.br\/v1\/?p=36533"},"modified":"2022-11-03T16:23:21","modified_gmt":"2022-11-03T19:23:21","slug":"prefeitura-testa-iluminacao-e-implanta-paisagismo-para-entrega-da-revitalizacao-da-olivia-na-semana-de-aniversario-da-cidade","status":"publish","type":"post","link":"https:\/\/www.blogdomassinha.com.br\/v1\/2022\/11\/03\/prefeitura-testa-iluminacao-e-implanta-paisagismo-para-entrega-da-revitalizacao-da-olivia-na-semana-de-aniversario-da-cidade\/","title":{"rendered":"Prefeitura testa ilumina\u00e7\u00e3o e implanta paisagismo para entrega da revitaliza\u00e7\u00e3o da Ol\u00edvia na semana de anivers\u00e1rio da cidade"},"content":{"rendered":"<p class=\"p1\"><img loading=\"lazy\" class=\"size-medium wp-image-36534 alignleft\" src=\"https:\/\/www.blogdomassinha.com.br\/v1\/wp-content\/uploads\/2022\/11\/649F4368-6929-41A1-82E7-C7CA863344ED-300x199.jpeg\" alt=\"\" width=\"300\" height=\"199\" srcset=\"https:\/\/www.blogdomassinha.com.br\/v1\/wp-content\/uploads\/2022\/11\/649F4368-6929-41A1-82E7-C7CA863344ED-300x199.jpeg 300w, https:\/\/www.blogdomassinha.com.br\/v1\/wp-content\/uploads\/2022\/11\/649F4368-6929-41A1-82E7-C7CA863344ED.jpeg 680w\" sizes=\"(max-width: 300px) 100vw, 300px\" \/><\/p>\n<p class=\"p1\"><span class=\"s1\">A terceira e \u00faltima etapa da revitaliza\u00e7\u00e3o da Avenida Ol\u00edvia Flores est\u00e1 sendo finalizada e o novo trecho, que vai da altura da esquina com a Avenida Brasil at\u00e9 o encontro com a Lu\u00eds Eduardo Magalh\u00e3es, ser\u00e1 entregue \u00e0 popula\u00e7\u00e3o na semana de anivers\u00e1rio da cidade.<\/span><\/p>\n<p class=\"p1\"><span class=\"s1\">Para isso, a Secretaria Municipal do Meio Ambiente (Semma) est\u00e1 realizando o paisagismo no local e a Secretaria de Servi\u00e7os P\u00fablicos (Sesep) j\u00e1 fez o teste das mais de 40 l\u00e2mpadas de led que v\u00e3o iluminar o canteiro central e passar\u00e3o a funcionar ap\u00f3s a conclus\u00e3o do paisagismo.<\/span><\/p>\n<p class=\"p1\"><span class=\"s1\">No dia 8 de novembro a Semma concluir\u00e1 a parte dela, que inclui plantio de grama, \u00e1rvores nativas e arbustos diversos. \u201cA ideia \u00e9 deixar o ambiente mais harm\u00f4nico e agrad\u00e1vel para que a popula\u00e7\u00e3o possa usufruir\u201d, afirmou a secret\u00e1ria municipal de Meio Ambiente, Ana Cl\u00e1udia Oliveira.<\/span><!--more--><\/p>\n<p class=\"p1\"><span class=\"s1\">O secret\u00e1rio-chefe do Gabinete Civil, Lucas Dias, destacou a import\u00e2ncia da requalifica\u00e7\u00e3o da Avenida Ol\u00edvia Flores para todo o munic\u00edpio. \u201cEla n\u00e3o \u00e9 uma avenida que serve apenas \u00e0quela regi\u00e3o onde est\u00e1 situada, apenas ao bairro Candeias, ela \u00e9 o principal acesso tanto para a universidade federal, a universidade estadual, como para os servi\u00e7os do poder judici\u00e1rio \u2013 justi\u00e7a c\u00edvel, justi\u00e7a federal, justi\u00e7a eleitoral -, servi\u00e7os de sa\u00fade e de energia. E \u00e9 um cart\u00e3o postal. N\u00f3s estamos muito felizes porque \u00e9 mais um compromisso da prefeita Sheila Lemos conclu\u00eddo\u201d, disse.<\/span><\/p>\n<p class=\"p1\"><span class=\"s1\">Secret\u00e1ria Ana Cl\u00e1udia vistoria coloca\u00e7\u00e3o do gramado<\/span><\/p>\n<p class=\"p1\"><span class=\"s1\">No decorrer da semana a ciclovia e a cal\u00e7ada para pedestres devem receber pintura e sinaliza\u00e7\u00e3o.<\/span><\/p>\n","protected":false},"excerpt":{"rendered":"<p>A terceira e \u00faltima etapa da revitaliza\u00e7\u00e3o da Avenida Ol\u00edvia Flores est\u00e1 sendo finalizada e o novo trecho, que vai da altura da esquina com a Avenida Brasil at\u00e9 o encontro com a Lu\u00eds Eduardo Magalh\u00e3es, ser\u00e1 entregue \u00e0 popula\u00e7\u00e3o na semana de anivers\u00e1rio da cidade. Para isso, a Secretaria Municipal do Meio Ambiente (Semma) [&hellip;]<\/p>\n","protected":false},"author":3,"featured_media":36534,"comment_status":"open","ping_status":"open","sticky":false,"template":"","format":"standard","meta":[],"categories":[7,1],"tags":[],"_links":{"self":[{"href":"https:\/\/www.blogdomassinha.com.br\/v1\/wp-json\/wp\/v2\/posts\/36533"}],"collection":[{"href":"https:\/\/www.blogdomassinha.com.br\/v1\/wp-json\/wp\/v2\/posts"}],"about":[{"href":"https:\/\/www.blogdomassinha.com.br\/v1\/wp-json\/wp\/v2\/types\/post"}],"author":[{"embeddable":true,"href":"https:\/\/www.blogdomassinha.com.br\/v1\/wp-json\/wp\/v2\/users\/3"}],"replies":[{"embeddable":true,"href":"https:\/\/www.blogdomassinha.com.br\/v1\/wp-json\/wp\/v2\/comments?post=36533"}],"version-history":[{"count":1,"href":"https:\/\/www.blogdomassinha.com.br\/v1\/wp-json\/wp\/v2\/posts\/36533\/revisions"}],"predecessor-version":[{"id":36535,"href":"https:\/\/www.blogdomassinha.com.br\/v1\/wp-json\/wp\/v2\/posts\/36533\/revisions\/36535"}],"wp:featuredmedia":[{"embeddable":true,"href":"https:\/\/www.blogdomassinha.com.br\/v1\/wp-json\/wp\/v2\/media\/36534"}],"wp:attachment":[{"href":"https:\/\/www.blogdomassinha.com.br\/v1\/wp-json\/wp\/v2\/media?parent=36533"}],"wp:term":[{"taxonomy":"category","embeddable":true,"href":"https:\/\/www.blogdomassinha.com.br\/v1\/wp-json\/wp\/v2\/categories?post=36533"},{"taxonomy":"post_tag","embeddable":true,"href":"https:\/\/www.blogdomassinha.com.br\/v1\/wp-json\/wp\/v2\/tags?post=36533"}],"curies":[{"name":"wp","href":"https:\/\/api.w.org\/{rel}","templated":true}]}}