{"id":36513,"date":"2022-11-02T14:59:12","date_gmt":"2022-11-02T17:59:12","guid":{"rendered":"https:\/\/www.blogdomassinha.com.br\/v1\/?p=36513"},"modified":"2022-11-02T14:59:12","modified_gmt":"2022-11-02T17:59:12","slug":"curtinhas-do-massa-dia-02-11-2022","status":"publish","type":"post","link":"https:\/\/www.blogdomassinha.com.br\/v1\/2022\/11\/02\/curtinhas-do-massa-dia-02-11-2022\/","title":{"rendered":"Curtinhas do Massa &#8211; Dia 02\/11\/2022"},"content":{"rendered":"<p class=\"p1\"><img loading=\"lazy\" class=\"size-medium wp-image-6679 alignleft\" src=\"https:\/\/www.blogdomassinha.com.br\/v1\/wp-content\/uploads\/2017\/01\/curtinhas2-300x113.jpg\" alt=\"\" width=\"300\" height=\"113\" srcset=\"https:\/\/www.blogdomassinha.com.br\/v1\/wp-content\/uploads\/2017\/01\/curtinhas2-300x113.jpg 300w, https:\/\/www.blogdomassinha.com.br\/v1\/wp-content\/uploads\/2017\/01\/curtinhas2.jpg 640w\" sizes=\"(max-width: 300px) 100vw, 300px\" \/><\/p>\n<p class=\"p1\"><span class=\"s1\">A prefeita Sheila Lemos est\u00e1 com a caneta na m\u00e3o. Sabe aquela bic azul? \u00c9 uma daquelas. Muito usada, por sinal, pelos gestores.<\/span><\/p>\n<p class=\"p1\"><span class=\"s1\">xxxxxxxxxxxx<\/span><\/p>\n<p class=\"p1\"><span class=\"s1\">Sheila est\u00e1 de olho em 2024. 2022 j\u00e1 foi, j\u00e1 era, \u00e9 coisa do passado. O futuro \u00e9 logo ali.<\/span><\/p>\n<p class=\"p1\"><span class=\"s1\">xxxxxxxxxxxx<\/span><\/p>\n<p class=\"p1\"><span class=\"s1\">Ela sabe que o cen\u00e1rio ser\u00e1 outro, mudou a cor, est\u00e1 meio cinza, a cor que ela imaginava seria verde? Talvez\u2026<\/span><\/p>\n<p class=\"p1\"><span class=\"s1\">xxxxxxxxxxxx<\/span><\/p>\n<p class=\"p1\"><span class=\"s1\">Sheila de Andrade Lemos tinha muita esperan\u00e7a que Neto viraria o jogo. Imagina, ACM Neto virar o jogo? Mas como? O que aconteceu pra Neto perder a dianteira da disputa pelo governo da Bahia?<\/span><\/p>\n<p class=\"p1\"><span class=\"s1\">xxxxxxxxxxxx<\/span><\/p>\n<p class=\"p1\"><span class=\"s1\">Ningu\u00e9m punha f\u00e9 em Jer\u00f4nimo, o t\u00edmido ex-secret\u00e1rio de Educa\u00e7\u00e3o do Estado, inspirado em Rui Correria, correu atr\u00e1s do resultado.<\/span><\/p>\n<p class=\"p1\"><span class=\"s1\">xxxxxxxxxxxx<\/span><\/p>\n<p class=\"p1\"><span class=\"s1\">Foi avan\u00e7ando, como cavalo de corrida foi aumentando a velocidade, se mandou pro interior, ele e Geraldinho, seu vice, foram buscar votos.<\/span><!--more--><\/p>\n<p class=\"p1\"><span class=\"s1\">xxxxxxxxxxxx<\/span><\/p>\n<p class=\"p1\"><span class=\"s1\">O crescimento da candidatura de Jer\u00f4nimo crescia assustadoramente, j\u00e1 n\u00e3o se via mais tanta confian\u00e7a na vit\u00f3ria de Neto, inclusive, aqui em Conquista.<\/span><\/p>\n<p class=\"p1\"><span class=\"s1\">xxxxxxxxxxxx<\/span><\/p>\n<p class=\"p1\"><span class=\"s1\">Roma tamb\u00e9m aumentava o n\u00famero de seguidores, a sua presen\u00e7a junto ao presidente Bolsonaro dava-lhe credibilidade.<\/span><\/p>\n<p class=\"p1\"><span class=\"s1\">xxxxxxxxxxxx<\/span><\/p>\n<p class=\"p1\"><span class=\"s1\">N\u00e3o foram poucas as pessoas que me disseram: \u201cvotarei em Bolsonaro, mas em Neto n\u00e3o\u201d, diziam e acrescentavam:<\/span><\/p>\n<p class=\"p1\"><span class=\"s1\">xxxxxxxxxxxx<\/span><\/p>\n<p class=\"p1\"><span class=\"s1\">\u201cE Jo\u00e3o Roma est\u00e1 crescendo, \u00e9 poss\u00edvel que passe Neto, e \u00e9 o que ele merece\u201d. Claro que era um devaneio.<\/span><\/p>\n<p class=\"p1\"><span class=\"s1\">xxxxxxxxxxxx<\/span><\/p>\n<p class=\"p1\"><span class=\"s1\">Devaneio porque o nome de Neto j\u00e1 \u00e9 uma marca consolidada, tem patente, dele pr\u00f3prio, por ter sido prefeito de Salvador por duas vezes consecutivas e\u2026.<\/span><\/p>\n<p class=\"p1\"><span class=\"s1\">xxxxxxxxxxxx<\/span><\/p>\n<p class=\"p1\"><span class=\"s1\">\u2026 por ser hoje, talvez, a \u00fanica figura viva que pode trazer de volta o s\u00edmbolo do carlismo. Com essa derrota fica mais dif\u00edcil.<\/span><\/p>\n<p class=\"p1\"><span class=\"s1\">xxxxxxxxxxxx<\/span><\/p>\n<p class=\"p1\"><span class=\"s1\">ACM Neto ficar\u00e1 sem mandato por mais quatro anos, ok? Mas, por que quatro? N\u00e3o seriam dois? <\/span><\/p>\n<p class=\"p1\"><span class=\"s1\">xxxxxxxxxxxx<\/span><\/p>\n<p class=\"p1\"><span class=\"s1\">Dois? Talvez\u2026 quem convencer\u00e1 Bruno Reis a n\u00e3o ser candidato \u00e0 reelei\u00e7\u00e3o, n\u00e3o buscar o segundo mandato junto \u00e0 prefeitura de Salvador?<\/span><\/p>\n<p class=\"p1\"><span class=\"s1\">xxxxxxxxxxxx<\/span><\/p>\n<p class=\"p1\"><span class=\"s1\">Talvez as pesquisas, somente elas, creio. Depender\u00e1 muito de como estar\u00e1 a administra\u00e7\u00e3o de Bruno Reis.<\/span><\/p>\n<p class=\"p1\"><span class=\"s1\">Vixe!!! Com o PT, PCdoB, PSOL, PSB, etc\u2026 \u201catazanando\u201d a vida do prefeito, com Lula e Jer\u00f4nimo no poder, cheios de g\u00e1s. Sei n\u00e3o\u2026<\/span><\/p>\n<p class=\"p1\"><span class=\"s1\">xxxxxxxxxxxx<\/span><\/p>\n<p class=\"p1\"><span class=\"s1\">Neto aparecer\u00e1 como o \u00fanico nome capaz de \u201csalvar a p\u00e1tria\u201d. E Neto topar\u00e1? Hum\u2026 ele ter\u00e1 que enfrentar alguns nomes fort\u00edssimos: Rui, Wagner, Otto, um desses poder\u00e1 ser o candidato \u00e0 prefeitura de Salvador.<\/span><\/p>\n<p class=\"p1\"><span class=\"s1\">xxxxxxxxxxxx<\/span><\/p>\n<p class=\"p1\"><span class=\"s1\">Geraldinho, talvez, o vice de Jer\u00f4nimo. Pode ser. Rui e Wagner poder\u00e3o fazer parte do minist\u00e9rio de Lula. A Bahia tem for\u00e7a para isso, ou melhor, o PT baiano tem essa for\u00e7a.<\/span><\/p>\n<p class=\"p1\"><span class=\"s1\">xxxxxxxxxxxx<\/span><\/p>\n<p class=\"p1\"><span class=\"s1\">Neto j\u00e1 provou, n\u00e3o entra em bola dividida, \u00e9 s\u00f3 lembrarmos da elei\u00e7\u00e3o anterior. Ele \u201ccozinhou o galo\u201d at\u00e9 o \u00faltimo instante, encheu o grupo de expectativas e depois entregou o \u201clegume\u201d pra Jos\u00e9 Ronaldo, ex-prefeito de Feira.<\/span><\/p>\n<p class=\"p1\"><span class=\"s1\">xxxxxxxxxxxx<\/span><\/p>\n<p class=\"p1\"><span class=\"s1\">Voltando \u00e0 prefeita Sheila, ela hoje vive um drama: quem ser\u00e1 o seu vice em 2024? Tem um \u201ccaminh\u00e3o de Ant\u00f4nio Ter\u00eancio\u201d- ex-prefeito de Conde\u00faba &#8211; querendo (um caminh\u00e3o cheio de gente), com essa expectativa. Quem n\u00e3o quer?<\/span><\/p>\n<p class=\"p1\"><span class=\"s1\">xxxxxxxxxxxx<\/span><\/p>\n<p class=\"p1\"><span class=\"s1\">Claro que o cen\u00e1rio \u00e9 outro, Sheila n\u00e3o contar\u00e1 com o governador do estado, nem com o presidente da Rep\u00fablica, Neto e Bolsonaro perderam.<\/span><\/p>\n<p class=\"p1\"><span class=\"s1\">xxxxxxxxxxxx<\/span><\/p>\n<p class=\"p1\"><span class=\"s1\">E com outro detalhe: a prefeita foi corajosa ao assumir a candidatura de Bolsonaro quando o seu l\u00edder n\u00e3o fizera:<\/span><\/p>\n<p class=\"p1\"><span class=\"s1\">xxxxxxxxxxxx<\/span><\/p>\n<p class=\"p1\"><span class=\"s1\">\u201cO seu voto \u00e9 livre, vote no presidente que voc\u00ea quiser. Eu governarei a Bahia com Lula ou Bolsonaro\u201d, dizia Neto, com uma estrat\u00e9gia, para muitos, perigos\u00edssima.<\/span><\/p>\n<p class=\"p1\"><span class=\"s1\">xxxxxxxxxxxx<\/span><\/p>\n<p class=\"p1\"><span class=\"s1\">E Sheila esteve pressionada, claro, pela sua base, para que se pronunciasse e assim o fez:<\/span><\/p>\n<p class=\"p1\"><span class=\"s1\">xxxxxxxxxxxx<\/span><\/p>\n<p class=\"p1\"><span class=\"s1\">\u201cO governador virou as costas pra Conquista\u201d, com essas palavras ela declarou o seu apoio a Bolsonaro e come\u00e7ou um trabalho incans\u00e1vel para dar votos aos dois, Bolsonaro e Neto.<\/span><\/p>\n<p class=\"p1\"><span class=\"s1\">xxxxxxxxxxxx<\/span><\/p>\n<p class=\"p1\"><span class=\"s1\">A leitura que a cidade faz \u00e9 que a prefeita se houve bem, conseguiu uma expressiva vota\u00e7\u00e3o para Neto, no primeiro turno e confirmou o desempenho no segundo.<\/span><\/p>\n<p class=\"p1\"><span class=\"s1\">xxxxxxxxxxxx<\/span><\/p>\n<p class=\"p1\"><span class=\"s1\">Como dissemos acima, tem muita gente querendo ser o vice de Sheila na disputa pela prefeitura em 2024.<\/span><\/p>\n<p class=\"p1\"><span class=\"s1\">A briga ser\u00e1 boa e j\u00e1 come\u00e7ou, silenciosa, alguns nomes voc\u00ea nem percebe, mas vislumbram essa possibilidade e eu sei quem s\u00e3o.<\/span><\/p>\n<p class=\"p1\"><span class=\"s1\">xxxxxxxxxxxx<\/span><\/p>\n<p class=\"p1\"><span class=\"s1\">E tem outros que nem imaginam, nem sonham, mas poder\u00e3o ser ungidos, convidados, depender\u00e1 muito do que ocorrer com os pretendentes declarados.<\/span><\/p>\n<p class=\"p1\"><span class=\"s1\">xxxxxxxxxxxx<\/span><\/p>\n<p class=\"p1\"><span class=\"s1\">Citarei dois aqui que querem, gostam e possuem bagagem, al\u00e9m disso t\u00eam livre tr\u00e2nsito junto \u00e0 prefeita.<\/span><\/p>\n<p class=\"p1\"><span class=\"s1\">xxxxxxxxxxxx<\/span><\/p>\n<p class=\"p1\"><span class=\"s1\">N\u00e3o, n\u00e3o direi os nomes ainda, \u00e9 uma quest\u00e3o de estrat\u00e9gia, at\u00e9 porque os dois pretendentes s\u00e3o amigos comuns, se gostam, s\u00e3o torcedores do mesmo time e frequentam muito os campos de futebol nos finais de semana.<\/span><\/p>\n<p class=\"p1\"><span class=\"s1\">xxxxxxxxxxxx<\/span><\/p>\n<p class=\"p1\"><span class=\"s1\">E os outros? Tamb\u00e9m n\u00e3o direi agora e n\u00e3o se trata de mist\u00e9rio, \u00e9 discri\u00e7\u00e3o mesmo, \u00e9 cuidado para n\u00e3o brigar com as esposas, pois s\u00e3o todas iguais:<\/span><\/p>\n<p class=\"p1\"><span class=\"s1\">xxxxxxxxxxxx<\/span><\/p>\n<p class=\"p1\"><span class=\"s1\">\u201cDeus me livre, n\u00e3o quero meu marido nisso n\u00e3o\u201d. S\u00f3 que depois, sem nenhuma exce\u00e7\u00e3o, quando o amado entra na disputa, todos v\u00e3o para os bairros pedir voto.<\/span><\/p>\n<p class=\"p1\"><span class=\"s1\">xxxxxxxxxxxx<\/span><\/p>\n<p class=\"p1\"><span class=\"s1\">E a prefeita nem sonha quem s\u00e3o esses nomes. \u00c9 que um deles poder\u00e1 estar ao seu lado na disputa pela sua reelei\u00e7\u00e3o. E com um detalhe:<\/span><\/p>\n<p class=\"p1\"><span class=\"s1\">xxxxxxxxxxxx<\/span><\/p>\n<p class=\"p1\"><span class=\"s1\">O vice da prefeita Sheila Lemos poder\u00e1 ser o pr\u00f3ximo prefeito de Conquista, caso ela ven\u00e7a a elei\u00e7\u00e3o em 2024. Explico:<\/span><\/p>\n<p class=\"p1\"><span class=\"s1\">xxxxxxxxxxxx<\/span><\/p>\n<p class=\"p1\"><span class=\"s1\">Enfrentar Waldenor Pereira, reeleito deputado federal, tendo como principal padrinho, o insepar\u00e1vel amigo Z\u00e9 Raimundo e, quem sabe, com as ben\u00e7\u00e3os de Guilherme, com o PT pacificado, n\u00e3o ser\u00e1 tarefa f\u00e1cil, mas imaginemos que o meio bilh\u00e3o de reais\u2026<\/span><\/p>\n<p class=\"p1\"><span class=\"s1\">xxxxxxxxxxxx<\/span><\/p>\n<p class=\"p1\"><span class=\"s1\">\u2026. tramitados e aprovados na C\u00e2mara fiquem dispon\u00edveis para a prefeita aplicar em obras estruturantes na cidade. A sua reelei\u00e7\u00e3o n\u00e3o ser\u00e1 t\u00e3o dif\u00edcil, mesmo que Non\u00f4 tenha ao seu lado L\u00facia Rocha como vice e contando com todo o apoio de Jer\u00f4nimo e Lula.<\/span><\/p>\n<p class=\"p1\"><span class=\"s1\">xxxxxxxxxxxx<\/span><\/p>\n<p class=\"p1\"><span class=\"s1\">Sheila venceu? Ent\u00e3o vamos l\u00e1: a prefeita \u00e9 uma empres\u00e1ria, tem o que fazer se deixar a vida p\u00fablica. S\u00f3 que a pol\u00edtica est\u00e1 na sua veia, \u00e9 o DNA da m\u00e3e, Dona Irm\u00e3.<\/span><\/p>\n<p class=\"p1\"><span class=\"s1\">xxxxxxxxxxxx<\/span><\/p>\n<p class=\"p1\"><span class=\"s1\">Por tudo isso, a prefeita, se tudo acontecer como ela prospecta, imagina, sendo reeleita, ficar\u00e1 no cargo por apenas dois anos, ela buscar\u00e1 uma cadeira na Assembleia Legislativa do estado ou um assento na C\u00e2mara Federal.<\/span><\/p>\n<p class=\"p1\"><span class=\"s1\">xxxxxxxxxxxx<\/span><\/p>\n<p class=\"p1\"><span class=\"s1\">A\u00ed o seu vice assumir\u00e1 a cadeira principal do casar\u00e3o da Pra\u00e7a Joaquim Oliveira, a prefeitura de Vit\u00f3ria da Conquista.<\/span><\/p>\n<p class=\"p1\"><span class=\"s1\">xxxxxxxxxxxx<\/span><\/p>\n<p class=\"p1\"><span class=\"s1\">Tudo isso tem que combinar com muita gente, inclusive, com a base de apoio. Com os advers\u00e1rios n\u00e3o precisa n\u00e3o, mas eles estar\u00e3o de olho:<\/span><\/p>\n<p class=\"p1\"><span class=\"s1\">xxxxxxxxxxxx<\/span><\/p>\n<p class=\"p1\"><span class=\"s1\">N\u00e3o s\u00f3 Waldenor, tem tamb\u00e9m Solla e Viviane Sampaio, e os dois novos amigos do peito: Xand\u00f3 e L\u00facia Rocha. E, claro, o PCdoB de Fabr\u00edcio Falc\u00e3o, Andresson Ribeiro, Elias Dourado, Eduardo Moraes, Nildma Ribeiro e do jovem presidente da sigla, Glauber Rocha.<\/span><\/p>\n<p class=\"p1\"><span class=\"s1\">xxxxxxxxxxxx<\/span><\/p>\n<p class=\"p1\"><span class=\"s1\">N\u00e3o falei dos vereadores Luciano Gomes e Ricardo Bab\u00e3o, de prop\u00f3sito, creio que os dois comunistas migrar\u00e3o para outra sigla. N\u00e3o me disseram nada, \u00e9 s\u00f3 impress\u00e3o.<\/span><\/p>\n<p class=\"p1\"><span class=\"s1\">xxxxxxxxxxxx<\/span><\/p>\n<p class=\"p1\"><span class=\"s1\">Ainda sobre o vice de Sheila, tem um nome que deixei por \u00faltimo, \u00e9 inusitado, \u00e9 uma mulher. O pai n\u00e3o n\u00e3o se importar\u00e1, a m\u00e3e, sim, ent\u00e3o deixemos a \u00e1gua correr por debaixo da ponte. N\u00e3o tenho d\u00favidas, todos dir\u00e3o:<\/span><\/p>\n<p class=\"p1\"><span class=\"s1\">xxxxxxxxxxxx<\/span><\/p>\n<p class=\"p1\"><span class=\"s1\">\u201cQue mulher retada!\u201d.<\/span><\/p>\n","protected":false},"excerpt":{"rendered":"<p>A prefeita Sheila Lemos est\u00e1 com a caneta na m\u00e3o. Sabe aquela bic azul? \u00c9 uma daquelas. Muito usada, por sinal, pelos gestores. xxxxxxxxxxxx Sheila est\u00e1 de olho em 2024. 2022 j\u00e1 foi, j\u00e1 era, \u00e9 coisa do passado. O futuro \u00e9 logo ali. xxxxxxxxxxxx Ela sabe que o cen\u00e1rio ser\u00e1 outro, mudou a cor, [&hellip;]<\/p>\n","protected":false},"author":3,"featured_media":6679,"comment_status":"open","ping_status":"open","sticky":false,"template":"","format":"standard","meta":[],"categories":[1271,7],"tags":[],"_links":{"self":[{"href":"https:\/\/www.blogdomassinha.com.br\/v1\/wp-json\/wp\/v2\/posts\/36513"}],"collection":[{"href":"https:\/\/www.blogdomassinha.com.br\/v1\/wp-json\/wp\/v2\/posts"}],"about":[{"href":"https:\/\/www.blogdomassinha.com.br\/v1\/wp-json\/wp\/v2\/types\/post"}],"author":[{"embeddable":true,"href":"https:\/\/www.blogdomassinha.com.br\/v1\/wp-json\/wp\/v2\/users\/3"}],"replies":[{"embeddable":true,"href":"https:\/\/www.blogdomassinha.com.br\/v1\/wp-json\/wp\/v2\/comments?post=36513"}],"version-history":[{"count":1,"href":"https:\/\/www.blogdomassinha.com.br\/v1\/wp-json\/wp\/v2\/posts\/36513\/revisions"}],"predecessor-version":[{"id":36514,"href":"https:\/\/www.blogdomassinha.com.br\/v1\/wp-json\/wp\/v2\/posts\/36513\/revisions\/36514"}],"wp:featuredmedia":[{"embeddable":true,"href":"https:\/\/www.blogdomassinha.com.br\/v1\/wp-json\/wp\/v2\/media\/6679"}],"wp:attachment":[{"href":"https:\/\/www.blogdomassinha.com.br\/v1\/wp-json\/wp\/v2\/media?parent=36513"}],"wp:term":[{"taxonomy":"category","embeddable":true,"href":"https:\/\/www.blogdomassinha.com.br\/v1\/wp-json\/wp\/v2\/categories?post=36513"},{"taxonomy":"post_tag","embeddable":true,"href":"https:\/\/www.blogdomassinha.com.br\/v1\/wp-json\/wp\/v2\/tags?post=36513"}],"curies":[{"name":"wp","href":"https:\/\/api.w.org\/{rel}","templated":true}]}}