{"id":33640,"date":"2022-04-29T12:43:10","date_gmt":"2022-04-29T15:43:10","guid":{"rendered":"http:\/\/www.blogdomassinha.com.br\/v1\/?p=33640"},"modified":"2022-04-29T12:43:10","modified_gmt":"2022-04-29T15:43:10","slug":"condominio-parque-vitoria-imperial-da-mrv-e-reconhecido-com-o-selo-azul-por-praticas-sustentaveis","status":"publish","type":"post","link":"https:\/\/www.blogdomassinha.com.br\/v1\/2022\/04\/29\/condominio-parque-vitoria-imperial-da-mrv-e-reconhecido-com-o-selo-azul-por-praticas-sustentaveis\/","title":{"rendered":"Condom\u00ednio Parque Vit\u00f3ria Imperial, da MRV, \u00e9 reconhecido com o Selo Azul por pr\u00e1ticas sustent\u00e1veis"},"content":{"rendered":"<p class=\"s9\" style=\"text-align: center;\"><span class=\"s10\"><span class=\"bumpedFont15\"><em><a href=\"http:\/\/www.blogdomassinha.com.br\/v1\/wp-content\/uploads\/2022\/04\/C522E72A-ACF9-41F6-AEA1-5BDE8A89F58A.jpeg\" class=\"gallery_colorbox\"><img loading=\"lazy\" class=\"alignright size-medium wp-image-33641\" src=\"http:\/\/www.blogdomassinha.com.br\/v1\/wp-content\/uploads\/2022\/04\/C522E72A-ACF9-41F6-AEA1-5BDE8A89F58A-300x132.jpeg\"  alt=\"C522E72A-ACF9-41F6-AEA1-5BDE8A89F58A\" width=\"300\" height=\"132\" srcset=\"https:\/\/www.blogdomassinha.com.br\/v1\/wp-content\/uploads\/2022\/04\/C522E72A-ACF9-41F6-AEA1-5BDE8A89F58A-300x132.jpeg 300w, https:\/\/www.blogdomassinha.com.br\/v1\/wp-content\/uploads\/2022\/04\/C522E72A-ACF9-41F6-AEA1-5BDE8A89F58A.jpeg 687w\" sizes=\"(max-width: 300px) 100vw, 300px\" \/><\/a><br \/>\nTr\u00eas dos quatro empreendimentos baianos com pr\u00e1ticas sustent\u00e1veis reconhecidos com o Selo Casa Azul + Caixa s\u00e3o da MRV<\/em> <\/span><\/span><\/p>\n<p class=\"s5\" style=\"text-align: justify;\">\n<span class=\"s3\"><span class=\"bumpedFont15\">Os condom\u00ednios Parque Vit\u00f3ria Imperial, em Vit\u00f3ria da Conquista; Vista do Joanes, em Lauro de Freitas; e Parque Costa do Cacau, em Cama\u00e7ari \u2013 constru\u00eddos pela MRV, uma das empresas do grupo MRV&amp;CO \u2013 foram certificados pela Caixa Econ\u00f4mica Federal com o selo Casa Azul + Caixa, n\u00edvel ouro. \u00a0<\/span><\/span><span class=\"s3\"><span class=\"bumpedFont15\">O selo Casa Azul + Caixa \u00e9 destinado a projetos que adotam solu\u00e7\u00f5es eficientes na concep\u00e7\u00e3o, execu\u00e7\u00e3o, uso, ocupa\u00e7\u00e3o e manuten\u00e7\u00e3o das habita\u00e7\u00f5es.<\/span><\/span><!--more--><\/p>\n<p class=\"s7\" style=\"text-align: justify;\"><span class=\"s3\"><span class=\"bumpedFont15\">O Gestor Executivo de Desenvolvimento Imobili\u00e1rio da MRV, Alisson Can\u00e7ado, aponta os esfor\u00e7os da empresa em construir condom\u00ednios cada vez mais confort\u00e1veis, inovadores e sustent\u00e1veis. \u201cOs par\u00e2metros analisados pelo Selo s\u00e3o superiores \u00e0s normas vigentes, ent\u00e3o \u00e9 um pr\u00eamio. Para recebermos o reconhecimento, a Caixa analisou mais de 50 categorias, como entorno, coleta seletiva, paisagismo, solu\u00e7\u00f5es sustent\u00e1veis de mobilidade, dispositivos economizadores de energia, tomadas USB, Wi-Fi em \u00e1reas comuns, e medi\u00e7\u00e3o individualizada de \u00e1gua e g\u00e1s, por exemplo\u201d, conta o executivo. \u00a0<\/span><\/span><\/p>\n<p class=\"s7\" style=\"text-align: justify;\"><strong><span class=\"s11\"><span class=\"bumpedFont15\">O selo<\/span><\/span><\/strong><\/p>\n<p class=\"s7\" style=\"text-align: justify;\"><span class=\"s3\"><span class=\"bumpedFont15\">O Casa Azul +Caixa \u00e9 um instrumento de classifica\u00e7\u00e3o socioambiental, concedido a empreendimentos que passam por uma criteriosa an\u00e1lise em rela\u00e7\u00e3o a sustentabilidade, entorno, bem-estar, efici\u00eancia energ\u00e9tica e hidr\u00e1ulica, desenvolvimento social e inova\u00e7\u00e3o. A Caixa acompanha toda a obra para se certificar de que o empreendimento est\u00e1 sendo executado de acordo com o projeto reconhecido pelo selo.<\/span><\/span><\/p>\n<p class=\"s7\" style=\"text-align: justify;\"><span class=\"s3\"><span class=\"bumpedFont15\">Com a concess\u00e3o do selo Casa Azul, o objetivo da Caixa Econ\u00f4mica \u00e9 valorizar e estimular a constru\u00e7\u00e3o de empreendimentos habitacionais que priorizem o uso racional de recursos naturais, adotem solu\u00e7\u00f5es urban\u00edsticas e arquitet\u00f4nicas de qualidade, promovam o desenvolvimento social e que se integrem \u00e0 \u00e1rea de interven\u00e7\u00e3o trazendo impactos positivos para a sociedade e comunidades onde est\u00e3o instalados. <\/span><\/span><\/p>\n<p class=\"s7\" style=\"text-align: justify;\"><strong><span class=\"s11\"><span class=\"bumpedFont15\">Sobre a MRV<\/span><\/span><\/strong><\/p>\n<p class=\"s7\" style=\"text-align: justify;\"><span class=\"s12\"><span class=\"bumpedFont15\">Para a MRV, a Sustentabilidade \u00e9 um pilar essencial para o desenvolvimento de seu neg\u00f3cio. O tema est\u00e1 presente em todas as atividades da companhia com a\u00e7\u00f5es guiadas estrategicamente por meio da Vis\u00e3o MRV 2030, documento norteador que alinha as opera\u00e7\u00f5es da companhia com os Objetivos do Desenvolvimento Sustent\u00e1vel (ODS) propostos pela Organiza\u00e7\u00e3o das Na\u00e7\u00f5es Unidas (ONU). A sustentabilidade est\u00e1 inserida em todas as etapas do desenvolvimento das moradias, desde a escolha do terreno para a constru\u00e7\u00e3o dos empreendimentos, relacionamento com vizinhan\u00e7a de obras, t\u00e9cnicas inovadoras de constru\u00e7\u00e3o, at\u00e9 a entrega das chaves para moradores que ter\u00e3o itens como energia solar ou dispositivos para economizar \u00e1gua para garantir economia de recursos naturais. Pelo quinto ano consecutivo integra o \u00cdndice de Sustentabilidade Empresarial (ISE) da B3 e \u00e9 signat\u00e1ria da Rede Brasil do Pacto Global da Organiza\u00e7\u00e3o das Na\u00e7\u00f5es Unidas (ONU). Seu presidente, Eduardo Fischer, \u00e9 um L\u00edder Com ImPacto, que possui a miss\u00e3o de engajar demais lideran\u00e7as a tornarem suas empresas mais sustent\u00e1veis. Saiba mais sobre a MRV, acesse\u00a0<\/span><\/span><a href=\"http:\/\/www.mrv.com.br\/\"><span class=\"s13\"><span class=\"bumpedFont15\">www.mrv.com.br<\/span><\/span><\/a><span class=\"s12\"><span class=\"bumpedFont15\">.<\/span><\/span><\/p>\n","protected":false},"excerpt":{"rendered":"<p>Tr\u00eas dos quatro empreendimentos baianos com pr\u00e1ticas sustent\u00e1veis reconhecidos com o Selo Casa Azul + Caixa s\u00e3o da MRV Os condom\u00ednios Parque Vit\u00f3ria Imperial, em Vit\u00f3ria da Conquista; Vista do Joanes, em Lauro de Freitas; e Parque Costa do Cacau, em Cama\u00e7ari \u2013 constru\u00eddos pela MRV, uma das empresas do grupo MRV&amp;CO \u2013 foram certificados [&hellip;]<\/p>\n","protected":false},"author":3,"featured_media":33641,"comment_status":"open","ping_status":"open","sticky":false,"template":"","format":"standard","meta":[],"categories":[7,1],"tags":[],"_links":{"self":[{"href":"https:\/\/www.blogdomassinha.com.br\/v1\/wp-json\/wp\/v2\/posts\/33640"}],"collection":[{"href":"https:\/\/www.blogdomassinha.com.br\/v1\/wp-json\/wp\/v2\/posts"}],"about":[{"href":"https:\/\/www.blogdomassinha.com.br\/v1\/wp-json\/wp\/v2\/types\/post"}],"author":[{"embeddable":true,"href":"https:\/\/www.blogdomassinha.com.br\/v1\/wp-json\/wp\/v2\/users\/3"}],"replies":[{"embeddable":true,"href":"https:\/\/www.blogdomassinha.com.br\/v1\/wp-json\/wp\/v2\/comments?post=33640"}],"version-history":[{"count":1,"href":"https:\/\/www.blogdomassinha.com.br\/v1\/wp-json\/wp\/v2\/posts\/33640\/revisions"}],"predecessor-version":[{"id":33642,"href":"https:\/\/www.blogdomassinha.com.br\/v1\/wp-json\/wp\/v2\/posts\/33640\/revisions\/33642"}],"wp:featuredmedia":[{"embeddable":true,"href":"https:\/\/www.blogdomassinha.com.br\/v1\/wp-json\/wp\/v2\/media\/33641"}],"wp:attachment":[{"href":"https:\/\/www.blogdomassinha.com.br\/v1\/wp-json\/wp\/v2\/media?parent=33640"}],"wp:term":[{"taxonomy":"category","embeddable":true,"href":"https:\/\/www.blogdomassinha.com.br\/v1\/wp-json\/wp\/v2\/categories?post=33640"},{"taxonomy":"post_tag","embeddable":true,"href":"https:\/\/www.blogdomassinha.com.br\/v1\/wp-json\/wp\/v2\/tags?post=33640"}],"curies":[{"name":"wp","href":"https:\/\/api.w.org\/{rel}","templated":true}]}}