{"id":2848,"date":"2016-04-28T09:07:14","date_gmt":"2016-04-28T12:07:14","guid":{"rendered":"http:\/\/www.blogdomassinha.com.br\/v1\/?p=2848"},"modified":"2017-10-10T11:05:28","modified_gmt":"2017-10-10T14:05:28","slug":"curtinhas-da-politica-28042016","status":"publish","type":"post","link":"https:\/\/www.blogdomassinha.com.br\/v1\/2016\/04\/28\/curtinhas-da-politica-28042016\/","title":{"rendered":"Curtinhas da pol\u00edtica \u2013 (28\/04\/2016)"},"content":{"rendered":"<p><img loading=\"lazy\" class=\"alignnone wp-image-1679\" src=\"http:\/\/www.blogdomassinha.com.br\/v1\/wp-content\/uploads\/2016\/02\/curtinhas.jpg\" alt=\"curtinhas\" width=\"543\" height=\"207\" srcset=\"https:\/\/www.blogdomassinha.com.br\/v1\/wp-content\/uploads\/2016\/02\/curtinhas.jpg 595w, https:\/\/www.blogdomassinha.com.br\/v1\/wp-content\/uploads\/2016\/02\/curtinhas-300x114.jpg 300w\" sizes=\"(max-width: 543px) 100vw, 543px\" \/><\/p>\n<p style=\"text-align: justify;\">Definitivamente, em minha opini\u00e3o, segundo os \u00faltimos acontecimentos dentro da pol\u00edtica de Conquista, a sucess\u00e3o municipal ocorrer\u00e1 com todas as pr\u00e9-candidaturas postas dentro do campo da oposi\u00e7\u00e3o.<\/p>\n<p style=\"text-align: justify;\"><strong>xxxxxx<\/strong><\/p>\n<p style=\"text-align: justify;\">Tenho conversado bastante com os pr\u00e9-candidatos e todos s\u00e3o taxativos em afirmar que a disputa em dois turnos favorece a cada um ter o direito de sonhar. At\u00e9 admitem conversar, mas retirar candidatura, nunca.<\/p>\n<p style=\"text-align: justify;\"><strong>xxxxxx<\/strong><\/p>\n<p style=\"text-align: justify;\">O argumento utilizado que essa divis\u00e3o poder\u00e1 dar a vit\u00f3ria ao candidato petista \u00e9 falsa, argumentam Marcelo Melo, Arlindo Rebou\u00e7as e Arm\u00eanio Santos. Esmeraldino Correia n\u00e3o faz parte desse time, ele, embora pr\u00e9-candidato, \u00e9 o \u00fanico que advoga sentar imediatamente e partir todo mundo unido.<!--more--><\/p>\n<p style=\"text-align: justify;\"><strong>xxxxxx<\/strong><\/p>\n<p style=\"text-align: justify;\">N\u00e3o fazem parte tamb\u00e9m deste n\u00facleo de pensamento os pr\u00e9-candidatos Alexandre Pereira e Fabr\u00edcio Falc\u00e3o, os dois buscam dirigir o destino da capital do sudoeste da Bahia, mas n\u00e3o s\u00e3o propriamente oposi\u00e7\u00e3o, s\u00e3o divergentes do governo municipal e se situam no campo ideol\u00f3gico em outro ponto do mapa.<\/p>\n<p style=\"text-align: justify;\"><strong>xxxxxx<\/strong><\/p>\n<p style=\"text-align: justify;\">A REDE j\u00e1 antecipa que n\u00e3o far\u00e1 alian\u00e7a com nenhum dos partidos a seguir: PT, PSDB, PMDB, DEM e PCdoB. Com o PSB, com ressalvas. Com o PDT, sim.<\/p>\n<p style=\"text-align: justify;\"><strong>xxxxxx<\/strong><\/p>\n<p style=\"text-align: justify;\">O Grupo Independente, muito cortejado por todos, civilizadamente vem conversando com todos. Quando procurado, senta, discute, mas deixa claro: tem candidato e n\u00e3o abre m\u00e3o da disputa. Ali\u00e1s, no pr\u00f3ximo s\u00e1bado, dia 30, o grupo faz reuni\u00e3o para decidir o nome, dentre os v\u00e1rios que possui. Mas tudo na paz, no entendimento.<\/p>\n<p style=\"text-align: justify;\">xxxxxx<\/p>\n<p style=\"text-align: justify;\">Mil pessoas \u00e9 o n\u00famero que o GI admite levar para a reuni\u00e3o que ocorrer\u00e1 no Bom do Bom. Na oportunidade mais de cem candidatos a vereador ser\u00e3o apresentados, todos inscritos nos diversos partidos que fazem parte do grupo.<\/p>\n<p style=\"text-align: justify;\"><strong>xxxxxx<\/strong><\/p>\n<p style=\"text-align: justify;\">\u00c1lvaro Pithon e L\u00facia Rocha j\u00e1 se pronunciaram apoiadores da candidatura de Marcelo Melo. L\u00facia, inclusive, j\u00e1 o fez na tribuna da C\u00e2mara de Vereadores. A not\u00edcia me foi antecipada na Melodia FM 87,9, na \u00faltima ter\u00e7a-feira, quando Marcelo Melo me concedeu entrevista.<\/p>\n<p style=\"text-align: justify;\"><strong>xxxxxx<\/strong><\/p>\n<p style=\"text-align: justify;\">Marcelo foi acompanhado do Capit\u00e3o Lima, representante do Solidariedade e de Bigu, dirigente do PEN. Os dois foram s\u00f3 elogios ao pr\u00e9-candidato do Democratas. &#8220;A candidatura de Marcelo vem sendo constru\u00edda ao longo do tempo. N\u00e3o \u00e9 dele, \u00e9 de um grupo de novos pol\u00edticos que acreditam que \u00e9 preciso renovar&#8221;, disse Lima.<\/p>\n<p style=\"text-align: justify;\"><strong>xxxxxx<\/strong><\/p>\n<p style=\"text-align: justify;\">Bigu \u00e9 pol\u00edtico da periferia, atua nos bairros, principalmente na Patag\u00f4nia. &#8220;Enxergo na candidatura de Marcelo a \u00fanica capaz de crescer e n\u00e3o tem rejei\u00e7\u00e3o&#8221;, afirmou aos ouvintes do Agito Geral, o dirigente do PEN.<\/p>\n<p style=\"text-align: justify;\"><strong>xxxxxx<\/strong><\/p>\n<p style=\"text-align: justify;\">Arlindo Rebou\u00e7as \u00e9 outro que continua na busca di\u00e1ria pela consolida\u00e7\u00e3o da sua candidatura. Embalado por rumores que ecoam no Pal\u00e1cio do Governo em Salvador e que chegaram aqui em Conquista, discretamente comemora n\u00fameros que estariam em poder do governador e que retratam as posi\u00e7\u00f5es dos pr\u00e9-candidatos \u00e0 sucess\u00e3o do prefeito Guilherme Menezes.<\/p>\n<p style=\"text-align: justify;\"><strong>xxxxxx<\/strong><\/p>\n<p style=\"text-align: justify;\">A poss\u00edvel pesquisa n\u00e3o \u00e9 oficial, at\u00e9 porque n\u00e3o foi registrada. O vereador falou ao vivo ontem em nosso programa, ao meio dia na 87,9, Melodia FM. Antes da sua fala eu j\u00e1 sabia desses n\u00fameros. A not\u00edcia me veio de S\u00e3o Paulo. Chegou por telefone. O informante estava l\u00e1 e sabe tudo de pol\u00edtica e dos seus bastidores.<\/p>\n<p style=\"text-align: justify;\"><strong>xxxxxx<\/strong><\/p>\n<p style=\"text-align: justify;\">Quando perguntei a Arlindo sobre esta informa\u00e7\u00e3o ele dissimulou. &#8220;Eu estou trabalhando muito, talvez seja por isso, mas n\u00e3o \u00e9 nada oficial, por isso evito comentar&#8221;, disse o presidente do PSDB.<\/p>\n<p style=\"text-align: justify;\"><strong>xxxxxx<\/strong><\/p>\n<p style=\"text-align: justify;\">O PSDB conseguiu preencher o n\u00famero necess\u00e1rio para concorrer ao legislativo conquistense. Trinta e dois nomes, inclusive, a cota feminina com dez pretendentes. Arlindo se diz satisfeito com os coordenadores da sua campanha. Jos\u00e9 Maria Caires, segundo ele, d\u00e1 equil\u00edbrio ao grupo.<\/p>\n<p style=\"text-align: justify;\"><strong>xxxxxx<\/strong><\/p>\n<p style=\"text-align: justify;\">Rafael Nunes e Ivan Cordeiro fazem parte do staff tucano, al\u00e9m de Ana, fiel escudeira do vereador.<\/p>\n<p style=\"text-align: justify;\"><strong>xxxxxx<\/strong><\/p>\n<p style=\"text-align: justify;\">Hoje a secret\u00e1ria de Sa\u00fade Karine Brito ser\u00e1 a entrevistada em nosso programa. Ela vai falar sobre a campanha de vacina\u00e7\u00e3o empreendida pelo governo Municipal. O Agito Geral vai ao ar atrav\u00e9s da Melodia FM, 87,9.<\/p>\n<p style=\"text-align: justify;\"><strong>xxxxxx<\/strong><\/p>\n<p style=\"text-align: justify;\">Na coletiva concedida pela Secretaria de Sa\u00fade do Munic\u00edpio ontem pela manh\u00e3, fez parte da mesa o vice-prefeito Joas Meira. O presidente do PSB aguarda este final de semana para dar rumos definitivos \u00e0 candidatura de Alexandre Pereira. A reuni\u00e3o que aconteceria na \u00faltima ter\u00e7a-feira n\u00e3o foi realizada.<\/p>\n<p style=\"text-align: justify;\"><strong>xxxxxx<\/strong><\/p>\n<p style=\"text-align: justify;\">J\u00e1 estava tudo certo que a vereadora Irma Lemos n\u00e3o voltaria a disputar uma cadeira no legislativo conquistense. Muito foi falado da possibilidade dela ser vice de Z\u00e9 Raimundo. Muito amiga de Fabr\u00edcio Falc\u00e3o, foi convidada a compor a chapa com o comunista. Voltou a se comentar a possibilidade de voltar \u00e0 C\u00e2mara.<\/p>\n","protected":false},"excerpt":{"rendered":"<p>Definitivamente, em minha opini\u00e3o, segundo os \u00faltimos acontecimentos dentro da pol\u00edtica de Conquista, a sucess\u00e3o municipal ocorrer\u00e1 com todas as pr\u00e9-candidaturas postas dentro do campo da oposi\u00e7\u00e3o. xxxxxx Tenho conversado bastante com os pr\u00e9-candidatos e todos s\u00e3o taxativos em afirmar que a disputa em dois turnos favorece a cada um ter o direito de sonhar. [&hellip;]<\/p>\n","protected":false},"author":1,"featured_media":1679,"comment_status":"open","ping_status":"open","sticky":false,"template":"","format":"standard","meta":[],"categories":[1271,7,1,2],"tags":[],"_links":{"self":[{"href":"https:\/\/www.blogdomassinha.com.br\/v1\/wp-json\/wp\/v2\/posts\/2848"}],"collection":[{"href":"https:\/\/www.blogdomassinha.com.br\/v1\/wp-json\/wp\/v2\/posts"}],"about":[{"href":"https:\/\/www.blogdomassinha.com.br\/v1\/wp-json\/wp\/v2\/types\/post"}],"author":[{"embeddable":true,"href":"https:\/\/www.blogdomassinha.com.br\/v1\/wp-json\/wp\/v2\/users\/1"}],"replies":[{"embeddable":true,"href":"https:\/\/www.blogdomassinha.com.br\/v1\/wp-json\/wp\/v2\/comments?post=2848"}],"version-history":[{"count":3,"href":"https:\/\/www.blogdomassinha.com.br\/v1\/wp-json\/wp\/v2\/posts\/2848\/revisions"}],"predecessor-version":[{"id":2855,"href":"https:\/\/www.blogdomassinha.com.br\/v1\/wp-json\/wp\/v2\/posts\/2848\/revisions\/2855"}],"wp:featuredmedia":[{"embeddable":true,"href":"https:\/\/www.blogdomassinha.com.br\/v1\/wp-json\/wp\/v2\/media\/1679"}],"wp:attachment":[{"href":"https:\/\/www.blogdomassinha.com.br\/v1\/wp-json\/wp\/v2\/media?parent=2848"}],"wp:term":[{"taxonomy":"category","embeddable":true,"href":"https:\/\/www.blogdomassinha.com.br\/v1\/wp-json\/wp\/v2\/categories?post=2848"},{"taxonomy":"post_tag","embeddable":true,"href":"https:\/\/www.blogdomassinha.com.br\/v1\/wp-json\/wp\/v2\/tags?post=2848"}],"curies":[{"name":"wp","href":"https:\/\/api.w.org\/{rel}","templated":true}]}}