{"id":26646,"date":"2021-03-09T00:05:49","date_gmt":"2021-03-09T03:05:49","guid":{"rendered":"http:\/\/www.blogdomassinha.com.br\/v1\/?p=26646"},"modified":"2021-03-08T17:42:53","modified_gmt":"2021-03-08T20:42:53","slug":"ze-itamario-e-escolhido-porta-voz-da-rede-sustentabilidade-bahia","status":"publish","type":"post","link":"https:\/\/www.blogdomassinha.com.br\/v1\/2021\/03\/09\/ze-itamario-e-escolhido-porta-voz-da-rede-sustentabilidade-bahia\/","title":{"rendered":"Z\u00e9 Itam\u00e1rio \u00e9 escolhido porta voz da Rede Sustentabilidade Bahia"},"content":{"rendered":"<p style=\"text-align: justify;\">\n<p style=\"text-align: justify;\"><a href=\"http:\/\/www.blogdomassinha.com.br\/v1\/wp-content\/uploads\/2021\/03\/WhatsApp-Image-2021-03-08-at-15.36.39.jpeg\" class=\"gallery_colorbox\"><img loading=\"lazy\" class=\"size-medium wp-image-26647 alignleft\" src=\"http:\/\/www.blogdomassinha.com.br\/v1\/wp-content\/uploads\/2021\/03\/WhatsApp-Image-2021-03-08-at-15.36.39-300x300.jpeg\"  alt=\"WhatsApp Image 2021-03-08 at 15.36.39\" width=\"300\" height=\"300\" srcset=\"https:\/\/www.blogdomassinha.com.br\/v1\/wp-content\/uploads\/2021\/03\/WhatsApp-Image-2021-03-08-at-15.36.39-300x300.jpeg 300w, https:\/\/www.blogdomassinha.com.br\/v1\/wp-content\/uploads\/2021\/03\/WhatsApp-Image-2021-03-08-at-15.36.39-150x150.jpeg 150w, https:\/\/www.blogdomassinha.com.br\/v1\/wp-content\/uploads\/2021\/03\/WhatsApp-Image-2021-03-08-at-15.36.39.jpeg 721w\" sizes=\"(max-width: 300px) 100vw, 300px\" \/><\/a><\/p>\n<p style=\"text-align: justify;\">Neste s\u00e1bado o Conquistense Jos\u00e9 Itam\u00e1rio dos Santos Oliveira foi escolhido Porta Voz da Rede 18 e ao lado de Iaraci Dias responder\u00e1 pelo Elo Estadual da Rede Sustentabilidade Bahia.<\/p>\n<p style=\"text-align: justify;\">A escolha de Z\u00e9 Itam\u00e1rio se deu por consenso progressivo entre todas as companheiras e companheiros da Rede Sustentabilidade, que reconheceram a valorosa atua\u00e7\u00e3o de Z\u00e9 Itam\u00e1rio.<!--more--><\/p>\n<p style=\"text-align: justify;\">Entre as tarefas da Rede Sustentabilidade Bahia, Z\u00e9 Itam\u00e1rio dever\u00e1 participar do Encontro do Elo Nacional, defender a pauta progressista de oposi\u00e7\u00e3o ao atual governo Bolsonaro, bem como, a organiza\u00e7\u00e3o da base e forma\u00e7\u00e3o pol\u00edtica em todo Estado da Bahia para as elei\u00e7\u00f5es gerais de 2022.<\/p>\n<p style=\"text-align: justify;\">Pela Rede Sustentabilidade Vit\u00f3ria da Conquista estiveram presentes e participaram da escolha de Z\u00e9 Itam\u00e1rio como Porta Voz Estadual: Maris Stella Schiavo Novaes, Adriana Abreu Barbosa, Leone Gomes e Alexandre Aguiar.<\/p>\n","protected":false},"excerpt":{"rendered":"<p>Neste s\u00e1bado o Conquistense Jos\u00e9 Itam\u00e1rio dos Santos Oliveira foi escolhido Porta Voz da Rede 18 e ao lado de Iaraci Dias responder\u00e1 pelo Elo Estadual da Rede Sustentabilidade Bahia. A escolha de Z\u00e9 Itam\u00e1rio se deu por consenso progressivo entre todas as companheiras e companheiros da Rede Sustentabilidade, que reconheceram a valorosa atua\u00e7\u00e3o de [&hellip;]<\/p>\n","protected":false},"author":3,"featured_media":26647,"comment_status":"open","ping_status":"open","sticky":false,"template":"","format":"standard","meta":[],"categories":[7,2],"tags":[],"_links":{"self":[{"href":"https:\/\/www.blogdomassinha.com.br\/v1\/wp-json\/wp\/v2\/posts\/26646"}],"collection":[{"href":"https:\/\/www.blogdomassinha.com.br\/v1\/wp-json\/wp\/v2\/posts"}],"about":[{"href":"https:\/\/www.blogdomassinha.com.br\/v1\/wp-json\/wp\/v2\/types\/post"}],"author":[{"embeddable":true,"href":"https:\/\/www.blogdomassinha.com.br\/v1\/wp-json\/wp\/v2\/users\/3"}],"replies":[{"embeddable":true,"href":"https:\/\/www.blogdomassinha.com.br\/v1\/wp-json\/wp\/v2\/comments?post=26646"}],"version-history":[{"count":1,"href":"https:\/\/www.blogdomassinha.com.br\/v1\/wp-json\/wp\/v2\/posts\/26646\/revisions"}],"predecessor-version":[{"id":26648,"href":"https:\/\/www.blogdomassinha.com.br\/v1\/wp-json\/wp\/v2\/posts\/26646\/revisions\/26648"}],"wp:featuredmedia":[{"embeddable":true,"href":"https:\/\/www.blogdomassinha.com.br\/v1\/wp-json\/wp\/v2\/media\/26647"}],"wp:attachment":[{"href":"https:\/\/www.blogdomassinha.com.br\/v1\/wp-json\/wp\/v2\/media?parent=26646"}],"wp:term":[{"taxonomy":"category","embeddable":true,"href":"https:\/\/www.blogdomassinha.com.br\/v1\/wp-json\/wp\/v2\/categories?post=26646"},{"taxonomy":"post_tag","embeddable":true,"href":"https:\/\/www.blogdomassinha.com.br\/v1\/wp-json\/wp\/v2\/tags?post=26646"}],"curies":[{"name":"wp","href":"https:\/\/api.w.org\/{rel}","templated":true}]}}