{"id":26640,"date":"2021-03-08T16:59:41","date_gmt":"2021-03-08T19:59:41","guid":{"rendered":"http:\/\/www.blogdomassinha.com.br\/v1\/?p=26640"},"modified":"2021-03-08T16:59:41","modified_gmt":"2021-03-08T19:59:41","slug":"preparem-se-bolsonaro-e-lula-juntos-em-2022","status":"publish","type":"post","link":"https:\/\/www.blogdomassinha.com.br\/v1\/2021\/03\/08\/preparem-se-bolsonaro-e-lula-juntos-em-2022\/","title":{"rendered":"Preparem-se: Bolsonaro e Lula juntos em 2022"},"content":{"rendered":"<p style=\"text-align: justify;\">\n<p style=\"text-align: justify;\"><a href=\"http:\/\/www.blogdomassinha.com.br\/v1\/wp-content\/uploads\/2021\/03\/WhatsApp-Image-2021-03-08-at-16.57.49.jpeg\" class=\"gallery_colorbox\"><img loading=\"lazy\" class=\"size-medium wp-image-26641 alignright\" src=\"http:\/\/www.blogdomassinha.com.br\/v1\/wp-content\/uploads\/2021\/03\/WhatsApp-Image-2021-03-08-at-16.57.49-300x300.jpeg\"  alt=\"WhatsApp Image 2021-03-08 at 16.57.49\" width=\"300\" height=\"300\" srcset=\"https:\/\/www.blogdomassinha.com.br\/v1\/wp-content\/uploads\/2021\/03\/WhatsApp-Image-2021-03-08-at-16.57.49-300x300.jpeg 300w, https:\/\/www.blogdomassinha.com.br\/v1\/wp-content\/uploads\/2021\/03\/WhatsApp-Image-2021-03-08-at-16.57.49-150x150.jpeg 150w, https:\/\/www.blogdomassinha.com.br\/v1\/wp-content\/uploads\/2021\/03\/WhatsApp-Image-2021-03-08-at-16.57.49-1024x1024.jpeg 1024w, https:\/\/www.blogdomassinha.com.br\/v1\/wp-content\/uploads\/2021\/03\/WhatsApp-Image-2021-03-08-at-16.57.49.jpeg 1280w\" sizes=\"(max-width: 300px) 100vw, 300px\" \/><\/a><\/p>\n<p style=\"text-align: justify;\">A manchete pode parecer absurda num primeiro instante, mas n\u00e3o \u00e9, o inimagin\u00e1vel poder\u00e1 acontecer em 2022, o atual Presidente da Rep\u00fablica, Jair Messias Bolsonaro, poder\u00e1 estar junto do seu maior advers\u00e1rio nas pr\u00f3ximas elei\u00e7\u00f5es presidenciais, s\u00f3 que em palanques diferentes, claro, o que poder\u00e1 ser um embate \u00e9pico entre os dois extremos da pol\u00edtica nacional. Fica por conta do leitor onde se encaixa a palavra extremo.<\/p>\n<p style=\"text-align: justify;\">\u00c9 prov\u00e1vel que quem ler apenas a manchete questione: \u201cn\u00e3o acredito!!! Quem ser\u00e1 vice de quem?\u201d Ora, esse \u00e9 o h\u00e1bito de muita gente ler apenas a manchete e s\u00f3 depois acessar a mat\u00e9ria completa.<!--more--><\/p>\n<p style=\"text-align: justify;\">Se \u00e9 isso o que muita gente quer, est\u00e1 a\u00ed um prato cheio para um pa\u00eds mais polarizado do que se encontra no momento.<\/p>\n<p style=\"text-align: justify;\">O ministro Edson Fachin tornou Lula um leg\u00edtimo candidato do PT em 2022. Na tarde de hoje ele anulou todas as senten\u00e7as que deixavam o ex-presidente fora da disputa eleitoral que j\u00e1 est\u00e1 na ordem do dia nos quatro cantos do pa\u00eds.<\/p>\n<p style=\"text-align: justify;\">Quem n\u00e3o deve estar muito satisfeito \u00e9 Ciro Gomes, o cearense vem construindo um caminho para que ele seja o candidato, o \u00fanico, a enfrentar Bolsonaro com chance de vit\u00f3ria, pensa ele.<\/p>\n<p style=\"text-align: justify;\">A ver!<\/p>\n","protected":false},"excerpt":{"rendered":"<p>A manchete pode parecer absurda num primeiro instante, mas n\u00e3o \u00e9, o inimagin\u00e1vel poder\u00e1 acontecer em 2022, o atual Presidente da Rep\u00fablica, Jair Messias Bolsonaro, poder\u00e1 estar junto do seu maior advers\u00e1rio nas pr\u00f3ximas elei\u00e7\u00f5es presidenciais, s\u00f3 que em palanques diferentes, claro, o que poder\u00e1 ser um embate \u00e9pico entre os dois extremos da pol\u00edtica [&hellip;]<\/p>\n","protected":false},"author":3,"featured_media":26641,"comment_status":"open","ping_status":"open","sticky":false,"template":"","format":"standard","meta":[],"categories":[7,2],"tags":[],"_links":{"self":[{"href":"https:\/\/www.blogdomassinha.com.br\/v1\/wp-json\/wp\/v2\/posts\/26640"}],"collection":[{"href":"https:\/\/www.blogdomassinha.com.br\/v1\/wp-json\/wp\/v2\/posts"}],"about":[{"href":"https:\/\/www.blogdomassinha.com.br\/v1\/wp-json\/wp\/v2\/types\/post"}],"author":[{"embeddable":true,"href":"https:\/\/www.blogdomassinha.com.br\/v1\/wp-json\/wp\/v2\/users\/3"}],"replies":[{"embeddable":true,"href":"https:\/\/www.blogdomassinha.com.br\/v1\/wp-json\/wp\/v2\/comments?post=26640"}],"version-history":[{"count":1,"href":"https:\/\/www.blogdomassinha.com.br\/v1\/wp-json\/wp\/v2\/posts\/26640\/revisions"}],"predecessor-version":[{"id":26642,"href":"https:\/\/www.blogdomassinha.com.br\/v1\/wp-json\/wp\/v2\/posts\/26640\/revisions\/26642"}],"wp:featuredmedia":[{"embeddable":true,"href":"https:\/\/www.blogdomassinha.com.br\/v1\/wp-json\/wp\/v2\/media\/26641"}],"wp:attachment":[{"href":"https:\/\/www.blogdomassinha.com.br\/v1\/wp-json\/wp\/v2\/media?parent=26640"}],"wp:term":[{"taxonomy":"category","embeddable":true,"href":"https:\/\/www.blogdomassinha.com.br\/v1\/wp-json\/wp\/v2\/categories?post=26640"},{"taxonomy":"post_tag","embeddable":true,"href":"https:\/\/www.blogdomassinha.com.br\/v1\/wp-json\/wp\/v2\/tags?post=26640"}],"curies":[{"name":"wp","href":"https:\/\/api.w.org\/{rel}","templated":true}]}}