{"id":26565,"date":"2021-03-02T16:03:33","date_gmt":"2021-03-02T19:03:33","guid":{"rendered":"http:\/\/www.blogdomassinha.com.br\/v1\/?p=26565"},"modified":"2021-03-02T16:03:33","modified_gmt":"2021-03-02T19:03:33","slug":"comerciantes-de-conquista-mostraram-forca-ou-deram-sorte","status":"publish","type":"post","link":"https:\/\/www.blogdomassinha.com.br\/v1\/2021\/03\/02\/comerciantes-de-conquista-mostraram-forca-ou-deram-sorte\/","title":{"rendered":"Comerciantes de Conquista: mostraram for\u00e7a ou deram sorte?"},"content":{"rendered":"<p style=\"text-align: justify;\">\n<p style=\"text-align: justify;\"><a href=\"http:\/\/www.blogdomassinha.com.br\/v1\/wp-content\/uploads\/2021\/03\/WhatsApp-Image-2021-03-02-at-1.20.07-PM-e1614708960960-768x512.jpeg\" class=\"gallery_colorbox\"><img loading=\"lazy\" class=\"size-medium wp-image-26566 alignright\" src=\"http:\/\/www.blogdomassinha.com.br\/v1\/wp-content\/uploads\/2021\/03\/WhatsApp-Image-2021-03-02-at-1.20.07-PM-e1614708960960-768x512-300x200.jpeg\"  alt=\"WhatsApp-Image-2021-03-02-at-1.20.07-PM-e1614708960960-768x512\" width=\"300\" height=\"200\" srcset=\"https:\/\/www.blogdomassinha.com.br\/v1\/wp-content\/uploads\/2021\/03\/WhatsApp-Image-2021-03-02-at-1.20.07-PM-e1614708960960-768x512-300x200.jpeg 300w, https:\/\/www.blogdomassinha.com.br\/v1\/wp-content\/uploads\/2021\/03\/WhatsApp-Image-2021-03-02-at-1.20.07-PM-e1614708960960-768x512.jpeg 768w\" sizes=\"(max-width: 300px) 100vw, 300px\" \/><\/a><\/p>\n<p style=\"text-align: justify;\">Uma coisa \u00e9 certa: sem o lockdown os comerciantes da nossa cidade podem comemorar, afinal, com lojas abertas os caixas ser\u00e3o aquecidos e, consequentemente, poder\u00e3o pagar boletos, tributos e funcion\u00e1rios. O que vimos ontem em frente \u00e0 prefeitura foram centenas de lojistas tentando argumentar com a prefeita em exerc\u00edcio, Sheila Andrade, clamando para que ela n\u00e3o seguisse o que determinava o decreto estadual, que nenhum com\u00e9rcio considerado n\u00e3o essencial fosse aberto.<\/p>\n<p style=\"text-align: justify;\">Hoje uma carreta mostrou que a categoria est\u00e1 determinada a n\u00e3o continuar calada, sem reagir, \u201c\u00e9 preciso que demonstremos a nossa discord\u00e2ncia em rela\u00e7\u00e3o ao que o governador est\u00e1 nos impondo\u201d, disse uma lojista representando o movimento.<!--more--><\/p>\n<p style=\"text-align: justify;\">A prefeita em exerc\u00edcio j\u00e1 assumiu que a partir de amanh\u00e3 o com\u00e9rcio volta a funcionar na sua totalidade, ou seja, at\u00e9 o com\u00e9rcio considerado n\u00e3o essencial.<\/p>\n<p style=\"text-align: justify;\">Ecoaram fortes as palavras dos manifestantes ontem, refor\u00e7adas pelos roncos dos motores na carreata de hoje, ou foi simplesmente o fator sorte por ter o governador Rui Costa amanhecido com o cora\u00e7\u00e3o mole?<\/p>\n<p style=\"text-align: justify;\">Nesse instante, oficialmente, a prefeita em exerc\u00edcio Sheila Andrade, atrav\u00e9s da Secom, nos enviou os detalhes do decreto que vigora a partir de amanh\u00e3:<\/p>\n<p style=\"text-align: justify;\">\u201cNa manh\u00e3 desta ter\u00e7a-feira (2), a prefeita em exerc\u00edcio, Sheila Lemos, participou de uma reuni\u00e3o com o governador da Bahia, Rui Costa, e com os prefeitos integrantes do Cons\u00f3rcio P\u00fablico Interfederativo de Sa\u00fade da Regi\u00e3o de Vit\u00f3ria da Conquista. O objetivo foi avaliar as medidas de restri\u00e7\u00e3o de circula\u00e7\u00e3o noturna e de suspens\u00e3o de atividades n\u00e3o essenciais nos munic\u00edpios, como estrat\u00e9gia de enfrentamento da pandemia do novo Coronav\u00edrus.<\/p>\n<p style=\"text-align: justify;\">Ap\u00f3s bastante di\u00e1logo, os gestores decidiram, de forma conjunta, que os munic\u00edpios da regi\u00e3o Sudoeste retomar\u00e3o as atividades e servi\u00e7os considerados n\u00e3o essenciais at\u00e9 esta sexta-feira (5). Nesse per\u00edodo, os bares e restaurantes devem fechar \u00e0s 18 horas, enquanto os servi\u00e7os de delivery est\u00e3o autorizados a funcionar at\u00e9 \u00e0s 00h. Al\u00e9m disso, at\u00e9 domingo (7), permanecem as restri\u00e7\u00f5es de circula\u00e7\u00e3o noturna a partir das 20h.<\/p>\n<p style=\"text-align: justify;\">A prefeita em exerc\u00edcio, Sheila Lemos, falou sobre a import\u00e2ncia das medidas, neste momento, para frear o avan\u00e7o da Covid 19: \u201cLogo mais, o Governo do Estado deve editar um novo decreto, e n\u00f3s devemos seguir esse decreto. E eu fa\u00e7o um apelo a todos os conquistenses: vamos seguir todos os protocolos. N\u00e3o saia nas ruas sem as m\u00e1scaras, higienize suas m\u00e3os e n\u00e3o fa\u00e7a aglomera\u00e7\u00e3o de forma alguma. Juntos, venceremos esse v\u00edrus.\u201d<\/p>\n<p style=\"text-align: justify;\"><strong>Interna\u00e7\u00f5es<\/strong>\u00a0\u2013 Na oportunidade, a subsecret\u00e1ria estadual de Sa\u00fade, Tereza Paim, apresentou o panorama da Covid-19 na Bahia. O estado est\u00e1 com 83% dos leitos de UTIs ocupados, e com cerca de 250 pacientes aguardando transfer\u00eancia nas \u00faltimas 24 horas. A taxa de ocupa\u00e7\u00e3o dos leitos de UTI do cons\u00f3rcio da regi\u00e3o de Vit\u00f3ria da Conquista \u00e9 de 87%.\u201d<\/p>\n","protected":false},"excerpt":{"rendered":"<p>Uma coisa \u00e9 certa: sem o lockdown os comerciantes da nossa cidade podem comemorar, afinal, com lojas abertas os caixas ser\u00e3o aquecidos e, consequentemente, poder\u00e3o pagar boletos, tributos e funcion\u00e1rios. O que vimos ontem em frente \u00e0 prefeitura foram centenas de lojistas tentando argumentar com a prefeita em exerc\u00edcio, Sheila Andrade, clamando para que ela [&hellip;]<\/p>\n","protected":false},"author":3,"featured_media":26566,"comment_status":"open","ping_status":"open","sticky":false,"template":"","format":"standard","meta":[],"categories":[7,2],"tags":[],"_links":{"self":[{"href":"https:\/\/www.blogdomassinha.com.br\/v1\/wp-json\/wp\/v2\/posts\/26565"}],"collection":[{"href":"https:\/\/www.blogdomassinha.com.br\/v1\/wp-json\/wp\/v2\/posts"}],"about":[{"href":"https:\/\/www.blogdomassinha.com.br\/v1\/wp-json\/wp\/v2\/types\/post"}],"author":[{"embeddable":true,"href":"https:\/\/www.blogdomassinha.com.br\/v1\/wp-json\/wp\/v2\/users\/3"}],"replies":[{"embeddable":true,"href":"https:\/\/www.blogdomassinha.com.br\/v1\/wp-json\/wp\/v2\/comments?post=26565"}],"version-history":[{"count":1,"href":"https:\/\/www.blogdomassinha.com.br\/v1\/wp-json\/wp\/v2\/posts\/26565\/revisions"}],"predecessor-version":[{"id":26567,"href":"https:\/\/www.blogdomassinha.com.br\/v1\/wp-json\/wp\/v2\/posts\/26565\/revisions\/26567"}],"wp:featuredmedia":[{"embeddable":true,"href":"https:\/\/www.blogdomassinha.com.br\/v1\/wp-json\/wp\/v2\/media\/26566"}],"wp:attachment":[{"href":"https:\/\/www.blogdomassinha.com.br\/v1\/wp-json\/wp\/v2\/media?parent=26565"}],"wp:term":[{"taxonomy":"category","embeddable":true,"href":"https:\/\/www.blogdomassinha.com.br\/v1\/wp-json\/wp\/v2\/categories?post=26565"},{"taxonomy":"post_tag","embeddable":true,"href":"https:\/\/www.blogdomassinha.com.br\/v1\/wp-json\/wp\/v2\/tags?post=26565"}],"curies":[{"name":"wp","href":"https:\/\/api.w.org\/{rel}","templated":true}]}}