{"id":263,"date":"2015-12-07T10:40:56","date_gmt":"2015-12-07T13:40:56","guid":{"rendered":"http:\/\/www.blogdomassinha.com.br\/v1\/?p=263"},"modified":"2015-12-07T14:42:11","modified_gmt":"2015-12-07T17:42:11","slug":"dr-cadete-e-sempre-uma-emocao-acho-o-momento-do-parto-sensacional","status":"publish","type":"post","link":"https:\/\/www.blogdomassinha.com.br\/v1\/2015\/12\/07\/dr-cadete-e-sempre-uma-emocao-acho-o-momento-do-parto-sensacional\/","title":{"rendered":"Dr. Cadete: &#8220;\u00c9 sempre uma emo\u00e7\u00e3o, acho o momento do parto sensacional&#8221;"},"content":{"rendered":"<div id=\"attachment_265\" style=\"width: 381px\" class=\"wp-caption aligncenter\"><a href=\"http:\/\/www.blogdomassinha.com.br\/v1\/wp-content\/uploads\/2015\/11\/dr-cadete1.jpg\" class=\"gallery_colorbox\"><img aria-describedby=\"caption-attachment-265\" loading=\"lazy\" class=\"wp-image-265\" src=\"http:\/\/www.blogdomassinha.com.br\/v1\/wp-content\/uploads\/2015\/11\/dr-cadete1.jpg\"  alt=\"dr-cadete\" width=\"371\" height=\"354\" srcset=\"https:\/\/www.blogdomassinha.com.br\/v1\/wp-content\/uploads\/2015\/11\/dr-cadete1.jpg 544w, https:\/\/www.blogdomassinha.com.br\/v1\/wp-content\/uploads\/2015\/11\/dr-cadete1-300x286.jpg 300w\" sizes=\"(max-width: 371px) 100vw, 371px\" \/><\/a><p id=\"caption-attachment-265\" class=\"wp-caption-text\">Foto: Reprodu\u00e7\u00e3o<\/p><\/div>\n<p>Clodoaldo Cadete \u00e9 m\u00e9dico e apaixonado por fotografia, ele me recebeu em sua resid\u00eancia para um bate papo sobre sa\u00fade e a magia do universo fotogr\u00e1fico.<\/p>\n<p><strong>BM: O seu sobrenome Cadete, inclusive, \u00e9 uma marca patrim\u00f4nio de seu pai que acabou virando sua tamb\u00e9m.\u00a0<\/strong><\/p>\n<p>CC: Realmente o sobrenome Cadete, falo sempre que usei o nome e nem pago direito autoral (risos). Na realidade, muitos n\u00e3o sabem mas Cadete \u00e9 um apelido, a pouqu\u00edssimo tempo fui ao judici\u00e1rio e pedi para incorporar essa &#8220;marca&#8221;, j\u00e1 que ningu\u00e9m queria me chamar pelo nome e eu tamb\u00e9m.<\/p>\n<p><strong>BM: Interessante que seu pai \u00e9 um dos grandes profissionais da fotografia aqui e hoje voc\u00ea tamb\u00e9m \u00e9 um ex\u00edmio fot\u00f3grafo que a todo instante est\u00e1 registrando o cotidiano das pessoas e da cidade.\u00a0<\/strong><\/p>\n<p>CC: O amor \u00e0 fotografia,eu tenho, pois, nasci dentro de um foto (laborat\u00f3rio). Primeiro foto de meu pai foi em Jaguaribe, no Cear\u00e1. Eu nasci dentro desse ambiente de trabalho que era a pr\u00f3pria casa dele e cresci vendo meu pai fotografar e carregando as m\u00e1quinas. Trabalhei com ele at\u00e9 ir para a universidade, durante o per\u00edodo universit\u00e1rio fazia alguns bicos com ele e voltei apaixonado pela fotografia. Minha especialidade \u00e9 fotografar momentos instant\u00e2neos, o que chamo de fotografar o cotidiano. N\u00e3o me considero um grande fot\u00f3grafo, mas sim, um oportunista em registrar o dia dia das pessoas. Para minha surpresa, a \u00e1rea que escolhi na medicina fotografa as pessoas por dentro, ou seja, os beb\u00eas no \u00fatero da m\u00e3e. Ent\u00e3o trabalho numa \u00e1rea que gosto e amo que \u00e9 a fotografia seja na profiss\u00e3o ou lazer.<!--more--><\/p>\n<p><strong>BM: Voc\u00ea imagina quantos registros fotogr\u00e1ficos voc\u00ea j\u00e1 fez?<\/strong><\/p>\n<p><strong>CC: <\/strong>Nunca contei n\u00e3o, mas, um dia vou contabilizar as que tenho guardadas. Muitas a gente vai jogando fora porque s\u00e3o fotografias ruins e algumas delas realmente n\u00e3o valem a pena serem mostradas. Mas, se tem uma coisa que realmente tenho bastante s\u00e3o registros fotogr\u00e1ficos.<\/p>\n<p><strong>BM: Al\u00e9m dessa paix\u00e3o pelo universo da fotografia que outro hobby voc\u00ea tem? <\/strong><\/p>\n<p><strong>CC:<\/strong> Meu hobby \u00e9 estar com os amigos e minha fam\u00edlia e em segundo lugar gosto muito de viajar, conhecer novas culturas e estudar alguns temas espec\u00edficos da minha \u00e1rea que me apaixona tamb\u00e9m. Agora mesmo quando voc\u00ea chegou, estava estudando, voltei a ser estudante, fa\u00e7o mestrado e doutorado juntamente com mais 20 colegas aqui de Vit\u00f3ria da Conquista, pela Uesb, em parceria com uma nova faculdade de Lisboa. Isso apaixona porque \u00e9 o conhecimento, assim como dar aula que me mant\u00e9m obrigatoriamente atualizado.<\/p>\n<p><strong>BM: Com sua profiss\u00e3o voc\u00ea j\u00e1 ajudou in\u00fameras m\u00e3es a colocarem seus filhos no mundo. Qual a emo\u00e7\u00e3o, mesmo com toda sua experi\u00eancia? <\/strong><\/p>\n<p><strong>CC: <\/strong>\u00c9 sempre uma emo\u00e7\u00e3o, acho o momento do parto sensacional. Confesso a voc\u00ea que uma das coisas que me davam bem estar \u00e9 quando ia para o hospital e voltava durante a madrugada j\u00e1 amanhecendo o dia, ap\u00f3s ter feito o parto, ver aquele amanhecer naquele momento \u00e9 uma das coisas que sempre vou guardar. Hoje por alguns problemas de sa\u00fade, pois, tive alguns com as noites perdidas, n\u00e3o realizo mais partos, fa\u00e7o\u00a0atendimentos, trabalho como m\u00e9dico e continuo cuidando dos beb\u00eas na barriga da m\u00e3e, agora o compromisso de ir realizar o parto, eu n\u00e3o procedo mais, at\u00e9 porque viajo muito por conta das aulas e congressos. Eu me abdiquei de fazer o parto, mas, sinto muita saudade porque \u00e9 uma sensa\u00e7\u00e3o sempre de dever cumprido ao terminar de realizar o procedimento.<\/p>\n<p><strong>BM: O avan\u00e7o da medicina, por exemplo, me recordo da minha filha que est\u00e1 gestante e voc\u00ea fez todos os exames para ver se o feto est\u00e1 direito e todos os procedimentos para atestar a sa\u00fade do beb\u00ea e vejo que na nossa \u00e9poca as m\u00e3es deviam sofrer bastante para dar \u00e0 luz. Como voc\u00ea separa essas duas situa\u00e7\u00f5es e esses dois momentos em \u00e9pocas distintas? <\/strong><\/p>\n<p><strong>CC: <\/strong>Eu tenho trinta e um anos de formado, quando comecei o ultrassom estava come\u00e7ando e n\u00e3o se via o beb\u00ea como hoje. Muitas vezes realiz\u00e1vamos os partos sem nenhum conhecimento do que viria ali dentro da barriga, \u00e0s vezes tinha muita m\u00e1 forma\u00e7\u00e3o fetal por conta dos equipamentos antigos e que n\u00e3o v\u00edamos. Hoje, com avan\u00e7o da tecnologia voc\u00ea tem uma medicina que acompanha esses avan\u00e7os e j\u00e1 \u00e9 poss\u00edvel visualizar o beb\u00ea por completo. Temos uma tecnologia chamada <em>HD life<\/em>, onde voc\u00ea pode tirar uma foto que parece igual ao momento que o beb\u00ea est\u00e1 fora da barriga da gestante. \u00d3bvio que n\u00e3o conseguimos em todos os casos pois depende da posi\u00e7\u00e3o do feto e idade da gesta\u00e7\u00e3o tamb\u00e9m. A medicina evoluiu bastante, antigamente faz\u00edamos bem o exerc\u00edcio da profiss\u00e3o, mas, \u00e9ramos limitados por conta desse n\u00e3o avan\u00e7o. Atualmente se tem tantas novidades na \u00e1rea m\u00e9dica que faz com que a ansiedade da m\u00e3e diminua mantendo tamb\u00e9m um parto seguro, e o \u00a0m\u00e9dico fica mais confiante porque ele tem um aliado ao seu lado que \u00e9 um conhecimento tecnol\u00f3gico aceito mundialmente.<\/p>\n<p><strong>BM: Voc\u00ea nesses anos de profiss\u00e3o d\u00e1 para descrever a sensa\u00e7\u00e3o de uma m\u00e3e que gerou um filho, por\u00e9m, sem vida? Qual o semblante dela?<\/strong><\/p>\n<p><strong>CC:<\/strong> O semblante \u00e9 de luto, uma coisa muito triste e um sil\u00eancio total. \u00c9 um vel\u00f3rio como qualquer outro e o fato de ser um feto n\u00e3o afasta o luto tanto que tem mulheres que abortam no in\u00edcio da gravidez e o sentimento delas \u00e9 realmente a perda de um filho. Algumas delas quando sabem que est\u00e3o gr\u00e1vidas e descobrem o sexo do beb\u00ea logo j\u00e1 colocam o nome. A partir da\u00ed elas vivem intensamente essa rela\u00e7\u00e3o com esse filho, vivem esse momento e choram nessa situa\u00e7\u00e3o. E a gente tem que deixar esse tempo com elas. A contribui\u00e7\u00e3o da ultrassonografia foi trazer o beb\u00ea para o centro da discuss\u00e3o e trazer o pai para mais pr\u00f3ximo do acompanhamento da gesta\u00e7\u00e3o porque, logo que me formei a gente s\u00f3 conhecia o pai na hora do parto. Com esses avan\u00e7os que possibilitaram acompanhar e descobrir o sexo do beb\u00ea muitos pais querem ir aos exames acompanhar suas esposas. A gravidez virou dessa forma uma grande festa e isso que realmente prop\u00f5e esse momento. Esses exames tamb\u00e9m permitiram que o beb\u00ea com m\u00e1 forma\u00e7\u00e3o seja melhor aceito n\u00e3o se tem mais aquele impacto que era um nascimento de um beb\u00ea, por exemplo, com down, que \u00e9 um beb\u00ea perfeitamente normal, apenas com um atraso em seu desenvolvimento que poder ser melhorado com uma estimula\u00e7\u00e3o precoce.<\/p>\n<p><strong>BM: Cadete, porque costumam serem t\u00e3o d\u00f3ceis essas crian\u00e7as especiais?<\/strong><\/p>\n<p>CC: Eu costumo dizer que elas s\u00e3o especiais, e s\u00e3o desta forma n\u00e3o porque s\u00e3o diferentes, mas sim, pelo fato de serem carinhosas, amadas e s\u00e3o muito am\u00e1veis, parece que faz parte da pr\u00f3pria s\u00edndrome como se fosse uma coisa cong\u00eanita. Todas as m\u00e3es ao saberem que v\u00e3o ter um filho down, de in\u00edcio ficam chocadas ap\u00f3s alguns anos quando voltam ao consult\u00f3rio elas declaram que aquele filho \u00e9 a vida delas porque eles unem todos ao seu redor, inclusive a fam\u00edlia. J\u00e1 li algo a respeito de empresas que recrutam e contratam esses pacientes portadores de down porque eles s\u00e3o fi\u00e9is realizando o trabalho da forma exata como se \u00e9 pedido.<\/p>\n<p><strong>BM: O que leva na verdade o casal a ter um filho com s\u00edndrome de down?<\/strong><\/p>\n<p>CC: O que acontece \u00e9 o envelhecimento do \u00f3vulo ou do espermatozoide. Em 90% dos casos, do \u00f3vulo, geralmente \u00e9 uma mulher que j\u00e1 veio com \u00f3vulo formatado na gravidez. Quando uma mulher nasce ela tem um milh\u00e3o de \u00f3vulos, dentro da barriga da m\u00e3e ela tem seis milh\u00f5es de \u00f3vulos que teoricamente gerariam seis milh\u00f5es de pessoas, e quando ela menstrua a primeira vez ela tem 400 mil em m\u00e9dia, isso corresponde a quatrocentas menstrua\u00e7\u00f5es \u00a0em toda sua \u00a0vida, porque cada menstrua\u00e7\u00e3o leva cerca de mil \u00f3vulos. Esse \u00f3vulo sendo disposto j\u00e1 est\u00e1 pr\u00e9-moldado desde aquela \u00e9poca dentro da barriga, ent\u00e3o ficou no congelador por muito tempo. Alguns deles t\u00eam um defeito que pode causar o beb\u00ea com s\u00edndrome de down, quando junto ao espermatozoide. E acontecem com mulheres em idade mais avan\u00e7ada que demoraram a usar os \u00f3vulos. Acontecem casos tamb\u00e9m com mulheres mais novas, por\u00e9m, mais raros. Por isso que para as mulheres \u00e9 melhor se pensar a gravidez antes dos 35 anos per\u00edodo em que os \u00f3vulos ainda est\u00e3o muito bons.<\/p>\n<p><strong>BM: Em algum momento voc\u00ea presenciou a m\u00e3e com sentimento de repulsa ao saber que o filho (a) poderia nascer com a s\u00edndrome?<\/strong><\/p>\n<p>CC: Nunca tive nenhuma paciente que teve repulsa para isso, j\u00e1 tive em homens, os pais, que acabam sendo vencidos. Mas a m\u00e3e por ser um beb\u00ea que est\u00e1 dentro dela \u00e9 muito dif\u00edcil que isso aconte\u00e7a. Ap\u00f3s realizarmos os exames e dentro da pr\u00f3pria gravidez existe um trabalho que esse homem come\u00e7a a se conscientizar. Um dos diagn\u00f3sticos que a gente faz \u00a0aproximadamente no terceiro m\u00eas de gravidez \u00e9 um exame chamado transluc\u00eancia nucal, que mede a nuca desse beb\u00ea. Quando ele est\u00e1 alterado existe uma probabilidade de o indiv\u00edduo vir com s\u00edndrome de down e para se ter a certeza voc\u00ea furava a barriga da gestante e tirava um pouco da placenta ou do l\u00edquido amni\u00f3tico e mandava para an\u00e1lise. H\u00e1 mais ou menos cinco anos uma parte dessas mulheres n\u00e3o queria fazer esse exame porque queria o filho do jeito que viesse. A pr\u00f3pria m\u00eddia tem ajudado bastante atrav\u00e9s de mat\u00e9rias e programas de televis\u00e3o que esclarecem sobre os portadores dessa s\u00edndrome. O paciente com down tem sua independ\u00eancia, sua sexualidade, casam entre si e tem sua liberdade n\u00e3o vivendo \u00e0 margem da sociedade como muitos pensavam.<\/p>\n<p><strong>BM: Cadete, vi algo recentemente sobre um caso de um homem com 40 anos e uma namorada de apenas 11 anos e gr\u00e1vida. O que pode acontecer com essa garota e esse beb\u00ea?<\/strong><\/p>\n<p>CC: Isso \u00e9 horr\u00edvel porque ela est\u00e1 queimando v\u00e1rias etapas de sua vida. Biologicamente uma mulher pode engravidar na primeira ovula\u00e7\u00e3o que tiver, mas pela regra da nossa sociedade n\u00e3o \u00e9 normal que uma garota de onze anos esteja nesse est\u00e1gio at\u00e9 porque nessa idade ela deveria estar na escola e vivenciando coisas comuns a faixa et\u00e1ria dela. Numa gravidez \u00e9 preciso que o corpo esteja j\u00e1 preparado a fim de se manter e se ter uma gesta\u00e7\u00e3o sadia \u00a0e uma menina com essa idade j\u00e1 gestante acaba \u201cestragando\u201d o seu<span style=\"line-height: 1.5;\">\u00a0organismo precocemente.<\/span><\/p>\n<p><strong>BM: Quais os malef\u00edcios que podem levar o \u00e1lcool e o cigarro para gestante e o seu beb\u00ea ?<\/strong><\/p>\n<p>CC: O cigarro \u00e9 terr\u00edvel porque al\u00e9m do comprometimento da sa\u00fade podendo levar ao c\u00e2ncer de pulm\u00e3o, ele produz uma diminui\u00e7\u00e3o do fluxo sangu\u00edneo para o beb\u00ea. Ent\u00e3o um dos problemas \u00e9 a restri\u00e7\u00e3o de oxigena\u00e7\u00e3o e nutrientes para o feto. Ele pode nascer com diminui\u00e7\u00e3o de peso e alguns defeitos do metabolismo em decorr\u00eancia dos nutrientes que faltaram por conta do fumo durante a gravidez. J\u00e1 o \u00e1lcool causa restri\u00e7\u00e3o de crescimento, dist\u00farbios neuronais e psicomotores.<\/p>\n<p><strong>BM: Voc\u00ea falou que um de seus hobbies \u00e9 viajar evidentemente pela divers\u00e3o e tamb\u00e9m para aprofundar seu conhecimento profissional. Como voc\u00ea pr\u00f3prio confessou, n\u00e3o \u00e9?<\/strong><\/p>\n<p>CC: Eu gosto muito de viajar e vou a muitos congressos e aproveito alguns deles para d\u00e1 uma esticadinha de dois ou tr\u00eas dias.<\/p>\n<p><strong>BM: Mesmo assim Vit\u00f3ria da Conquista \u00e9 uma cidade que lhe satisfaz?<\/strong><\/p>\n<p>CC: Muito, falo para todo mundo que n\u00e3o troco Vit\u00f3ria da Conquista por lugar nenhum. \u00c9 uma cidade maravilhosa e que tem coisas que nenhum outro lugar tem, a exemplo do clima, que \u00e9 bastante peculiar.<\/p>\n<p><strong>BM: N\u00f3s temos uma medicina avan\u00e7ada aqui na cidade principalmente a privada porque a da rede p\u00fablica como em todo pa\u00eds ainda carece de mais investimentos e repara\u00e7\u00f5es. Mas, a medicina privada \u00e9 bastante forte. Voc\u00ea a v\u00ea desta maneira?<\/strong><\/p>\n<p>CC: Ela \u00e9 forte, por\u00e9m, ainda falta muita coisa. Porque ainda n\u00e3o temos um leque de op\u00e7\u00f5es, pois, a medicina \u00e9 cara e precisa de investimento p\u00fablico tamb\u00e9m. Na parte de oncologia que \u00e9 uma \u00e1rea de alta complexidade e n\u00f3s precisamos do poder p\u00fablico para funcionar n\u00e3o podemos ficar atrelado s\u00f3 \u00e0 esfera privada. A \u00e1rea de radiologia de grande porte, por exemplo, precisa desse incentivo p\u00fablico para se manter atuante. O problema da sa\u00fade \u00e9 que ela \u00e9 altamente custosa. O governo mesmo em alguns casos opta por um procedimento mais barato at\u00e9 por n\u00e3o dispor financeiramente do dinheiro para o recurso exigido. Nossa popula\u00e7\u00e3o tamb\u00e9m ainda \u00e9 muito pobre e muitas vezes n\u00e3o consegue custear a manuten\u00e7\u00e3o ou aquisi\u00e7\u00e3o desses equipamentos.<\/p>\n<p><strong>BM: Voc\u00ea acredita que existe uma solu\u00e7\u00e3o bem perto da gente para que isso mude em todo pa\u00eds? Depende da gest\u00e3o ou de alguma coisa macro que precisa ser feita?<\/strong><\/p>\n<p>CC: Acho que precisa de uma mudan\u00e7a macro, tem que vir investimentos para o estado e os munic\u00edpios. Recebi da Associa\u00e7\u00e3o Brasileira de Obstetr\u00edcia e Ginecologia da Bahia (SOGIB), a informa\u00e7\u00e3o que o Hospital Santo Amaro, em Salvador, refer\u00eancia em parto fechou as emerg\u00eancias recentemente. O governo s\u00f3 fechou maternidades, voc\u00ea chega e vem fazer um parto aqui em Vit\u00f3ria da Conquista e muitas vezes \u00e9 um sacrif\u00edcio n\u00e3o tinha vaga nem mesmo em hospitais privados. Em S\u00e3o Paulo foram v\u00e1rias maternidades p\u00fablicas fechadas e na Bahia tamb\u00e9m.<\/p>\n<p><strong>BM: Se houver um crit\u00e9rio de gest\u00e3o para a sa\u00fade p\u00fablica \u00e9 poss\u00edvel fazer uma medicina que assista e atenda \u00e0s demandas que temos no pa\u00eds?<\/strong><\/p>\n<p>CC: N\u00e3o \u00e9 s\u00f3 a medicina que tem que melhorar, mas o social como todo. Porque os hospitais s\u00f3 andam lotados? Tem que ter pol\u00edticas p\u00fablicas para evitar isso. Agora mesmo \u00a0temos um problema s\u00e9rio, a zika juntamente com a microcefalia que s\u00e3o beb\u00eas que est\u00e3o com o di\u00e2metro da cabe\u00e7a diminuto n\u00e3o crescendo adequadamente. Eles v\u00e3o nascer e terem problemas neurol\u00f3gicos. \u00a0Ent\u00e3o \u00e9 preciso combater o mosquito aedes aegypti, e para isso precisamos conscientizar essa popula\u00e7\u00e3o e o governo dar assist\u00eancia para que essas pessoas possam sair da mis\u00e9ria em que se encontram.<\/p>\n<p><strong>BM: O que \u00e9 caro na medicina, s\u00e3o os equipamentos, medicamentos ou custo com os m\u00e9dicos?<\/strong><\/p>\n<p>CC: Tudo \u00e9 caro na medicina, at\u00e9 a nossa forma\u00e7\u00e3o. Os cursos, as especializa\u00e7\u00f5es e os equipamentos todos custam bastante caro. Os custos operacionais aumentaram muito e n\u00f3s n\u00e3o podemos fazer os repasses pelo plano de sa\u00fade, pois o governo pro\u00edbe, e para popula\u00e7\u00e3o n\u00e3o daria porque ela n\u00e3o suporta. \u00a0Ela \u00e9 cara por isso por esse conjunto de fatores.<\/p>\n<p><strong>BM: O Cadete m\u00e9dico pensa em voltar a realizar partos?<\/strong><\/p>\n<p>CC: Estou pensando em voltar e eu gosto muito disso vai depender apenas de minha sa\u00fade.<\/p>\n","protected":false},"excerpt":{"rendered":"<p>Clodoaldo Cadete \u00e9 m\u00e9dico e apaixonado por fotografia, ele me recebeu em sua resid\u00eancia para um bate papo sobre sa\u00fade e a magia do universo fotogr\u00e1fico. BM: O seu sobrenome Cadete, inclusive, \u00e9 uma marca patrim\u00f4nio de seu pai que acabou virando sua tamb\u00e9m.\u00a0 CC: Realmente o sobrenome Cadete, falo sempre que usei o nome [&hellip;]<\/p>\n","protected":false},"author":3,"featured_media":264,"comment_status":"open","ping_status":"open","sticky":false,"template":"","format":"standard","meta":[],"categories":[6],"tags":[],"_links":{"self":[{"href":"https:\/\/www.blogdomassinha.com.br\/v1\/wp-json\/wp\/v2\/posts\/263"}],"collection":[{"href":"https:\/\/www.blogdomassinha.com.br\/v1\/wp-json\/wp\/v2\/posts"}],"about":[{"href":"https:\/\/www.blogdomassinha.com.br\/v1\/wp-json\/wp\/v2\/types\/post"}],"author":[{"embeddable":true,"href":"https:\/\/www.blogdomassinha.com.br\/v1\/wp-json\/wp\/v2\/users\/3"}],"replies":[{"embeddable":true,"href":"https:\/\/www.blogdomassinha.com.br\/v1\/wp-json\/wp\/v2\/comments?post=263"}],"version-history":[{"count":3,"href":"https:\/\/www.blogdomassinha.com.br\/v1\/wp-json\/wp\/v2\/posts\/263\/revisions"}],"predecessor-version":[{"id":269,"href":"https:\/\/www.blogdomassinha.com.br\/v1\/wp-json\/wp\/v2\/posts\/263\/revisions\/269"}],"wp:featuredmedia":[{"embeddable":true,"href":"https:\/\/www.blogdomassinha.com.br\/v1\/wp-json\/wp\/v2\/media\/264"}],"wp:attachment":[{"href":"https:\/\/www.blogdomassinha.com.br\/v1\/wp-json\/wp\/v2\/media?parent=263"}],"wp:term":[{"taxonomy":"category","embeddable":true,"href":"https:\/\/www.blogdomassinha.com.br\/v1\/wp-json\/wp\/v2\/categories?post=263"},{"taxonomy":"post_tag","embeddable":true,"href":"https:\/\/www.blogdomassinha.com.br\/v1\/wp-json\/wp\/v2\/tags?post=263"}],"curies":[{"name":"wp","href":"https:\/\/api.w.org\/{rel}","templated":true}]}}