{"id":25884,"date":"2021-01-08T13:35:33","date_gmt":"2021-01-08T16:35:33","guid":{"rendered":"http:\/\/www.blogdomassinha.com.br\/v1\/?p=25884"},"modified":"2021-01-08T13:35:33","modified_gmt":"2021-01-08T16:35:33","slug":"sessao-historica-delibera-sobre-posse-virtual-do-prefeito-herzem-gusmao-dude-presidente-da-casa-fala-sobre-o-ato","status":"publish","type":"post","link":"https:\/\/www.blogdomassinha.com.br\/v1\/2021\/01\/08\/sessao-historica-delibera-sobre-posse-virtual-do-prefeito-herzem-gusmao-dude-presidente-da-casa-fala-sobre-o-ato\/","title":{"rendered":"Sess\u00e3o hist\u00f3rica delibera sobre posse virtual do prefeito Herzem Gusm\u00e3o. Dud\u00e9, presidente da Casa, fala sobre o ato"},"content":{"rendered":"<p class=\"p1\" style=\"text-align: justify;\"><span class=\"s1\"><a href=\"http:\/\/www.blogdomassinha.com.br\/v1\/wp-content\/uploads\/2018\/07\/5AC1B18C-59C2-4600-9F44-C25B716D0814.jpeg\" class=\"gallery_colorbox\"><img loading=\"lazy\" class=\"aligncenter size-medium wp-image-13280\" src=\"http:\/\/www.blogdomassinha.com.br\/v1\/wp-content\/uploads\/2018\/07\/5AC1B18C-59C2-4600-9F44-C25B716D0814-300x195.jpeg\"  alt=\"Dude\" width=\"300\" height=\"195\" srcset=\"https:\/\/www.blogdomassinha.com.br\/v1\/wp-content\/uploads\/2018\/07\/5AC1B18C-59C2-4600-9F44-C25B716D0814-300x195.jpeg 300w, https:\/\/www.blogdomassinha.com.br\/v1\/wp-content\/uploads\/2018\/07\/5AC1B18C-59C2-4600-9F44-C25B716D0814.jpeg 847w\" sizes=\"(max-width: 300px) 100vw, 300px\" \/><\/a><br \/>\nNa manh\u00e3 de hoje fui \u00e0 C\u00e2mara de Vereadores de Vit\u00f3ria da Conquista saber do presidente Carlos Dud\u00e9 qual a sua expectativa desse ato hist\u00f3rico, cercado de muitas d\u00favidas em rela\u00e7\u00e3o a sua legitimidade, pois se trata da posse virtual do prefeito Herzem Gusm\u00e3o, que se encontra em S\u00e3o Paulo recuperando a sua sa\u00fade depois de ter contra\u00eddo a COVID-19.<\/span><!--more--><\/p>\n<p class=\"p1\" style=\"text-align: justify;\"><span class=\"s1\">O presidente se encontrava em reuni\u00e3o com a sua assessoria de imprensa, j\u00e1 ultimando os preparativos para a Sess\u00e3o de logo mais que \u00e9 aguardada com muita expectativa por toda a popula\u00e7\u00e3o conquistense.<\/span><\/p>\n<p class=\"p1\" style=\"text-align: justify;\"><span class=\"s1\">\u00c9 bom lembrar que o ato se reveste da mais alta import\u00e2ncia, pois se trata de uma quest\u00e3o humanit\u00e1ria, portanto, por mais r\u00edgido que seja o Regimento Interno do Legislativo Conquistense, o caso \u00e9 omisso, n\u00e3o consta nas p\u00e1ginas do estatuto, por isso a sensibilidade humana recomenda que o ato seja visto com muita prud\u00eancia, sem dizer com isso que os senhores vereadores dever\u00e3o ignorar a lei. <\/span><\/p>\n<p class=\"p1\" style=\"text-align: justify;\"><span class=\"s1\">Veja o que diz o presidente Carlos Dud\u00e9: \u201cA nossa expectativa \u00e9 que a sess\u00e3o ocorra de forma tranquila, sem problemas, pois antes fizemos uma reuni\u00e3o com as duas bancadas para chegarmos a um consenso. Todos entenderam a situa\u00e7\u00e3o e se mostraram solid\u00e1rios, at\u00e9 porque \u00e9 uma situa\u00e7\u00e3o at\u00edpica, algo que a gente est\u00e1 vendo pela primeira vez na hist\u00f3ria. O prefeito \u00e9 uma<span class=\"Apple-converted-space\">\u00a0 <\/span>v\u00edtima da Covid-19, foi eleito democraticamente e sua posse \u00e9 justa, por isso acredito que as coisas v\u00e3o acontecer sem maiores problemas.\u201d<\/span><\/p>\n","protected":false},"excerpt":{"rendered":"<p>Na manh\u00e3 de hoje fui \u00e0 C\u00e2mara de Vereadores de Vit\u00f3ria da Conquista saber do presidente Carlos Dud\u00e9 qual a sua expectativa desse ato hist\u00f3rico, cercado de muitas d\u00favidas em rela\u00e7\u00e3o a sua legitimidade, pois se trata da posse virtual do prefeito Herzem Gusm\u00e3o, que se encontra em S\u00e3o Paulo recuperando a sua sa\u00fade depois [&hellip;]<\/p>\n","protected":false},"author":3,"featured_media":13280,"comment_status":"open","ping_status":"open","sticky":false,"template":"","format":"standard","meta":[],"categories":[7,2],"tags":[],"_links":{"self":[{"href":"https:\/\/www.blogdomassinha.com.br\/v1\/wp-json\/wp\/v2\/posts\/25884"}],"collection":[{"href":"https:\/\/www.blogdomassinha.com.br\/v1\/wp-json\/wp\/v2\/posts"}],"about":[{"href":"https:\/\/www.blogdomassinha.com.br\/v1\/wp-json\/wp\/v2\/types\/post"}],"author":[{"embeddable":true,"href":"https:\/\/www.blogdomassinha.com.br\/v1\/wp-json\/wp\/v2\/users\/3"}],"replies":[{"embeddable":true,"href":"https:\/\/www.blogdomassinha.com.br\/v1\/wp-json\/wp\/v2\/comments?post=25884"}],"version-history":[{"count":1,"href":"https:\/\/www.blogdomassinha.com.br\/v1\/wp-json\/wp\/v2\/posts\/25884\/revisions"}],"predecessor-version":[{"id":25885,"href":"https:\/\/www.blogdomassinha.com.br\/v1\/wp-json\/wp\/v2\/posts\/25884\/revisions\/25885"}],"wp:featuredmedia":[{"embeddable":true,"href":"https:\/\/www.blogdomassinha.com.br\/v1\/wp-json\/wp\/v2\/media\/13280"}],"wp:attachment":[{"href":"https:\/\/www.blogdomassinha.com.br\/v1\/wp-json\/wp\/v2\/media?parent=25884"}],"wp:term":[{"taxonomy":"category","embeddable":true,"href":"https:\/\/www.blogdomassinha.com.br\/v1\/wp-json\/wp\/v2\/categories?post=25884"},{"taxonomy":"post_tag","embeddable":true,"href":"https:\/\/www.blogdomassinha.com.br\/v1\/wp-json\/wp\/v2\/tags?post=25884"}],"curies":[{"name":"wp","href":"https:\/\/api.w.org\/{rel}","templated":true}]}}