{"id":25378,"date":"2020-12-08T14:04:13","date_gmt":"2020-12-08T17:04:13","guid":{"rendered":"http:\/\/www.blogdomassinha.com.br\/v1\/?p=25378"},"modified":"2020-12-08T14:04:13","modified_gmt":"2020-12-08T17:04:13","slug":"rui-e-neto-juntos","status":"publish","type":"post","link":"https:\/\/www.blogdomassinha.com.br\/v1\/2020\/12\/08\/rui-e-neto-juntos\/","title":{"rendered":"Rui e Neto juntos!"},"content":{"rendered":"<p class=\"p1\" style=\"text-align: justify;\"><a href=\"http:\/\/www.blogdomassinha.com.br\/v1\/wp-content\/uploads\/2020\/07\/43553657-054B-49FA-8A02-B64F5847DC9E.jpeg\" class=\"gallery_colorbox\"><img loading=\"lazy\" class=\"aligncenter size-medium wp-image-22898\" src=\"http:\/\/www.blogdomassinha.com.br\/v1\/wp-content\/uploads\/2020\/07\/43553657-054B-49FA-8A02-B64F5847DC9E-300x221.jpeg\"  alt=\"43553657-054B-49FA-8A02-B64F5847DC9E\" width=\"300\" height=\"221\" srcset=\"https:\/\/www.blogdomassinha.com.br\/v1\/wp-content\/uploads\/2020\/07\/43553657-054B-49FA-8A02-B64F5847DC9E-300x221.jpeg 300w, https:\/\/www.blogdomassinha.com.br\/v1\/wp-content\/uploads\/2020\/07\/43553657-054B-49FA-8A02-B64F5847DC9E.jpeg 380w\" sizes=\"(max-width: 300px) 100vw, 300px\" \/><\/a><\/p>\n<p class=\"p1\" style=\"text-align: justify;\"><span class=\"s1\">Depois das declara\u00e7\u00f5es do prefeito de Salvador, ACM Neto, que podem ter azedado as rela\u00e7\u00f5es intistucionais entre o presidente nacional do DEM e o governador petista Rui Costa, os dois voltaram a conversar sobre o alto \u00edndice de contamina\u00e7\u00e3o pela Covid-19 em todo o estado, ap\u00f3s um relaxamento por parte da popula\u00e7\u00e3o.<\/span><!--more--><\/p>\n<p class=\"p1\" style=\"text-align: justify;\"><span class=\"s1\">Neto deixou claro, em entrevista a \u00f3rg\u00e3os de imprensa da capital, que o limite do bom entendimento entre as partes n\u00e3o significa que ele teria que ouvir palavras que viessem a ferir os interesses ideol\u00f3gicos do seu grupo pol\u00edtico: \u201cfaremos uma grande festa na virada do ano, o resto \u00e9 inveja\u201d, palavras dirigidas ao senador Wagner que teria feito cr\u00edticas \u00e0 contrata\u00e7\u00e3o de um artista sertanejo al\u00e9m da baiana Ivete.<\/span><\/p>\n<p class=\"p1\" style=\"text-align: justify;\"><span class=\"s1\">N\u00e3o obstante esse ru\u00eddo, os dois gestores ignoraram as poss\u00edveis consequ\u00eancias pol\u00edticas partid\u00e1rias e tiveram a grandeza de sentar mais uma vez para discutirem a sa\u00fade dos baianos. Cremos que assim ser\u00e1 muito melhor para todos.<\/span><\/p>\n<p class=\"p1\" style=\"text-align: justify;\"><span class=\"s1\">Em tempo: o prefeito ACM Neto cancelou a programa\u00e7\u00e3o anunciada, far\u00e1 apenas a queima de fogos, sem anunciar os locais para evitar aglomera\u00e7\u00f5es.<\/span><\/p>\n","protected":false},"excerpt":{"rendered":"<p>Depois das declara\u00e7\u00f5es do prefeito de Salvador, ACM Neto, que podem ter azedado as rela\u00e7\u00f5es intistucionais entre o presidente nacional do DEM e o governador petista Rui Costa, os dois voltaram a conversar sobre o alto \u00edndice de contamina\u00e7\u00e3o pela Covid-19 em todo o estado, ap\u00f3s um relaxamento por parte da popula\u00e7\u00e3o.<\/p>\n","protected":false},"author":3,"featured_media":22898,"comment_status":"open","ping_status":"open","sticky":false,"template":"","format":"standard","meta":[],"categories":[7,2],"tags":[],"_links":{"self":[{"href":"https:\/\/www.blogdomassinha.com.br\/v1\/wp-json\/wp\/v2\/posts\/25378"}],"collection":[{"href":"https:\/\/www.blogdomassinha.com.br\/v1\/wp-json\/wp\/v2\/posts"}],"about":[{"href":"https:\/\/www.blogdomassinha.com.br\/v1\/wp-json\/wp\/v2\/types\/post"}],"author":[{"embeddable":true,"href":"https:\/\/www.blogdomassinha.com.br\/v1\/wp-json\/wp\/v2\/users\/3"}],"replies":[{"embeddable":true,"href":"https:\/\/www.blogdomassinha.com.br\/v1\/wp-json\/wp\/v2\/comments?post=25378"}],"version-history":[{"count":1,"href":"https:\/\/www.blogdomassinha.com.br\/v1\/wp-json\/wp\/v2\/posts\/25378\/revisions"}],"predecessor-version":[{"id":25379,"href":"https:\/\/www.blogdomassinha.com.br\/v1\/wp-json\/wp\/v2\/posts\/25378\/revisions\/25379"}],"wp:featuredmedia":[{"embeddable":true,"href":"https:\/\/www.blogdomassinha.com.br\/v1\/wp-json\/wp\/v2\/media\/22898"}],"wp:attachment":[{"href":"https:\/\/www.blogdomassinha.com.br\/v1\/wp-json\/wp\/v2\/media?parent=25378"}],"wp:term":[{"taxonomy":"category","embeddable":true,"href":"https:\/\/www.blogdomassinha.com.br\/v1\/wp-json\/wp\/v2\/categories?post=25378"},{"taxonomy":"post_tag","embeddable":true,"href":"https:\/\/www.blogdomassinha.com.br\/v1\/wp-json\/wp\/v2\/tags?post=25378"}],"curies":[{"name":"wp","href":"https:\/\/api.w.org\/{rel}","templated":true}]}}