{"id":23826,"date":"2020-09-17T12:43:58","date_gmt":"2020-09-17T15:43:58","guid":{"rendered":"http:\/\/www.blogdomassinha.com.br\/v1\/?p=23826"},"modified":"2020-09-17T12:43:58","modified_gmt":"2020-09-17T15:43:58","slug":"enfim-o-psdb-ratifica-apoio-ao-mdb","status":"publish","type":"post","link":"https:\/\/www.blogdomassinha.com.br\/v1\/2020\/09\/17\/enfim-o-psdb-ratifica-apoio-ao-mdb\/","title":{"rendered":"Enfim o PSDB ratifica apoio ao MDB"},"content":{"rendered":"<p style=\"text-align: justify;\"><a href=\"http:\/\/www.blogdomassinha.com.br\/v1\/wp-content\/uploads\/2020\/09\/IMG-20200916-WA0047.jpg\" class=\"gallery_colorbox\"><img loading=\"lazy\" class=\"aligncenter size-medium wp-image-23828\" src=\"http:\/\/www.blogdomassinha.com.br\/v1\/wp-content\/uploads\/2020\/09\/IMG-20200916-WA0047-300x169.jpg\"  alt=\"IMG-20200916-WA0047\" width=\"300\" height=\"169\" srcset=\"https:\/\/www.blogdomassinha.com.br\/v1\/wp-content\/uploads\/2020\/09\/IMG-20200916-WA0047-300x169.jpg 300w, https:\/\/www.blogdomassinha.com.br\/v1\/wp-content\/uploads\/2020\/09\/IMG-20200916-WA0047-1024x576.jpg 1024w, https:\/\/www.blogdomassinha.com.br\/v1\/wp-content\/uploads\/2020\/09\/IMG-20200916-WA0047.jpg 1032w\" sizes=\"(max-width: 300px) 100vw, 300px\" \/><\/a><\/p>\n<p style=\"text-align: justify;\">Na \u00faltima segunda-feira o PSDB de Vit\u00f3ria da Conquista realizou conven\u00e7\u00e3o partid\u00e1ria confirmando o que at\u00e9 o Papa Francisco j\u00e1 sabia, o apoio foi mesmo para o MDB, partido do prefeito Herzem Gusm\u00e3o e pelo qual o gestor conquistense disputar\u00e1 a reelei\u00e7\u00e3o.<\/p>\n<p style=\"text-align: justify;\">O presidente Claudionor Dutra, acompanhado do seu par de diret\u00f3rio, recepcionou a vice-prefeita Irma Lemos que compareceu ao ato prestigiando e agradecendo o apoio.<!--more--><a href=\"http:\/\/www.blogdomassinha.com.br\/v1\/wp-content\/uploads\/2020\/09\/IMG-20200916-WA0045.jpg\" class=\"gallery_colorbox\"><img loading=\"lazy\" class=\"aligncenter size-medium wp-image-23829\" src=\"http:\/\/www.blogdomassinha.com.br\/v1\/wp-content\/uploads\/2020\/09\/IMG-20200916-WA0045-300x225.jpg\"  alt=\"IMG-20200916-WA0045\" width=\"300\" height=\"225\" srcset=\"https:\/\/www.blogdomassinha.com.br\/v1\/wp-content\/uploads\/2020\/09\/IMG-20200916-WA0045-300x225.jpg 300w, https:\/\/www.blogdomassinha.com.br\/v1\/wp-content\/uploads\/2020\/09\/IMG-20200916-WA0045-1024x768.jpg 1024w, https:\/\/www.blogdomassinha.com.br\/v1\/wp-content\/uploads\/2020\/09\/IMG-20200916-WA0045.jpg 1280w\" sizes=\"(max-width: 300px) 100vw, 300px\" \/><\/a><\/p>\n<p style=\"text-align: justify;\">Na oportunidade, os tucanos homologaram os nomes dos candidatos \u00e0 verea\u00e7\u00e3o.<br \/>\nAgora a coliga\u00e7\u00e3o que apoia Herzem e Sheila \u00e9 composta pelo MDB, DEM, PTB, PSDB, PODEMOS, Republicanos e PROS.<br \/>\nOs candidatos Z\u00e9 Raimundo e Herzem ter\u00e3o aproximadamente o mesmo tempo de TV para levarem suas mensagens aos eleitores.<\/p>\n<p style=\"text-align: justify;\"><a href=\"http:\/\/www.blogdomassinha.com.br\/v1\/wp-content\/uploads\/2020\/09\/IMG-20200916-WA0046.jpg\" class=\"gallery_colorbox\"><img loading=\"lazy\" class=\"aligncenter size-medium wp-image-23827\" src=\"http:\/\/www.blogdomassinha.com.br\/v1\/wp-content\/uploads\/2020\/09\/IMG-20200916-WA0046-300x225.jpg\"  alt=\"IMG-20200916-WA0046\" width=\"300\" height=\"225\" srcset=\"https:\/\/www.blogdomassinha.com.br\/v1\/wp-content\/uploads\/2020\/09\/IMG-20200916-WA0046-300x225.jpg 300w, https:\/\/www.blogdomassinha.com.br\/v1\/wp-content\/uploads\/2020\/09\/IMG-20200916-WA0046-1024x768.jpg 1024w, https:\/\/www.blogdomassinha.com.br\/v1\/wp-content\/uploads\/2020\/09\/IMG-20200916-WA0046.jpg 1280w\" sizes=\"(max-width: 300px) 100vw, 300px\" \/><\/a><\/p>\n","protected":false},"excerpt":{"rendered":"<p>Na \u00faltima segunda-feira o PSDB de Vit\u00f3ria da Conquista realizou conven\u00e7\u00e3o partid\u00e1ria confirmando o que at\u00e9 o Papa Francisco j\u00e1 sabia, o apoio foi mesmo para o MDB, partido do prefeito Herzem Gusm\u00e3o e pelo qual o gestor conquistense disputar\u00e1 a reelei\u00e7\u00e3o. O presidente Claudionor Dutra, acompanhado do seu par de diret\u00f3rio, recepcionou a vice-prefeita [&hellip;]<\/p>\n","protected":false},"author":3,"featured_media":23828,"comment_status":"open","ping_status":"open","sticky":false,"template":"","format":"standard","meta":[],"categories":[7,2],"tags":[],"_links":{"self":[{"href":"https:\/\/www.blogdomassinha.com.br\/v1\/wp-json\/wp\/v2\/posts\/23826"}],"collection":[{"href":"https:\/\/www.blogdomassinha.com.br\/v1\/wp-json\/wp\/v2\/posts"}],"about":[{"href":"https:\/\/www.blogdomassinha.com.br\/v1\/wp-json\/wp\/v2\/types\/post"}],"author":[{"embeddable":true,"href":"https:\/\/www.blogdomassinha.com.br\/v1\/wp-json\/wp\/v2\/users\/3"}],"replies":[{"embeddable":true,"href":"https:\/\/www.blogdomassinha.com.br\/v1\/wp-json\/wp\/v2\/comments?post=23826"}],"version-history":[{"count":1,"href":"https:\/\/www.blogdomassinha.com.br\/v1\/wp-json\/wp\/v2\/posts\/23826\/revisions"}],"predecessor-version":[{"id":23830,"href":"https:\/\/www.blogdomassinha.com.br\/v1\/wp-json\/wp\/v2\/posts\/23826\/revisions\/23830"}],"wp:featuredmedia":[{"embeddable":true,"href":"https:\/\/www.blogdomassinha.com.br\/v1\/wp-json\/wp\/v2\/media\/23828"}],"wp:attachment":[{"href":"https:\/\/www.blogdomassinha.com.br\/v1\/wp-json\/wp\/v2\/media?parent=23826"}],"wp:term":[{"taxonomy":"category","embeddable":true,"href":"https:\/\/www.blogdomassinha.com.br\/v1\/wp-json\/wp\/v2\/categories?post=23826"},{"taxonomy":"post_tag","embeddable":true,"href":"https:\/\/www.blogdomassinha.com.br\/v1\/wp-json\/wp\/v2\/tags?post=23826"}],"curies":[{"name":"wp","href":"https:\/\/api.w.org\/{rel}","templated":true}]}}