{"id":22244,"date":"2020-05-30T15:06:59","date_gmt":"2020-05-30T18:06:59","guid":{"rendered":"http:\/\/www.blogdomassinha.com.br\/v1\/?p=22244"},"modified":"2020-05-30T15:06:59","modified_gmt":"2020-05-30T18:06:59","slug":"moderna-senzala","status":"publish","type":"post","link":"https:\/\/www.blogdomassinha.com.br\/v1\/2020\/05\/30\/moderna-senzala\/","title":{"rendered":"Moderna Senzala"},"content":{"rendered":"<p class=\"p1\" style=\"text-align: justify;\"><a href=\"http:\/\/www.blogdomassinha.com.br\/v1\/wp-content\/uploads\/2020\/05\/37074400-1A7A-48E1-AEB2-990EA12AF06B.jpeg\" class=\"gallery_colorbox\"><img loading=\"lazy\" class=\"aligncenter size-medium wp-image-22245\" src=\"http:\/\/www.blogdomassinha.com.br\/v1\/wp-content\/uploads\/2020\/05\/37074400-1A7A-48E1-AEB2-990EA12AF06B-300x201.jpeg\"  alt=\"37074400-1A7A-48E1-AEB2-990EA12AF06B\" width=\"300\" height=\"201\" srcset=\"https:\/\/www.blogdomassinha.com.br\/v1\/wp-content\/uploads\/2020\/05\/37074400-1A7A-48E1-AEB2-990EA12AF06B-300x201.jpeg 300w, https:\/\/www.blogdomassinha.com.br\/v1\/wp-content\/uploads\/2020\/05\/37074400-1A7A-48E1-AEB2-990EA12AF06B.jpeg 600w\" sizes=\"(max-width: 300px) 100vw, 300px\" \/><\/a><\/p>\n<p class=\"p1\" style=\"text-align: justify;\"><span class=\"s1\">Rebuscando minhas mem\u00f3rias e as can\u00e7\u00f5es por ora adormecidas, resolvi fazer um registro de uma can\u00e7\u00e3o de d\u00e9cadas atr\u00e1s&#8230; Trata-se da m\u00fasica MODERNA SENZALA, composta em parceria com EDILSON DHIO, e por meio dela fazer uma homenagem a este meu amigo de inf\u00e2ncia. Amigo dos babas no campinho de terra da Couropeu, da adolesc\u00eancia por meio dos movimentos estudantis e pol\u00edticos (como a cria\u00e7\u00e3o da UMES, congressos etc), em seguida amigo pela arte, per\u00edodo em que mais nos aproximamos. Artista de grande compet\u00eancia e compositor de grandeza. Fizemos muitas parcerias juntos, v\u00e1rios jingles tamb\u00e9m; outras tantas ficaram por fazer&#8230;<\/span><\/p>\n<p class=\"p1\" style=\"text-align: justify;\"><span class=\"s1\">Para a finalidade de registrar esta can\u00e7\u00e3o, convidei outro m\u00fasico e amigo, TIAGO OCCILUPO, que tem no DNA da fam\u00edlia a m\u00fasica como heran\u00e7a natural. Primeiro, seu tio, Luizinho Oliveira, um ser \u00fanico, discreto e que, com sua timidez (que carrega at\u00e9 hoje), exerce um verdadeiro contraste com sua musicalidade firme e forte. Um baixista estudioso e excepcional, tocou com muitos artistas renomados: Lazzo, Luiz Caldas&#8230; Eu e Dhio tivemos o privil\u00e9gio de tocar com Luizinho tamb\u00e9m. O outro que influenciou diretamente ao Tiago e ao Lucas, foi o irm\u00e3o de Luizinho, Zi\u00ea, baterista seguro e firme &#8211; tocamos juntos e em seguida ele ganhou o mundo, tocando com Tonho Mat\u00e9ria e Jau Peri, com quem toca atualmente.<\/span><!--more--><\/p>\n<p class=\"p1\" style=\"text-align: justify;\"><span class=\"s1\">Nesse terreno f\u00e9rtil, brotaram Lucas e Tiago Occilupo, dois meninos extremamente musicais e competentes &#8211; quando est\u00e1vamos tocando juntos era uma seguran\u00e7a incr\u00edvel e vis\u00edvel, pela musicalidade dos dois, ainda muito jovens&#8230; Nossa cidade ficou pequena pra eles, ent\u00e3o ganharam o mundo: Terra<span class=\"Apple-converted-space\">\u00a0 <\/span>Samba, Jamil e v\u00e1rios outros artistas. O Tiago foi respirar novos ares, harmonizar e encantar outras plateias al\u00e9m da fronteira; ganhou a estrada, literalmente, e aterrissou sua luz musical nos holofotes da emissora Globo, por meio do programa \u201cS\u00f3 Toca Top\u201d (como m\u00fasico tecladista da banda que acompanha os artistas que se apresentam por l\u00e1).<\/span><\/p>\n<p class=\"p1\" style=\"text-align: justify;\"><span class=\"s1\">.Voltando ao convite que fiz ao Tiago, chamei-o para fazer o arranjo dessa can\u00e7\u00e3o, e ele me fez uma sugest\u00e3o que me deixou maravilhado, ele me prop\u00f4s: &#8220;Fala Nagib, Blz cara? Por que n\u00e3o convidar a galera que tocou com voc\u00ea e com Dhio pra gravarmos juntos?&#8221;. Da\u00ed foi sensacional escutar as sonoridades desses m\u00fasicos virtuosos que abrilhantaram nossas carreiras musicais.<\/span><\/p>\n<p class=\"p1\" style=\"text-align: justify;\"><span class=\"s1\">LUCIANO PP, m\u00fasico que tocou comigo, com Dhio, com quase todos os artistas da nossa querida cidade e com artistas como Dominguinhos. Luciano fez o baixo ficar mais firme na for\u00e7a da ret\u00f3rica que a m\u00fasica tem. <\/span><\/p>\n<p class=\"p1\" style=\"text-align: justify;\"><span class=\"s1\">Na bateria, seu irm\u00e3o LUCAS garantiu essa batida tribal que nos remete \u00e0 africanidade,<span class=\"Apple-converted-space\">\u00a0 <\/span>ancestralidade dos tambores de KOALLA, que tocou a percuss\u00e3o, este um grande<span class=\"Apple-converted-space\">\u00a0 <\/span>percussionista, que cravou seu nome nas principais grava\u00e7\u00f5es feitas por aqui nas terras de &#8220;mongoi\u00f3s e imbor\u00e9s&#8221;, como disse Dhiozinho&#8230;<\/span><\/p>\n<p class=\"p1\" style=\"text-align: justify;\"><span class=\"s1\">Na guitarra ele convidou LEO BRASILEIRO, que desde muito novinho era prod\u00edgio, atrevido, destemido, dedicado, sagaz, e n\u00e3o demoraria ganhar o mundo com sua pegada de guitarra swingada e sens\u00edvel&#8230; (Ali\u00e1s, n\u00e3o demorou para Veveta passar o olho no Leo e falar, &#8220;venha para a Banda do Bem&#8221;, que faz seu acompanhamento nos palcos do mundo.)<\/span><\/p>\n<p class=\"p1\" style=\"text-align: justify;\"><span class=\"s1\">O registro da minha voz e dos vocais, fizemos no est\u00fadio Luart, com o competente amigo Arthur. <\/span><\/p>\n<p class=\"p1\" style=\"text-align: justify;\"><span class=\"s1\">Nos vocais desta grava\u00e7\u00e3o, uma das mais competentes, CL\u00c1UDIA RIZO, mulher, m\u00e3e,<span class=\"Apple-converted-space\">\u00a0 <\/span>pai, filha e esp\u00edrito santo de bondade e musicalidade, que traz, na sua voz, a for\u00e7a do canto afro&#8230;<\/span><\/p>\n<p class=\"p1\" style=\"text-align: justify;\"><span class=\"s1\">MODERNA SENZALA: Infelizmente, uma can\u00e7\u00e3o que foi feita trinta anos atr\u00e1s mas ainda atual, a tem\u00e1tica da letra continua evidenciada em nossos dias, em que o rascismo \u00e9 recorrente, parece at\u00e9 que a can\u00e7\u00e3o foi feita hoje. &#8220;Pela favela o mesmo rufar dos tambores nos fala, na certeza de ter hoje aqui a senzala&#8221;. <\/span><\/p>\n<p class=\"p1\" style=\"text-align: justify;\"><span class=\"s1\">Segue o resultado desse registro musical, realizado pela for\u00e7a e atualidade da can\u00e7\u00e3o, e tamb\u00e9m para homenagear esse grande artista, meu parceiro e amigo, Adilson Dhio, filho de Dona Nice e seu Maroto. Um artista genuinamente conquistense que tanta falta nos faz com seus versos e can\u00e7\u00f5es. <\/span><\/p>\n<p class=\"p1\" style=\"text-align: justify;\"><span class=\"s1\">Como disse Edilson Dhio em um dos seus trabalhos: &#8220;Somos filhos dessa terra de chapadas e agrestes, deixe o meu sert\u00e3o falar por mim, de um povo altivo, hospitaleiro que t\u00fa \u00e9s, dos mongoi\u00f3s, dos patax\u00f3s, dos imbor\u00e9s, terra da fartura, ber\u00e7o da cultura de esperan\u00e7a e gra\u00e7a, meu peito se veste, orgulho de ser Sudoeste.&#8221; Alegria nossa de ter contado com todos esses citados filhos do sudoeste baiano para prestar essa homenagem.<\/span><\/p>\n<p class=\"p1\" style=\"text-align: justify;\"><span class=\"s1\">Tenho orgulho e gratid\u00e3o aos artistas e amigos que fazem minha caminhada mais leve pelo dom da arte que nos une e alimenta nossa alma.<\/span><\/p>\n<p class=\"p1\" style=\"text-align: justify;\"><span class=\"s1\">Nagib.<\/span><\/p>\n<p class=\"p1\" style=\"text-align: justify;\">\n<p><iframe loading=\"lazy\" width=\"500\" height=\"281\" src=\"https:\/\/www.youtube.com\/embed\/iWj48Mcg6NY?feature=oembed\" frameborder=\"0\" allow=\"accelerometer; autoplay; encrypted-media; gyroscope; picture-in-picture\" allowfullscreen><\/iframe><\/p>\n<p class=\"p1\" style=\"text-align: justify;\">\n","protected":false},"excerpt":{"rendered":"<p>Rebuscando minhas mem\u00f3rias e as can\u00e7\u00f5es por ora adormecidas, resolvi fazer um registro de uma can\u00e7\u00e3o de d\u00e9cadas atr\u00e1s&#8230; Trata-se da m\u00fasica MODERNA SENZALA, composta em parceria com EDILSON DHIO, e por meio dela fazer uma homenagem a este meu amigo de inf\u00e2ncia. Amigo dos babas no campinho de terra da Couropeu, da adolesc\u00eancia por [&hellip;]<\/p>\n","protected":false},"author":3,"featured_media":22245,"comment_status":"open","ping_status":"open","sticky":false,"template":"","format":"standard","meta":[],"categories":[7,1],"tags":[],"_links":{"self":[{"href":"https:\/\/www.blogdomassinha.com.br\/v1\/wp-json\/wp\/v2\/posts\/22244"}],"collection":[{"href":"https:\/\/www.blogdomassinha.com.br\/v1\/wp-json\/wp\/v2\/posts"}],"about":[{"href":"https:\/\/www.blogdomassinha.com.br\/v1\/wp-json\/wp\/v2\/types\/post"}],"author":[{"embeddable":true,"href":"https:\/\/www.blogdomassinha.com.br\/v1\/wp-json\/wp\/v2\/users\/3"}],"replies":[{"embeddable":true,"href":"https:\/\/www.blogdomassinha.com.br\/v1\/wp-json\/wp\/v2\/comments?post=22244"}],"version-history":[{"count":1,"href":"https:\/\/www.blogdomassinha.com.br\/v1\/wp-json\/wp\/v2\/posts\/22244\/revisions"}],"predecessor-version":[{"id":22246,"href":"https:\/\/www.blogdomassinha.com.br\/v1\/wp-json\/wp\/v2\/posts\/22244\/revisions\/22246"}],"wp:featuredmedia":[{"embeddable":true,"href":"https:\/\/www.blogdomassinha.com.br\/v1\/wp-json\/wp\/v2\/media\/22245"}],"wp:attachment":[{"href":"https:\/\/www.blogdomassinha.com.br\/v1\/wp-json\/wp\/v2\/media?parent=22244"}],"wp:term":[{"taxonomy":"category","embeddable":true,"href":"https:\/\/www.blogdomassinha.com.br\/v1\/wp-json\/wp\/v2\/categories?post=22244"},{"taxonomy":"post_tag","embeddable":true,"href":"https:\/\/www.blogdomassinha.com.br\/v1\/wp-json\/wp\/v2\/tags?post=22244"}],"curies":[{"name":"wp","href":"https:\/\/api.w.org\/{rel}","templated":true}]}}