{"id":21419,"date":"2020-03-24T18:11:39","date_gmt":"2020-03-24T21:11:39","guid":{"rendered":"http:\/\/www.blogdomassinha.com.br\/v1\/?p=21419"},"modified":"2020-03-24T18:11:39","modified_gmt":"2020-03-24T21:11:39","slug":"hoje-no-agito-geral-aloisio-alan-giorlando-lima-fabio-sena-matheus-silveira-e-mauricio-sena","status":"publish","type":"post","link":"https:\/\/www.blogdomassinha.com.br\/v1\/2020\/03\/24\/hoje-no-agito-geral-aloisio-alan-giorlando-lima-fabio-sena-matheus-silveira-e-mauricio-sena\/","title":{"rendered":"Hoje no Agito Geral: Alo\u00edsio Alan, Giorlando Lima, F\u00e1bio Sena, Matheus Silveira e Maur\u00edcio Sena"},"content":{"rendered":"<p style=\"text-align: justify;\"><a href=\"http:\/\/www.blogdomassinha.com.br\/v1\/wp-content\/uploads\/2020\/03\/IMG_20200324_181200_compress30.jpg\" class=\"gallery_colorbox\"><img loading=\"lazy\" class=\"aligncenter size-medium wp-image-21420\" src=\"http:\/\/www.blogdomassinha.com.br\/v1\/wp-content\/uploads\/2020\/03\/IMG_20200324_181200_compress30-300x300.jpg\"  alt=\"IMG_20200324_181200_compress30\" width=\"300\" height=\"300\" srcset=\"https:\/\/www.blogdomassinha.com.br\/v1\/wp-content\/uploads\/2020\/03\/IMG_20200324_181200_compress30-300x300.jpg 300w, https:\/\/www.blogdomassinha.com.br\/v1\/wp-content\/uploads\/2020\/03\/IMG_20200324_181200_compress30-150x150.jpg 150w, https:\/\/www.blogdomassinha.com.br\/v1\/wp-content\/uploads\/2020\/03\/IMG_20200324_181200_compress30-1024x1024.jpg 1024w, https:\/\/www.blogdomassinha.com.br\/v1\/wp-content\/uploads\/2020\/03\/IMG_20200324_181200_compress30.jpg 1564w\" sizes=\"(max-width: 300px) 100vw, 300px\" \/><\/a><\/p>\n<p style=\"text-align: justify;\">O nosso programa traz hoje aos nossos ouvintes convidados especiais para oferecer diversas opini\u00f5es sobre o momento que estamos vivendo. Suas falas, com certeza, contribuir\u00e3o para que todos n\u00f3s possamos ter um norte, um caminho mais seguro, possamos enxergar uma luz que nos clareie e sirva para dissipar essa nuvem negra que insiste em permanecer em nossa frente. Tudo passar\u00e1, cremos nisso. Que os nossos convidados estejam com esp\u00edrito de f\u00e9, na expectativa de que vivemos um momento de transi\u00e7\u00e3o, de buscas, e sempre na certeza de dias melhores. Sempre que posso converso com eles. Boto a maior f\u00e9 nos cinco.<br \/>\nO Agito Geral come\u00e7a \u00e0s 19h, via Transam\u00e9rica 100,1.<\/p>\n","protected":false},"excerpt":{"rendered":"<p>O nosso programa traz hoje aos nossos ouvintes convidados especiais para oferecer diversas opini\u00f5es sobre o momento que estamos vivendo. Suas falas, com certeza, contribuir\u00e3o para que todos n\u00f3s possamos ter um norte, um caminho mais seguro, possamos enxergar uma luz que nos clareie e sirva para dissipar essa nuvem negra que insiste em permanecer [&hellip;]<\/p>\n","protected":false},"author":3,"featured_media":21420,"comment_status":"open","ping_status":"open","sticky":false,"template":"","format":"standard","meta":[],"categories":[7,1],"tags":[],"_links":{"self":[{"href":"https:\/\/www.blogdomassinha.com.br\/v1\/wp-json\/wp\/v2\/posts\/21419"}],"collection":[{"href":"https:\/\/www.blogdomassinha.com.br\/v1\/wp-json\/wp\/v2\/posts"}],"about":[{"href":"https:\/\/www.blogdomassinha.com.br\/v1\/wp-json\/wp\/v2\/types\/post"}],"author":[{"embeddable":true,"href":"https:\/\/www.blogdomassinha.com.br\/v1\/wp-json\/wp\/v2\/users\/3"}],"replies":[{"embeddable":true,"href":"https:\/\/www.blogdomassinha.com.br\/v1\/wp-json\/wp\/v2\/comments?post=21419"}],"version-history":[{"count":1,"href":"https:\/\/www.blogdomassinha.com.br\/v1\/wp-json\/wp\/v2\/posts\/21419\/revisions"}],"predecessor-version":[{"id":21421,"href":"https:\/\/www.blogdomassinha.com.br\/v1\/wp-json\/wp\/v2\/posts\/21419\/revisions\/21421"}],"wp:featuredmedia":[{"embeddable":true,"href":"https:\/\/www.blogdomassinha.com.br\/v1\/wp-json\/wp\/v2\/media\/21420"}],"wp:attachment":[{"href":"https:\/\/www.blogdomassinha.com.br\/v1\/wp-json\/wp\/v2\/media?parent=21419"}],"wp:term":[{"taxonomy":"category","embeddable":true,"href":"https:\/\/www.blogdomassinha.com.br\/v1\/wp-json\/wp\/v2\/categories?post=21419"},{"taxonomy":"post_tag","embeddable":true,"href":"https:\/\/www.blogdomassinha.com.br\/v1\/wp-json\/wp\/v2\/tags?post=21419"}],"curies":[{"name":"wp","href":"https:\/\/api.w.org\/{rel}","templated":true}]}}